{"id":34656,"date":"2024-08-13T12:52:48","date_gmt":"2024-08-13T10:52:48","guid":{"rendered":"https:\/\/sw-osterfeine.de\/?p=34656"},"modified":"2024-08-13T12:52:50","modified_gmt":"2024-08-13T10:52:50","slug":"sw-osterfeine-ii-1-spieltag-2024-2025","status":"publish","type":"post","link":"https:\/\/sw-osterfeine.de\/?p=34656","title":{"rendered":"SW Osterfeine II &#8211; 1. Spieltag 2024\/2025"},"content":{"rendered":"\n<ol>\n<li><strong> Spieltag: SVC &#8211; SWO II<\/strong><\/li>\n<\/ol>\n<p>Dass Erfolg in erster Linie auf einer guten Vorbereitung basiert, zeigten die Olympiasieger von Paris. Auch wir arbeiteten Woche f\u00fcr Woche hart an unserer Kondition und an unseren Grundlagen. Nach allen Regeln der Kunst rundet ein Teamevent dieses ab. Uns zog es zum Motorsport nach Osnabr\u00fcck. Jakob Olberding raste in seinem e-Kart allen davon. Die schnellste Runde fuhr Henning Bley(fu\u00df). Am n\u00e4chsten Tag folgte bereits der n\u00e4chste Ausflug: Punktspiel bei SV Carum.<\/p>\n<p>Aufstellung:<\/p>\n<ol>\n<li>Bergmann &#8211; M. Lamping, H. Bley, J. Kohake &#8211; F. Deters, E. Schulte, J. Heye-Enneking (65&#8242; M. M\u00fcnch), J. Olberding (80&#8242; F. gr. Hackmann), C.-B. St\u00e4rk &#8211; L. Grote (72&#8242; J. L\u00fcbbehusen), J. Krebeck (60&#8242; T. Kreinest)<\/li>\n<\/ol>\n<p>Tore:<\/p>\n<p>07&#8242; 1:0 J. Krebeck<\/p>\n<p>34&#8242; 2:0 L. Grote<\/p>\n<p>37&#8242; 3:0 H. Bley<\/p>\n<p>70&#8242; 3:1 #26<\/p>\n<p>Die Freilichtauswechselbank in Carum bietet hervorragend Platz f\u00fcr ein Sommerspiel und das begann gleich sehr gut. Ein fantastischer Ball von Jan Bergmann auf CBS, der Krebel schickte und der wiederum sich unnachahmlich durchsetzte und gekonnt den Torwart d\u00fcpierte. Beim n\u00e4chsten Treffer brauchte Grotex den Ball nur noch ins Tor schieben (nach 1 gg. 1 Krebel vs Keeper). Der dritte Treffer fiel nach einer Freisto\u00dfkanone aus gut 25m vom Eingangs erw\u00e4hnten Bley(fu\u00df). Zudem entsch\u00e4rfte Bergmann in der 62. Min. einen Foulelfmeter. Der Gegentreffer fiel sp\u00e4ter im Nachschuss einer Ecke.<\/p>\n<p>Auch wenn noch nicht alles klappte und gelang und nicht alle Vorgaben umgesetzt wurden, darf die Mannschaft zufrieden mit dem 1. Spiel sein. Besonders in der 1. Halbzeit waren wir mit unseren Offensivaktionen brandgef\u00e4hrlich. Gl\u00fcck hatten wir indes bei ein paar kl\u00e4glich vergegeben Carumer Torchancen.<\/p>\n<p>Die Saison ist er\u00f6ffnet und seit nun 22 Ligaspielen sind wir ungeschlagen. Aber wer z\u00e4hlt das schon. Weiter geht&#8217;s am 25.08.24 mit Spieltag 2. Wir freuen uns auf VfL Oythe III.<\/p>\n<p>#erstklassige #zweite<\/p>\n","protected":false},"excerpt":{"rendered":"<p>Spieltag: SVC &#8211; SWO II Dass Erfolg in erster Linie auf einer guten Vorbereitung basiert, zeigten die Olympiasieger von Paris. Auch wir arbeiteten Woche f\u00fcr Woche hart an unserer Kondition und an unseren Grundlagen. Nach allen Regeln der Kunst rundet ein Teamevent dieses ab. Uns zog es zum Motorsport nach Osnabr\u00fcck. Jakob Olberding raste in [&hellip;]<\/p>\n","protected":false},"author":3,"featured_media":0,"comment_status":"closed","ping_status":"closed","sticky":false,"template":"","format":"standard","meta":{"footnotes":""},"categories":[3],"tags":[],"_links":{"self":[{"href":"https:\/\/sw-osterfeine.de\/index.php?rest_route=\/wp\/v2\/posts\/34656"}],"collection":[{"href":"https:\/\/sw-osterfeine.de\/index.php?rest_route=\/wp\/v2\/posts"}],"about":[{"href":"https:\/\/sw-osterfeine.de\/index.php?rest_route=\/wp\/v2\/types\/post"}],"author":[{"embeddable":true,"href":"https:\/\/sw-osterfeine.de\/index.php?rest_route=\/wp\/v2\/users\/3"}],"replies":[{"embeddable":true,"href":"https:\/\/sw-osterfeine.de\/index.php?rest_route=%2Fwp%2Fv2%2Fcomments&post=34656"}],"version-history":[{"count":1,"href":"https:\/\/sw-osterfeine.de\/index.php?rest_route=\/wp\/v2\/posts\/34656\/revisions"}],"predecessor-version":[{"id":34657,"href":"https:\/\/sw-osterfeine.de\/index.php?rest_route=\/wp\/v2\/posts\/34656\/revisions\/34657"}],"wp:attachment":[{"href":"https:\/\/sw-osterfeine.de\/index.php?rest_route=%2Fwp%2Fv2%2Fmedia&parent=34656"}],"wp:term":[{"taxonomy":"category","embeddable":true,"href":"https:\/\/sw-osterfeine.de\/index.php?rest_route=%2Fwp%2Fv2%2Fcategories&post=34656"},{"taxonomy":"post_tag","embeddable":true,"href":"https:\/\/sw-osterfeine.de\/index.php?rest_route=%2Fwp%2Fv2%2Ftags&post=34656"}],"curies":[{"name":"wp","href":"https:\/\/api.w.org\/{rel}","templated":true}]}}