{"id":34667,"date":"2024-08-14T10:02:45","date_gmt":"2024-08-14T08:02:45","guid":{"rendered":"https:\/\/sw-osterfeine.de\/?p=34667"},"modified":"2024-08-14T10:02:46","modified_gmt":"2024-08-14T08:02:46","slug":"ben-wolfram-verewigt-sw-osterfeine-in-kolumbien","status":"publish","type":"post","link":"https:\/\/sw-osterfeine.de\/?p=34667","title":{"rendered":"Ben Wolfram verewigt SW Osterfeine in Kolumbien"},"content":{"rendered":"\n<p><a href=\"https:\/\/sw-osterfeine.de\/wp-content\/uploads\/2024\/08\/IMG-20240814-WA0000.jpg\" data-rel=\"lightbox-image-0\" data-rl_title=\"\" data-rl_caption=\"\" title=\"\"><img loading=\"lazy\" decoding=\"async\" class=\"wp-image-34668 aligncenter\" src=\"https:\/\/sw-osterfeine.de\/wp-content\/uploads\/2024\/08\/IMG-20240814-WA0000-693x1024.jpg\" alt=\"\" width=\"328\" height=\"485\" srcset=\"https:\/\/sw-osterfeine.de\/wp-content\/uploads\/2024\/08\/IMG-20240814-WA0000-693x1024.jpg 693w, https:\/\/sw-osterfeine.de\/wp-content\/uploads\/2024\/08\/IMG-20240814-WA0000-203x300.jpg 203w, https:\/\/sw-osterfeine.de\/wp-content\/uploads\/2024\/08\/IMG-20240814-WA0000-768x1135.jpg 768w, https:\/\/sw-osterfeine.de\/wp-content\/uploads\/2024\/08\/IMG-20240814-WA0000-1040x1536.jpg 1040w, https:\/\/sw-osterfeine.de\/wp-content\/uploads\/2024\/08\/IMG-20240814-WA0000.jpg 1083w\" sizes=\"(max-width: 328px) 100vw, 328px\" \/><\/a><\/p>\n<p><strong>Der Bekanntheitsgrad von SW Osterfeine nimmt mittlerweile ungeahnte internationale Ma\u00dfst\u00e4be an.<\/strong><\/p>\n<p><strong>Unser ehemaliger FSJler Ben Wolfram hinterlie\u00df w\u00e4hrend seines Studiums in Kolumbien den beliebten OSV-Aufkleber an einer pr\u00e4gnanten Stelle in S\u00fcdamerika.<\/strong><\/p>\n<p><strong>Danke Ben, dass Du den Namen von SW Osterfeine in Kolumbien zu einem Begriff gemacht hast!!!!<\/strong><\/p>\n","protected":false},"excerpt":{"rendered":"<p>Der Bekanntheitsgrad von SW Osterfeine nimmt mittlerweile ungeahnte internationale Ma\u00dfst\u00e4be an. Unser ehemaliger FSJler Ben Wolfram hinterlie\u00df w\u00e4hrend seines Studiums in Kolumbien den beliebten OSV-Aufkleber an einer pr\u00e4gnanten Stelle in S\u00fcdamerika. Danke Ben, dass Du den Namen von SW Osterfeine in Kolumbien zu einem Begriff gemacht hast!!!!<\/p>\n","protected":false},"author":3,"featured_media":0,"comment_status":"closed","ping_status":"closed","sticky":false,"template":"","format":"standard","meta":{"footnotes":""},"categories":[92],"tags":[],"_links":{"self":[{"href":"https:\/\/sw-osterfeine.de\/index.php?rest_route=\/wp\/v2\/posts\/34667"}],"collection":[{"href":"https:\/\/sw-osterfeine.de\/index.php?rest_route=\/wp\/v2\/posts"}],"about":[{"href":"https:\/\/sw-osterfeine.de\/index.php?rest_route=\/wp\/v2\/types\/post"}],"author":[{"embeddable":true,"href":"https:\/\/sw-osterfeine.de\/index.php?rest_route=\/wp\/v2\/users\/3"}],"replies":[{"embeddable":true,"href":"https:\/\/sw-osterfeine.de\/index.php?rest_route=%2Fwp%2Fv2%2Fcomments&post=34667"}],"version-history":[{"count":1,"href":"https:\/\/sw-osterfeine.de\/index.php?rest_route=\/wp\/v2\/posts\/34667\/revisions"}],"predecessor-version":[{"id":34669,"href":"https:\/\/sw-osterfeine.de\/index.php?rest_route=\/wp\/v2\/posts\/34667\/revisions\/34669"}],"wp:attachment":[{"href":"https:\/\/sw-osterfeine.de\/index.php?rest_route=%2Fwp%2Fv2%2Fmedia&parent=34667"}],"wp:term":[{"taxonomy":"category","embeddable":true,"href":"https:\/\/sw-osterfeine.de\/index.php?rest_route=%2Fwp%2Fv2%2Fcategories&post=34667"},{"taxonomy":"post_tag","embeddable":true,"href":"https:\/\/sw-osterfeine.de\/index.php?rest_route=%2Fwp%2Fv2%2Ftags&post=34667"}],"curies":[{"name":"wp","href":"https:\/\/api.w.org\/{rel}","templated":true}]}}