{"id":34691,"date":"2024-08-15T10:48:36","date_gmt":"2024-08-15T08:48:36","guid":{"rendered":"https:\/\/sw-osterfeine.de\/?p=34691"},"modified":"2024-08-15T10:48:38","modified_gmt":"2024-08-15T08:48:38","slug":"a-jugend-vorbereitungsbericht","status":"publish","type":"post","link":"https:\/\/sw-osterfeine.de\/?p=34691","title":{"rendered":"A-Jugend Vorbereitungsbericht"},"content":{"rendered":"\n<p>Ziemlich genau 4 Wochen lagen f\u00fcr den j\u00fcngeren Jahrgang der diesj\u00e4hrigen A-Jugend zwischen dem vers\u00f6hnlichen Ende der B-Jugend Bezirksliga (2:1 Heimsieg gegen den Tabellenzweiten aus Ganderkesee) und dem Start in die Vorbereitung auf die Saison 2024\/25. In dem Jahr, in dem sich SW Osterfeine sowohl im Herren-, als auch im Jugendbereich vorerst aus der Bezirksliga verabschiedet hat, sollte nun der Grundstein daf\u00fcr gelegt werden, dass es in der Spielzeit 2025\/26 sowohl im Herrenbereich (wir glauben an euch, M\u00e4nner!), als auch im Jugendbereich wieder Fu\u00dfball auf Bezirksebene zu sehen gibt.<\/p>\n<p>Ein kurzer Blick auf die Kaderliste reichte aus, um zu beschlie\u00dfen, dass SW Osterfeine in diesem Jahr entgegen des aktuellen Trends zu immer mehr Spielgemeinschaften und Neunermannschaften nicht nur eine, sondern zwei 11er-Teams in der Kreisliga antreten lassen wird. Diese Entscheidung basiert ma\u00dfgeblich auf dem absoluten Vertrauen in die Zuverl\u00e4ssigkeit der Spieler dieser Jahrg\u00e4nge und der \u00dcberzeugung, dass beide Mannschaften in der Kreisliga nicht nur mithalten, sondern eine gute Rolle spielen k\u00f6nnen.<\/p>\n<p>Wie wichtig diese Zuverl\u00e4ssigkeit sein wird mussten wir im Laufe der Vorbereitung feststellen\u2026 Durch eine Vielzahl an Verletzungen aus der vergangenen Saison, der Sommerpause und den ersten Trainingswochen wurde unser Gesamtkader in Verbindung mit der Urlaubszeit in den ersten Testspielen m\u00e4chtig auf die Probe gestellt. Da wir in diesen aber als ein Team antraten mussten wir gl\u00fccklicherweise kein Spiel ausfallen lassen und konnten stattdessen alle verf\u00fcgbaren Spieler mit reichlich Spielzeit versorgen.<\/p>\n<p>16 Trainingseinheiten und Testspiele stehen so bis zum ersten Pflichtspiel (Pokal gegen Brockdorf II) innerhalb von vier Wochen zu Buche, in denen hart gearbeitet und an unserer Art Fu\u00dfball zu spielen gefeilt wurde. Gerade zu Beginn befand sich noch ordentlich Sand im Getriebe und die Spiele gegen die enorm starke Bezirksligamannschaft der JSG Stemweder Berg (9:0 Niederlage), sowie die Zweitvertretung des Lokalrivalen aus Damme (Kreisliga) im Rahmen des Runden Talent Cup (Niederlage im Elfmeterschie\u00dfen nach 5:5 in der regul\u00e4ren Spielzeit) dienten eher der Suche nach Baustellen, als dem Aufbau von Selbstvertrauen. Insbesondere zweiteres Spiel lie\u00df allerdings auch erahnen, wozu diese Mannschaft in der Lage ist. Schlie\u00dflich konnten wir nach 1:4 R\u00fcckstand in der 55. Minute noch eine ordentliche Aufholjagd starten.<\/p>\n<p>Nur einen Tag sp\u00e4ter machten die Jungs genau da weiter, wo sie gegen Damme in den letzten Minuten aufgeh\u00f6rt hatten. Mit 7:2 wurden die G\u00e4ste der JSG Essen\/Bunnen (Kreisliga) an die Wand gespielt. Auch in diesem Spiel war sicher nicht alles perfekt, eine deutliche Steigerung war aber dennoch zu erkennen.<\/p>\n<p>Eine Woche sp\u00e4ter absolvierten wir ein internes Trainingslager auf dem Heimischen Sportgel\u00e4nde. \u00dcbernachtung im Fitnessraum, gemeinsames Fr\u00fchst\u00fcck und Mittag- (vielen Dank an das Team von Petra Macke f\u00fcr die Mittagsbewirtung) und Abendessen (feinste Mantaplatten von Petra, Uschi und Maria) rahmten anstrengende Trainingseinheiten und Testspiele (4:3 Sieg gegen die Bezirksligatruppe der JSG Neuenkirchen-V\u00f6rden und 2:2 gegen den ambitionierten Kreisligisten des TSV Ganderkesee) ein. Letzteres Spiel wurde parallel von der RPLC, einem Unternehmen der Runden Group, aufgenommen und kann von Interessierten als Zusammenschnitt auf den Social Media Kan\u00e4len bewundert werden (vielen Dank daf\u00fcr!).<\/p>\n<p>Nach diesen intensiven Wochen, in denen ein Teil der Jungs sogar zus\u00e4tzlich noch die 1. Herren im Training und in Testspielen unterst\u00fctzte, sehen wir uns gut vorbereitet auf unseren Pokalgegner GW Brockdorf II. Am 10.08. um 16:30 Uhr wollen wir zeigen, welches Potenzial in diesem Kader steckt und trotz der verletzungs- und terminbedingten Ausf\u00e4lle diverser Leistungstr\u00e4ger ein Feuerwerk auf dem Kl\u00fcnenberg abbrennen. Im der nachfolgenden Woche werden wir dann ein weiteres Mal gegen die JSG Stemweder Berg antreten und uns dieses Mal hoffentlich wesentlich besser schlagen, ehe wir am 17.08. um 15 Uhr unsere Generalprobe gegen die JSG Mittwald-Isenstedt betreiten. Eine Woche sp\u00e4ter beginnt dann der ernst der Liga, wenn um 16:30 Uhr die 1. A-Jugend (vorrangig \u00e4lterer Jahrgang) zuhause gegen BW Lohne II antritt und zeitgleich die 2. A-Jugend (j\u00fcngerer Jahrgang) ausw\u00e4rts ihr erstes Pflichtspiel gegen unseren Pokalgegner GW Brockdorf II austr\u00e4gt.<\/p>\n<p>Schon jetzt m\u00f6chten wir an alle treuen Fans des SWO appellieren: Nutzt die Gelegenheit in dieser Saison gleich zwei A-Jugend Kreisligisten anfeuern zu k\u00f6nnen! Es wird kaum ein Wochenende geben, an dem es kein Heimspiel dieser Jungs zu sehen gibt. Und ein besonderes Highlight wartet am 19.10. auf uns. An diesem Tag hei\u00dft es SW Osterfeine gegen SW Osterfeine II mit anschlie\u00dfender Feiergarantie!<\/p>\n<p>Mit freundlichen Gr\u00fc\u00dfen<\/p>\n<p>Coach P.<\/p>\n","protected":false},"excerpt":{"rendered":"<p>Ziemlich genau 4 Wochen lagen f\u00fcr den j\u00fcngeren Jahrgang der diesj\u00e4hrigen A-Jugend zwischen dem vers\u00f6hnlichen Ende der B-Jugend Bezirksliga (2:1 Heimsieg gegen den Tabellenzweiten aus Ganderkesee) und dem Start in die Vorbereitung auf die Saison 2024\/25. In dem Jahr, in dem sich SW Osterfeine sowohl im Herren-, als auch im Jugendbereich vorerst aus der Bezirksliga [&hellip;]<\/p>\n","protected":false},"author":3,"featured_media":0,"comment_status":"closed","ping_status":"closed","sticky":false,"template":"","format":"standard","meta":{"footnotes":""},"categories":[3],"tags":[],"_links":{"self":[{"href":"https:\/\/sw-osterfeine.de\/index.php?rest_route=\/wp\/v2\/posts\/34691"}],"collection":[{"href":"https:\/\/sw-osterfeine.de\/index.php?rest_route=\/wp\/v2\/posts"}],"about":[{"href":"https:\/\/sw-osterfeine.de\/index.php?rest_route=\/wp\/v2\/types\/post"}],"author":[{"embeddable":true,"href":"https:\/\/sw-osterfeine.de\/index.php?rest_route=\/wp\/v2\/users\/3"}],"replies":[{"embeddable":true,"href":"https:\/\/sw-osterfeine.de\/index.php?rest_route=%2Fwp%2Fv2%2Fcomments&post=34691"}],"version-history":[{"count":1,"href":"https:\/\/sw-osterfeine.de\/index.php?rest_route=\/wp\/v2\/posts\/34691\/revisions"}],"predecessor-version":[{"id":34692,"href":"https:\/\/sw-osterfeine.de\/index.php?rest_route=\/wp\/v2\/posts\/34691\/revisions\/34692"}],"wp:attachment":[{"href":"https:\/\/sw-osterfeine.de\/index.php?rest_route=%2Fwp%2Fv2%2Fmedia&parent=34691"}],"wp:term":[{"taxonomy":"category","embeddable":true,"href":"https:\/\/sw-osterfeine.de\/index.php?rest_route=%2Fwp%2Fv2%2Fcategories&post=34691"},{"taxonomy":"post_tag","embeddable":true,"href":"https:\/\/sw-osterfeine.de\/index.php?rest_route=%2Fwp%2Fv2%2Ftags&post=34691"}],"curies":[{"name":"wp","href":"https:\/\/api.w.org\/{rel}","templated":true}]}}