{"id":34767,"date":"2024-08-16T12:15:26","date_gmt":"2024-08-16T10:15:26","guid":{"rendered":"https:\/\/sw-osterfeine.de\/?p=34767"},"modified":"2024-08-19T09:33:47","modified_gmt":"2024-08-19T07:33:47","slug":"vorbereitung-1-d-jugend-sw-osterfeine","status":"publish","type":"post","link":"https:\/\/sw-osterfeine.de\/?p=34767","title":{"rendered":"Vorbereitung 1. D-Jugend SW Osterfeine"},"content":{"rendered":"\n<p>Insgesamt sind f\u00fcr die D-Jugend Mannschaften 36 Spieler vorhanden, die in 3 Teams zu je 12 Spielern eingeteilt wurden. Die 1. Mannschaft hier beim Vorbereitungsturnier in Holdorf, wo sie den 2. Platz belegen konnte:<\/p>\n<p><a href=\"https:\/\/sw-osterfeine.de\/wp-content\/uploads\/2024\/08\/D1.jpg\" data-rel=\"lightbox-image-0\" data-rl_title=\"\" data-rl_caption=\"\" title=\"\"><img loading=\"lazy\" decoding=\"async\" class=\"alignleft  wp-image-34768\" src=\"https:\/\/sw-osterfeine.de\/wp-content\/uploads\/2024\/08\/D1-768x1024.jpg\" alt=\"\" width=\"458\" height=\"611\" srcset=\"https:\/\/sw-osterfeine.de\/wp-content\/uploads\/2024\/08\/D1-768x1024.jpg 768w, https:\/\/sw-osterfeine.de\/wp-content\/uploads\/2024\/08\/D1-225x300.jpg 225w, https:\/\/sw-osterfeine.de\/wp-content\/uploads\/2024\/08\/D1-1152x1536.jpg 1152w, https:\/\/sw-osterfeine.de\/wp-content\/uploads\/2024\/08\/D1.jpg 1200w\" sizes=\"(max-width: 458px) 100vw, 458px\" \/><\/a><\/p>\n<p>\u00a0<\/p>\n<p>\u00a0<\/p>\n<p>\u00a0<\/p>\n<p>\u00a0<\/p>\n<p>\u00a0<\/p>\n<p>\u00a0<\/p>\n<p>\u00a0<\/p>\n<p>\u00a0<\/p>\n<p>\u00a0<\/p>\n<p>\u00a0<\/p>\n<p>\u00a0<\/p>\n<p>\u00a0<\/p>\n<p>Vorne: Henri B\u00f6ckmann<\/p>\n<p>Kniend von links: Jasper Lapke, Henning Deters, Ole von der Heide, Paul Enneking<\/p>\n<p>Stehend von links: Johann Otte, Jan von der Heide, Hannes Gieskemeyer, Hugo St\u00e4rk, Luis\u00a0Klanke, Michel Escher<\/p>\n<p>Dahinter: Trainer Bernd Escher und Co Bernd L\u00fcbbehusen<\/p>\n<p>Es fehlt: Paul Kuhlmann<\/p>\n<p>\u00a0<\/p>\n<p>\u00a0<\/p>\n<p>Die Fu\u00dfballer der 1. D-Jugend starteten in den Sommerferien in die Vorbereitung, die durch Ameland-Fahrt und Kurzurlaube jedoch erst ein paar Tage vor Schulbeginn richtig an Fahrt aufnehmen konnte.<\/p>\n<p>Die Spieler zeigten sich in den ersten Einheiten h\u00f6chstmotiviert, mit hohem Einsatz bei den Trainingseinheiten und den Testspielen. Die Bereitschaft der Jungs in jeder \u00dcbung an die Grenze zu gehen ist bemerkenswert und spiegelt sich so auch im Leistungsfortschritt wieder.<\/p>\n<p>In Holdorf, auf dem MCDonalds Cup, konnte die Mannschaft erstmals in ihrer neuen Besetzung zusammenspielen und durchaus \u00fcberzeugen. In sechs Spielen zu je 15 Minuten war dies auch konditionell eine wertvolle Einheit. Lediglich dem SFN Vechta musste man sich zweimal geschlagen geben, die weiteren 4 Spiele (Holdorf\/Langenberg, M\u00fchlen, Damme, JSG\u00a0BaCaL\u00fc) wurden gewonnen.<\/p>\n<p>Auf dieses erste Einspielen folgte ein <strong>Testspiel<\/strong> gegen den <strong>TV Bohmte<\/strong>. Auch hier zeigte sich, dass Vorbereitungsspiele im Sommer absolut erforderlich sind, damit die neu zusammengesetzten Mannschaften sich auf dem Platz mit P\u00e4ssen und Laufwegen kennenlernen. Nach anf\u00e4nglichen Schwierigkeiten konnten wir am Ende souver\u00e4n mit 6:1 bei 6 verschiedenen Torsch\u00fctzen gewinnen. Es zeigte sich, dass man konditionell und spielerisch bereits auf einem guten Niveau war.<!--more--><\/p>\n<p>Dies war auch durchaus erforderlich, denn das erste Pflichtspiel in der <strong>1. Runde des Kreispokals<\/strong> sollte kurz darauf anstehen. Hier bekamen wir es ausw\u00e4rts mit dem <strong>SFN Vechta<\/strong> zu tun, die uns beim Vorbereitungsturnier zweimal geschlagen hatten. Dies sollte ihnen jedoch nicht wieder gelingen, denn die Jungs legten von Anfang an konzentriert und engagiert los. Vechta kam nicht recht ins Spiel und wir konnten mit Tempo und spielerischer Qualit\u00e4t das Spiel auf unsere Seite ziehen. Was dann kam, k\u00f6nnte man als \u201eOle-von-der-Heide-Show\u201c bezeichnen, der heute in bestechender Form war. Er brachte unsere Mannschaft in der 15., 17. und 28. Minute mit einem lupenreinem Hattrick zur 3:0 Pausenf\u00fchrung in Front.<\/p>\n<p>Nach der Pause waren wir auf einen w\u00fctenden Ansturm der Vechtaer gefasst, mussten dennoch in der 32. den Anschlusstreffer zum 1:3 hinnehmen. Nur kurz sp\u00e4ter brachte Luis Klanke (36.) uns wieder auf drei Tore in F\u00fchrung. Luis legte auch die n\u00e4chsten beiden Tore auf, die wiederum Ole von der Heide gelangen (37. und 39.) und der somit mit 5 Toren zum Matchwinner avancierte.<\/p>\n<p>Eine tolle Leistung die uns in die n\u00e4chste Runde im Pokal bringt, insbesondere vor dem Hintergrund, dass keine 5 Tage vorher zwei Kurzspiele gegen dieses Team verloren gingen.<\/p>\n<p>Nach dem Pflichtspielauftakt bleiben noch 14 Tage bis zum Saisonauftakt in der Kreisliga am 23.08. gegen Falke Steinfeld. Die Wartezeit \u00fcberbr\u00fcckten wir am vergangenen Samstag, 10.08., mit einem <strong>Test<\/strong> bei der <strong>JSG Sulingen<\/strong>, wo wir nach einem 1:1 zur Pause das Spiel zum Ende hin mit 4:1 f\u00fcr uns gestalten konnten (1 Tor Luis, 3 Tore Ole).<\/p>\n","protected":false},"excerpt":{"rendered":"<p>Insgesamt sind f\u00fcr die D-Jugend Mannschaften 36 Spieler vorhanden, die in 3 Teams zu je 12 Spielern eingeteilt wurden. Die 1. Mannschaft hier beim Vorbereitungsturnier in Holdorf, wo sie den 2. Platz belegen konnte: \u00a0 \u00a0 \u00a0 \u00a0 \u00a0 \u00a0 \u00a0 \u00a0 \u00a0 \u00a0 \u00a0 \u00a0 Vorne: Henri B\u00f6ckmann Kniend von links: Jasper Lapke, Henning [&hellip;]<\/p>\n","protected":false},"author":3,"featured_media":0,"comment_status":"closed","ping_status":"closed","sticky":false,"template":"","format":"standard","meta":{"footnotes":""},"categories":[3],"tags":[],"_links":{"self":[{"href":"https:\/\/sw-osterfeine.de\/index.php?rest_route=\/wp\/v2\/posts\/34767"}],"collection":[{"href":"https:\/\/sw-osterfeine.de\/index.php?rest_route=\/wp\/v2\/posts"}],"about":[{"href":"https:\/\/sw-osterfeine.de\/index.php?rest_route=\/wp\/v2\/types\/post"}],"author":[{"embeddable":true,"href":"https:\/\/sw-osterfeine.de\/index.php?rest_route=\/wp\/v2\/users\/3"}],"replies":[{"embeddable":true,"href":"https:\/\/sw-osterfeine.de\/index.php?rest_route=%2Fwp%2Fv2%2Fcomments&post=34767"}],"version-history":[{"count":3,"href":"https:\/\/sw-osterfeine.de\/index.php?rest_route=\/wp\/v2\/posts\/34767\/revisions"}],"predecessor-version":[{"id":34786,"href":"https:\/\/sw-osterfeine.de\/index.php?rest_route=\/wp\/v2\/posts\/34767\/revisions\/34786"}],"wp:attachment":[{"href":"https:\/\/sw-osterfeine.de\/index.php?rest_route=%2Fwp%2Fv2%2Fmedia&parent=34767"}],"wp:term":[{"taxonomy":"category","embeddable":true,"href":"https:\/\/sw-osterfeine.de\/index.php?rest_route=%2Fwp%2Fv2%2Fcategories&post=34767"},{"taxonomy":"post_tag","embeddable":true,"href":"https:\/\/sw-osterfeine.de\/index.php?rest_route=%2Fwp%2Fv2%2Ftags&post=34767"}],"curies":[{"name":"wp","href":"https:\/\/api.w.org\/{rel}","templated":true}]}}