{"id":34781,"date":"2024-08-19T09:17:38","date_gmt":"2024-08-19T07:17:38","guid":{"rendered":"https:\/\/sw-osterfeine.de\/?p=34781"},"modified":"2024-08-19T09:17:39","modified_gmt":"2024-08-19T07:17:39","slug":"a-jugend-fussball-vorbereitungsbericht-teil-2","status":"publish","type":"post","link":"https:\/\/sw-osterfeine.de\/?p=34781","title":{"rendered":"A-Jugend Fussball Vorbereitungsbericht Teil 2"},"content":{"rendered":"\n<p>Wir befinden uns im Endspurt der Vorbereitung auf die diesj\u00e4hrige Kreisligasaison. Nach dem \u00fcberzeugenden und erfolgreichen Start in die Pokalserie (7:1 gegen GW Brockdorf II) blieben und noch zwei Wochen Zeit, um die Baustellen, die wir zweifelsohne noch haben, zu bearbeiten und m\u00f6glichst zu minimieren.<\/p>\n<p>Ein erster H\u00e4rtetest sollte nur wenige Tage nach dem Pokalspiel auf uns warten. Unter der Woche wollten wir uns in einem zweiten Testspiel gegen die JSG Stemweder Berg f\u00fcr die heftige Niederlage (9:0) am zweiten Tag der Vorbereitung revanchieren und zeigen, dass wir uns seitdem weiterentwickelt haben.<\/p>\n<p>Unsere Kontrahenten waren uns in H\u00e4lfte eins zwar auch an diesem Tag wieder \u00fcberlegen, das Sch\u00fctzenfest aus der ersten Begegnung konnten wir jedoch verhindern. Mit einem knappen 1:2 R\u00fcckstand ging es in die Pause. Nach der Halbzeit waren wir dann deutlich griffiger und kombinierten uns in einigen Situationen gut nach vorne. Und auch defensiv strahlten wir nun (auch bedingt durch die etwas nachl\u00e4ssiger auftretenden G\u00e4ste) wesentlich mehr Sicherheit aus. So gelang es und am Ende noch auf ein 3:3 Unentschieden zu stellen. Nach kurzer R\u00fccksprache mit dem Trainer und den Spielern der JSG fiel die Entscheidung vor der Weltuntergangskulisse mit etlichen Blitzen in gl\u00fccklicherweise deutlicher Entfernung noch ein Elfmeterschie\u00dfen dranzuh\u00e4ngen, was wir durch eine Parade von Katze f\u00fcr uns entscheiden konnten.<\/p>\n<p>Die deutliche Leistungssteigerung in der zweiten H\u00e4lfte bescherte den Jungs den Rest der Woche trainingsfrei und so sahen wir uns zur Generalprobe am 17.08. im Testspiel gegen die JSG Mittwald-Isenstedt wieder. Wie auch Stemweder Berg wird Mittwald-Isenstedt in der kommenden Saison in der Bezirksliga Westfalen antreten.<\/p>\n<p>\u00c4hnlich wie gegen Stemweder Berg waren wir auch hier in H\u00e4lfte eins quasi chancenlos. Wir bewegten und nicht, schafften dadurch keine Angebote f\u00fcr den ballf\u00fchrenden Spieler und brachten uns so selbst in Bedr\u00e4ngnis. Hinzu kamen absolut unn\u00f6tige Abspielfehler und Dribblings, die wir nicht gewinnen konnten. Defensiv liefen wir unsere Gegenspieler nur selten an und wenn, dann nur langsam und z\u00f6gerlich. So konnten die G\u00e4ste unser Mittelfeld dominieren und immer wieder B\u00e4lle hinter unsere letzte Linie spielen. Herausragend war in dieser Phase einzig Noah Kramer, der wie bereits die gesamte Vorbereitung \u00fcber einen Ball nach dem anderen abfing und uns so vor Schlimmerem bewahrte. Nebenbei bemerkt hat Noah aufgrund der angespannten Personalsituation in der Defensive bei bislang acht gespielten Partien sieben Mal die vollen 90 Minuten plus Nachspielzeit auf dem Feld gestanden und einmal immerhin 70.<!--more--><\/p>\n<p>Auch an diesem Tag sah die zweite Halbzeit spielerisch wesentlich besser aus. Ein Treffer war uns jedoch dieses Mal nicht verg\u00f6nnt, auch wenn das angesichts der Chancen mehr als m\u00f6glich gewesen w\u00e4re. Das Thema \u201eerster Kontakt\u201c wird uns in den Trainingseinheiten der kommenden Wochen wohl noch h\u00e4ufiger begleiten. So stand am Ende eine 0:3 Niederlage, nach der uns der Trainer unserer Kontrahenten bescheinigte, dass wir dieses Spiel auch gut h\u00e4tten gewinnen k\u00f6nnen. Hilft nur nichts, wenn wir unsere Chancen nicht nutzen.<\/p>\n<p>Dennoch muss man am Ende sagen, dass wir in der Vorbereitung einen gro\u00dfen Schritt in die richtige Richtung gemacht haben. Die gr\u00f6bsten Probleme haben wir weitestgehend abgestellt und nun gilt es an den Details zu feilen und unsere Spielweise auch konstant auf den Platz zu bringen.<\/p>\n<p>Starten wollen wir damit am kommenden Samstag (24.08.), wenn um 16:30 Uhr sowohl die 2. A ausw\u00e4rts gegen GW Brockdorf II, als auch die 1. A zuhause gegen Mitfavorit BW Lohne II das erste Ligaspiel bestreitet. Alle Interessierten sind herzlich dazu eingeladen uns dabei lautstark zu unterst\u00fctzen!<\/p>\n<p>Mit freundlichen Gr\u00fc\u00dfen<\/p>\n<p>Coach P.<\/p>\n","protected":false},"excerpt":{"rendered":"<p>Wir befinden uns im Endspurt der Vorbereitung auf die diesj\u00e4hrige Kreisligasaison. Nach dem \u00fcberzeugenden und erfolgreichen Start in die Pokalserie (7:1 gegen GW Brockdorf II) blieben und noch zwei Wochen Zeit, um die Baustellen, die wir zweifelsohne noch haben, zu bearbeiten und m\u00f6glichst zu minimieren. Ein erster H\u00e4rtetest sollte nur wenige Tage nach dem Pokalspiel [&hellip;]<\/p>\n","protected":false},"author":3,"featured_media":0,"comment_status":"closed","ping_status":"closed","sticky":false,"template":"","format":"standard","meta":{"footnotes":""},"categories":[3],"tags":[],"_links":{"self":[{"href":"https:\/\/sw-osterfeine.de\/index.php?rest_route=\/wp\/v2\/posts\/34781"}],"collection":[{"href":"https:\/\/sw-osterfeine.de\/index.php?rest_route=\/wp\/v2\/posts"}],"about":[{"href":"https:\/\/sw-osterfeine.de\/index.php?rest_route=\/wp\/v2\/types\/post"}],"author":[{"embeddable":true,"href":"https:\/\/sw-osterfeine.de\/index.php?rest_route=\/wp\/v2\/users\/3"}],"replies":[{"embeddable":true,"href":"https:\/\/sw-osterfeine.de\/index.php?rest_route=%2Fwp%2Fv2%2Fcomments&post=34781"}],"version-history":[{"count":1,"href":"https:\/\/sw-osterfeine.de\/index.php?rest_route=\/wp\/v2\/posts\/34781\/revisions"}],"predecessor-version":[{"id":34782,"href":"https:\/\/sw-osterfeine.de\/index.php?rest_route=\/wp\/v2\/posts\/34781\/revisions\/34782"}],"wp:attachment":[{"href":"https:\/\/sw-osterfeine.de\/index.php?rest_route=%2Fwp%2Fv2%2Fmedia&parent=34781"}],"wp:term":[{"taxonomy":"category","embeddable":true,"href":"https:\/\/sw-osterfeine.de\/index.php?rest_route=%2Fwp%2Fv2%2Fcategories&post=34781"},{"taxonomy":"post_tag","embeddable":true,"href":"https:\/\/sw-osterfeine.de\/index.php?rest_route=%2Fwp%2Fv2%2Ftags&post=34781"}],"curies":[{"name":"wp","href":"https:\/\/api.w.org\/{rel}","templated":true}]}}