{"id":34977,"date":"2024-09-05T12:02:03","date_gmt":"2024-09-05T10:02:03","guid":{"rendered":"https:\/\/sw-osterfeine.de\/?p=34977"},"modified":"2024-09-05T12:02:05","modified_gmt":"2024-09-05T10:02:05","slug":"spielbericht-3-herren-vs-sfn-vechta-iii","status":"publish","type":"post","link":"https:\/\/sw-osterfeine.de\/?p=34977","title":{"rendered":"Spielbericht 3. Herren vs. SFN Vechta III"},"content":{"rendered":"\n<p>Am vergangenen Sonntag durften wir nach drei Wochen Abstinenz endlich wieder ein Ligaspiel bestreiten. Der Gegner, auf den wir treffen sollten, war die Drittvertretung des SFN Vechta. In den letzten Jahren war diese Mannschaft immer eine die oben mitgespielt hat, sodass wir uns auf ein schwieriges Spiel eingestellt haben.<\/p>\n<p>\u00a0Leider mussten wir in diesem Spiel auf Mika verzichten, der aufgrund eines B\u00e4nderrisses nicht spielen konnte. Auch bei Rolli war ein Einsatz zumindest leicht fraglich, da dessen 17. Bier am Vortag scheinbar schlecht war. Dennoch konnten wir eine starke erste Elf auf den Platz schicken.<\/p>\n<p>Von Beginn an entwickelte sich ein ziemlich ausgeglichenes Spiel mit Chancen auf beiden Seiten. Doch in der 21. Minute konnte Luci, nach einer sch\u00f6nen Passstafette \u00fcber Michel und Tom, zum 1:0 einschieben und die Osterfeiner Bank zum Jubeln bringen. Infolgedessen hatten wir auch die deutlich besseren Gelegenheiten die F\u00fchrung auszubauen. Leider kann man sagen, dass Leo das n\u00f6tige Qu\u00e4ntchen Gl\u00fcck (mal wieder \ud83d\ude09) fehlte, um sein ersten Pflichtspieltreffer in der dritten Herren zu erzielen. Zweimal Stand er alleine vor dem gegnerischen Keeper und beide Male war ihm kein Treffer verg\u00f6nnt. So kam es wie es kommen musste und Vechta kam in der 31. Minute gef\u00e4hrlich vor unser Tor. Nach einer scharfen Hereingabe war es dann Tim der den Ball kl\u00e4ren wollte, aber leider den Ausgleichstreffer f\u00fcr Vechta erzielte. Kurz danach musste dann auch noch Tom verletzt ausgewechselt werden.<!--more--><\/p>\n<p>Also ging es f\u00fcr uns mit zwei R\u00fcckschl\u00e4gen in die Kabine. Dort war wieder einmal das Thema, dass wir deutlich einfacher spielen wollen, da wir erneut in alte Muster zur\u00fcckgefallen sind und alle B\u00e4lle lang gespielt haben, wodurch wir leichte Ballverluste in unserem Spiel hatten.<\/p>\n<p>In der zweiten H\u00e4lfte erh\u00f6hte Vechta den Druck und kam h\u00e4ufiger an unseren Sechzehner ran. Unsere Defensive agierte aber sehr abgekl\u00e4rt, weshalb auch keine nennenswerten Chancen f\u00fcr Vechta heraussprangen. Unsere Offensive setzte immer wieder Nadelstiche und konnten immer wieder nur durch ein Foul gestoppt werden. In der 52. Minute war Leonard denn nur durch ein Foul im Sechzehner zu stoppen, doch der ansonsten tadellose Schiedsrichter, sah es nicht als solches an, weshalb es beim 1:1 blieb. Der n\u00e4chste Aufreger folgte in der 76. Spielminuten, nachdem Max einen Gegenspieler foulte und ein anderer Vechtaraner Spieler sich gezwungen sah, Max umzusto\u00dfen. Da es sich um einen Spieler handelte, der zuvor schon die gelbe Karte bekommen hatte, handelte der Schiedsrichter richtig und zeigte die Ampelkarte. Nach gef\u00fchlt zehn Minuten (der Spieler wollte den Platz nicht verlassen) und mit einem Mann mehr auf dem Feld konnte das Spiel dann fortgesetzt werden und Leonard bekam nur kurz darauf noch seinen Elfmeter (Foulspiel im Strafraum) zugesprochen. Dem Strafschuss nahm sich dann Luci an zielte aber etwas zu hoch, sodass der Ball an den Querbalken ging. Zu unserem Gl\u00fcck schaltete Mathis aber blitzschnell und legte den abprallenden Ball per Kopf auf Max quer, der sich die Gelegenheit nicht nehmen lie\u00df und seinen ersten Pflichtspieltreffer im Herrenbereich in seinem zweiten Spiel erzielte (Leo nimm dir mal ein Beispiel). In der Schlussphase verteidigten wir gemeinschaftlich und Rolli, der in der 84. Minute kam, durfte sich mal als St\u00fcrmer versuchen. Damit ging f\u00fcr Ihn ein Traum in Erf\u00fcllung, denn endlich konnte er auf derselben Position wie sein neues Vorbild Jo\u00ebl Zwarts (VFL Osnabr\u00fcck) spielen. Ein Treffer war ihm und auch keinem anderen Spieler mehr verg\u00f6nnt, womit wir das Spiel mit 2:1 gewinnen konnten.<\/p>\n<p>Mit sportlichen Gr\u00fc\u00dfen<\/p>\n<p>Die Dritte<\/p>\n","protected":false},"excerpt":{"rendered":"<p>Am vergangenen Sonntag durften wir nach drei Wochen Abstinenz endlich wieder ein Ligaspiel bestreiten. Der Gegner, auf den wir treffen sollten, war die Drittvertretung des SFN Vechta. In den letzten Jahren war diese Mannschaft immer eine die oben mitgespielt hat, sodass wir uns auf ein schwieriges Spiel eingestellt haben. \u00a0Leider mussten wir in diesem Spiel [&hellip;]<\/p>\n","protected":false},"author":3,"featured_media":0,"comment_status":"closed","ping_status":"closed","sticky":false,"template":"","format":"standard","meta":{"footnotes":""},"categories":[3],"tags":[],"_links":{"self":[{"href":"https:\/\/sw-osterfeine.de\/index.php?rest_route=\/wp\/v2\/posts\/34977"}],"collection":[{"href":"https:\/\/sw-osterfeine.de\/index.php?rest_route=\/wp\/v2\/posts"}],"about":[{"href":"https:\/\/sw-osterfeine.de\/index.php?rest_route=\/wp\/v2\/types\/post"}],"author":[{"embeddable":true,"href":"https:\/\/sw-osterfeine.de\/index.php?rest_route=\/wp\/v2\/users\/3"}],"replies":[{"embeddable":true,"href":"https:\/\/sw-osterfeine.de\/index.php?rest_route=%2Fwp%2Fv2%2Fcomments&post=34977"}],"version-history":[{"count":1,"href":"https:\/\/sw-osterfeine.de\/index.php?rest_route=\/wp\/v2\/posts\/34977\/revisions"}],"predecessor-version":[{"id":34978,"href":"https:\/\/sw-osterfeine.de\/index.php?rest_route=\/wp\/v2\/posts\/34977\/revisions\/34978"}],"wp:attachment":[{"href":"https:\/\/sw-osterfeine.de\/index.php?rest_route=%2Fwp%2Fv2%2Fmedia&parent=34977"}],"wp:term":[{"taxonomy":"category","embeddable":true,"href":"https:\/\/sw-osterfeine.de\/index.php?rest_route=%2Fwp%2Fv2%2Fcategories&post=34977"},{"taxonomy":"post_tag","embeddable":true,"href":"https:\/\/sw-osterfeine.de\/index.php?rest_route=%2Fwp%2Fv2%2Ftags&post=34977"}],"curies":[{"name":"wp","href":"https:\/\/api.w.org\/{rel}","templated":true}]}}