{"id":34981,"date":"2024-09-05T12:09:22","date_gmt":"2024-09-05T10:09:22","guid":{"rendered":"https:\/\/sw-osterfeine.de\/?p=34981"},"modified":"2024-09-06T13:35:56","modified_gmt":"2024-09-06T11:35:56","slug":"heimspiele-am-wochenende-06-09-08-09-2024","status":"publish","type":"post","link":"https:\/\/sw-osterfeine.de\/?p=34981","title":{"rendered":"Heimspiele am Wochenende 06.09. &#8211; 08.09.2024"},"content":{"rendered":"\n<p><span style=\"text-decoration: underline;\"><strong>Handball<\/strong><\/span><\/p>\n<p><strong>Samstag, 07.09.2024 (E-Jugend + F-Jugend Turnier) <\/strong><\/p>\n<p><strong><span style=\"color: #ff0000;\">Cafeteria von 9.30 Uhr \u00a0bis 11:45 Uhr ge\u00f6ffnet<\/span> <\/strong><\/p>\n<p>E-Jugend<\/p>\n<p>10:00 Uhr SV Rot-Wei\u00df Damme vs. <strong>SW Osterfeine<\/strong><\/p>\n<p>11:00 Uhr <strong>SW Osterfeine<\/strong> vs. GW M\u00fchlen<\/p>\n<p>12:00 Uhr SV Rot-Wei\u00df Damme vs. GW M\u00fchlen<\/p>\n<p><strong>\u00a0<\/strong>F-Jugend<\/p>\n<p>14:00 Uhr BV Garrel II vs. <strong>SW Osterfeine I<\/strong><\/p>\n<p>15:00 Uhr BV Garrel II vs. GW M\u00fchlen<\/p>\n<p>16:00 Uhr <strong>SW Osterfeine I <\/strong>vs. GW M\u00fchlen<\/p>\n<p>\u00a0<\/p>\n<p><strong>Sonntag, 08.09.2024 <\/strong><\/p>\n<p>14:00 Uhr <strong>C-Jugend SW Osterfeine<\/strong> vs. SV Holdorf<\/p>\n<p>\u00a0<\/p>\n<p><span style=\"text-decoration: underline;\"><strong>Fu\u00dfball<\/strong><\/span><\/p>\n<p><strong>Freitag, 06.09.2024 <\/strong><\/p>\n<p>18:00 Uhr <strong>3. D-Jugend<\/strong> vs. BW Lohne VI<\/p>\n<p>18:00 Uhr <strong>2. D-Jugend <\/strong>vs. VfL Oythe II<\/p>\n<p>19:30 Uhr <strong>3. Herren <\/strong>vs. SV Handorf-Langenberg II<\/p>\n<p>\u00a0<\/p>\n<p><strong>Samstag, 07.09.2024 <\/strong><\/p>\n<p><strong><span style=\"color: #ff0000;\">Kiosk und Imbiss ab 12.00 Uhr ge\u00f6ffnet<\/span> <\/strong><\/p>\n<p>11:00 Uhr <strong>2. E-Jugend <\/strong>vs. JSG Holdorf\/Langenberg III<\/p>\n<p>13:00 Uhr <strong>4. F-Jugend <\/strong>vs. GW Brockdorf IV<\/p>\n<p>13:00 Uhr <strong>1. F-Jugend <\/strong>vs. RW Damme<\/p>\n<p>13:00 Uhr <strong>3. F-Jugend <\/strong>vs. JSG Holdorf\/Langenberg II<\/p>\n<p>14:00 Uhr <strong>1. E-Jugend<\/strong> vs. SW Bakum<\/p>\n<p>16:30 Uhr <strong>2. A-Jugend <\/strong>vs. SG Rechterfeld\/Goldenstedt<\/p>\n<p>\u00a0<\/p>\n<p><strong>Sonntag, 08.09.2024 <\/strong><\/p>\n<p>13:00 Uhr <strong>2. Herren<\/strong> vs. RW Damme III<\/p>\n<p>\u00a0<\/p>\n","protected":false},"excerpt":{"rendered":"<p>Handball Samstag, 07.09.2024 (E-Jugend + F-Jugend Turnier) Cafeteria von 9.30 Uhr \u00a0bis 11:45 Uhr ge\u00f6ffnet E-Jugend 10:00 Uhr SV Rot-Wei\u00df Damme vs. SW Osterfeine 11:00 Uhr SW Osterfeine vs. GW M\u00fchlen 12:00 Uhr SV Rot-Wei\u00df Damme vs. GW M\u00fchlen \u00a0F-Jugend 14:00 Uhr BV Garrel II vs. SW Osterfeine I 15:00 Uhr BV Garrel II vs. [&hellip;]<\/p>\n","protected":false},"author":3,"featured_media":0,"comment_status":"closed","ping_status":"closed","sticky":false,"template":"","format":"standard","meta":{"footnotes":""},"categories":[3],"tags":[],"_links":{"self":[{"href":"https:\/\/sw-osterfeine.de\/index.php?rest_route=\/wp\/v2\/posts\/34981"}],"collection":[{"href":"https:\/\/sw-osterfeine.de\/index.php?rest_route=\/wp\/v2\/posts"}],"about":[{"href":"https:\/\/sw-osterfeine.de\/index.php?rest_route=\/wp\/v2\/types\/post"}],"author":[{"embeddable":true,"href":"https:\/\/sw-osterfeine.de\/index.php?rest_route=\/wp\/v2\/users\/3"}],"replies":[{"embeddable":true,"href":"https:\/\/sw-osterfeine.de\/index.php?rest_route=%2Fwp%2Fv2%2Fcomments&post=34981"}],"version-history":[{"count":2,"href":"https:\/\/sw-osterfeine.de\/index.php?rest_route=\/wp\/v2\/posts\/34981\/revisions"}],"predecessor-version":[{"id":34983,"href":"https:\/\/sw-osterfeine.de\/index.php?rest_route=\/wp\/v2\/posts\/34981\/revisions\/34983"}],"wp:attachment":[{"href":"https:\/\/sw-osterfeine.de\/index.php?rest_route=%2Fwp%2Fv2%2Fmedia&parent=34981"}],"wp:term":[{"taxonomy":"category","embeddable":true,"href":"https:\/\/sw-osterfeine.de\/index.php?rest_route=%2Fwp%2Fv2%2Fcategories&post=34981"},{"taxonomy":"post_tag","embeddable":true,"href":"https:\/\/sw-osterfeine.de\/index.php?rest_route=%2Fwp%2Fv2%2Ftags&post=34981"}],"curies":[{"name":"wp","href":"https:\/\/api.w.org\/{rel}","templated":true}]}}