{"id":35109,"date":"2024-09-12T11:23:29","date_gmt":"2024-09-12T09:23:29","guid":{"rendered":"https:\/\/sw-osterfeine.de\/?p=35109"},"modified":"2024-09-12T11:23:31","modified_gmt":"2024-09-12T09:23:31","slug":"spielbericht-3-herren-vs-bw-luesche-2","status":"publish","type":"post","link":"https:\/\/sw-osterfeine.de\/?p=35109","title":{"rendered":"Spielbericht 3. Herren vs. BW L\u00fcsche 2"},"content":{"rendered":"\n<p>Moin Moin! Nachdem wir in der ersten Runde des Pokals ein Freilos hatten, ging es gestern f\u00fcr uns um den Einzug ins Viertelfinale. Gegner waren unsere G\u00e4ste aus L\u00fcsche, welche zuvor ebenfalls ein Freilos hatten. Bei m\u00e4\u00dfigem Wetter und Flutlicht war alles f\u00fcr einen packenden Pokalfight angerichtet.<\/p>\n<p>Im Vergleich zum letzten Spiel rotierten wir m\u00e4chtig durch und \u00e4nderten die Startaufstellung gleich auf acht Positionen. Dies machte sich leider sehr schnell bemerkbar. Nach etwa zwanzig Sekunden zappelte der Ball zum ersten Mal im Netz und unsere G\u00e4ste f\u00fchrten mit 1:0. Vorausgegangen war ein missgl\u00fcckter Kl\u00e4rungsversuch in unserer Hintermannschaft, welchen der gegnerische St\u00fcrmer direkt zu nutzen wusste. Trotz des ungl\u00fccklichen Starts lie\u00dfen wir den Kopf nicht h\u00e4ngen und versuchten, unser Ding zu machen. Daraufhin entwickelte sich ein Spiel im Mittelfeld, wenig gepr\u00e4gt von fu\u00dfballerischen Highlights. Wir kamen zu 2-3 guten M\u00f6glichkeiten, jedoch fehlte immer das letzte Qu\u00e4ntchen Gl\u00fcck, um den Ball im Tor unterzubringen. Nach etwas mehr als einer halben Stunde waren es dann erneut unsere G\u00e4ste, welche mit einem platzierten Schuss in die untere linke Ecke das 2:0 erzielen konnten. Kurz vor der Pause klingelte es dann leider ein drittes Mal, als wir bei einer Ecke nicht wach waren und ein Spieler von L\u00fcsche den Ball relativ frei in unserem Tor unterbringen konnte. Mit 0:3 sollte es dann auch in die Halbzeit gehen, f\u00fcr unseren Geschmack etwas zu hoch.<!--more--><\/p>\n<p>In Halbzeit zwei waren wir von Beginn an wach und bekamen deutlich mehr Kontrolle \u00fcber das Spielgeschehen. Spielerisch zeigten wir gerade im Zentrum starke Ans\u00e4tze und uns gelang es h\u00e4ufig, spielerisch aus engen Situationen zu l\u00f6sen. Zudem probierten wir, den Ball immer flach zu halten und das Spiel \u00fcber unsere Innenverteidiger aufzubauen. Wirklich viel sollte jedoch nicht mehr passieren. Wir hielten unseren Kasten sauber, konnten vorne jedoch selbst nicht gef\u00e4hrlich genug werden, um ein Tor zu erzielen. P\u00fcnktlich nach neunzig Minuten pfiff der Schiedsrichter das Spiel ab. Trotz des Ergebnisses k\u00f6nnen wir viele positive Schl\u00fcsse aus dem Spiel ziehen. Ein gro\u00dfes Lob an alle Spieler, die trotz teils ungewohnter Position oder fehlender Spielpraxis alles gegeben und ein tolles Spiel abgeliefert haben. Nun gilt es, die K\u00f6pfe nicht in den Sand zu stecken und den Fokus wieder voll auf die Liga zu setzen.<\/p>\n<p>Dort geht es bereits am kommenden Freitag weiter, wenn wir ausw\u00e4rts beim Tabellenzweiten in Lohne antreten m\u00fcssen. Amasyaspor kann bisher eine makellose Bilanz vorweisen \u2013 noch ein Grund mehr, am Freitag alles zu geben. Wir freuen uns \u00fcber jeden Fan, der uns bei diesem Spiel unterst\u00fctzen m\u00f6chte.<\/p>\n<p>\u00a0<\/p>\n<p>Sportliche Gr\u00fc\u00dfe, die Dritte!<\/p>\n","protected":false},"excerpt":{"rendered":"<p>Moin Moin! Nachdem wir in der ersten Runde des Pokals ein Freilos hatten, ging es gestern f\u00fcr uns um den Einzug ins Viertelfinale. Gegner waren unsere G\u00e4ste aus L\u00fcsche, welche zuvor ebenfalls ein Freilos hatten. Bei m\u00e4\u00dfigem Wetter und Flutlicht war alles f\u00fcr einen packenden Pokalfight angerichtet. Im Vergleich zum letzten Spiel rotierten wir m\u00e4chtig [&hellip;]<\/p>\n","protected":false},"author":3,"featured_media":0,"comment_status":"closed","ping_status":"closed","sticky":false,"template":"","format":"standard","meta":{"footnotes":""},"categories":[3],"tags":[],"_links":{"self":[{"href":"https:\/\/sw-osterfeine.de\/index.php?rest_route=\/wp\/v2\/posts\/35109"}],"collection":[{"href":"https:\/\/sw-osterfeine.de\/index.php?rest_route=\/wp\/v2\/posts"}],"about":[{"href":"https:\/\/sw-osterfeine.de\/index.php?rest_route=\/wp\/v2\/types\/post"}],"author":[{"embeddable":true,"href":"https:\/\/sw-osterfeine.de\/index.php?rest_route=\/wp\/v2\/users\/3"}],"replies":[{"embeddable":true,"href":"https:\/\/sw-osterfeine.de\/index.php?rest_route=%2Fwp%2Fv2%2Fcomments&post=35109"}],"version-history":[{"count":1,"href":"https:\/\/sw-osterfeine.de\/index.php?rest_route=\/wp\/v2\/posts\/35109\/revisions"}],"predecessor-version":[{"id":35110,"href":"https:\/\/sw-osterfeine.de\/index.php?rest_route=\/wp\/v2\/posts\/35109\/revisions\/35110"}],"wp:attachment":[{"href":"https:\/\/sw-osterfeine.de\/index.php?rest_route=%2Fwp%2Fv2%2Fmedia&parent=35109"}],"wp:term":[{"taxonomy":"category","embeddable":true,"href":"https:\/\/sw-osterfeine.de\/index.php?rest_route=%2Fwp%2Fv2%2Fcategories&post=35109"},{"taxonomy":"post_tag","embeddable":true,"href":"https:\/\/sw-osterfeine.de\/index.php?rest_route=%2Fwp%2Fv2%2Ftags&post=35109"}],"curies":[{"name":"wp","href":"https:\/\/api.w.org\/{rel}","templated":true}]}}