{"id":35127,"date":"2024-09-16T08:07:44","date_gmt":"2024-09-16T06:07:44","guid":{"rendered":"https:\/\/sw-osterfeine.de\/?p=35127"},"modified":"2024-09-16T08:07:46","modified_gmt":"2024-09-16T06:07:46","slug":"1-a-jugend-vs-sfn-vechta","status":"publish","type":"post","link":"https:\/\/sw-osterfeine.de\/?p=35127","title":{"rendered":"1. A-Jugend vs. SFN Vechta"},"content":{"rendered":"\n<p>SW Osterfeine \u2013 SFN Vechta 4:0<\/p>\n<p>Nach zwei Wochenenden, an denen jeweils nur eine der beiden A-Jugend Mannschaften im Einsatz war hatten wir nun endlich wieder die M\u00f6glichkeit mit beiden Mannschaften an einem Tag zu punkten. Dies f\u00fchrte allerdings gleichzeitig dazu, dass aufgrund einiger Ausf\u00e4lle die Kader extrem d\u00fcnn besetzt waren. Wir sich das auf den j\u00fcngeren Jahrgang in der 2. A auswirken sollte ist in einem gesonderten Bericht nachzulesen.<\/p>\n<p>Der \u00e4ltere Jahrgang bekam es nach seinem spielfreien Wochenende mit SFN Vechta zu tun. Mit sechs Punkten aus drei Spielen konnten die G\u00e4ste eine solide Ausbeute vorweisen. Einzig im Spiel gegen RW Damme II, gegen die wir \u00fcber weite Strecken auch unsere Probleme hatten, musste sich das Team aus der Kreisstadt mit 1:3 geschlagen geben.<\/p>\n<p>Mit einem 4-4-2 mit Mittelfeldraute und der kurzfristig reaktivierten Geheimwaffe Gero Albers (vielen Dank f\u00fcrs Aushelfen!) in der Startelf wollten wir unseren Gegner im Zentrum dominieren und so Paul und Gero in der Spitze in Szene setzen.<!--more--><\/p>\n<p>Das Spiel begann direkt mit einem Knaller, als Tim Fischer in der ersten Minute eine Freisto\u00dfhereingabe des nach langer Verletzungspause zur\u00fcckgekehrten Moritz Otte per Kopf ans Lattenkreuz setzte. Die erste Duftmarke war also fr\u00fch gesetzt. Auch die n\u00e4chsten Minuten konnten wir kontrollieren und regelm\u00e4\u00dfig Gefahr erzeugen, ohne jedoch zwingende Torchancen zu kreieren.<\/p>\n<p>In der Folge schienen wir uns jedoch etwas auszuruhen. Wir liefen im Mittelfeld nicht mehr konsequent an, f\u00fchrten Zweik\u00e4mpfe, als w\u00e4re K\u00f6rperkontakt verboten und schafften es im Spielaufbau mangels Laufbereitschaft nicht mehr Tiefe zu erzeugen und das Spielfeld auseinanderzuziehen. Vechta machte nun mehr Druck und unsere Kontrahenten konnten ihrerseits gef\u00e4hrliche Situationen erspielen.<\/p>\n<p>In der 43. Minute sollte es uns dann jedoch (etwas gl\u00fccklich) gelingen die F\u00fchrung zu erzielen. Nach einem abgewehrten Freisto\u00df brachte Sonne Paul ins Spiel, der setzte sich gegen seinen Gegenspieler durch und versuchte den durchgestarteten Mathis Herfert zu bedienen. Der Ball geriet zwar zu lang, doch der gegnerische Verteidiger spielte mit seinem Kl\u00e4rungsversuch direkt vor Herfs F\u00fc\u00dfe und dieser hatte keine M\u00fche mehr den Ball locker am Torwart vorbeizuspielen.<\/p>\n<p>Noch in der Nachspielzeit der ersten H\u00e4lfte mussten wir allerdings eine Schrecksekunde hinnehmen. Wir attackierten auf au\u00dfen zu z\u00f6gerlich, der Ball wurde diagonal in der Strafraum gespielt, Victor gr\u00e4tschte ins Leere und das lange Bein von Sonne traf den Gegenspieler, der daf\u00fcr einen Strafsto\u00df zugesprochen bekam. Diesen konnte unser Torh\u00fcter jedoch stark entsch\u00e4rfen, sodass wir mit der 1:0 F\u00fchrung im R\u00fccken zum Pausentee gingen.<\/p>\n<p>Dass das in der ersten H\u00e4lfte von uns zu wenig war, war uns allen bewusst. Wir wollten nun im bew\u00e4hrten 4-2-3-1 wieder sicherer Auftreten und unserer Favoritenrolle gerecht werden.<\/p>\n<p>Defensiv lie\u00dfen wir nun weniger zu und offensiv erlangten wir mehr Spielkontrolle zur\u00fcck. Zwingende Torchancen waren dennoch eher Mangelware. Es wirkte alles etwas beh\u00e4big, doch wenn wir mal in die Tiefe starteten sorgten wir gleich f\u00fcr Gefahr. So auch in der 62. Minute, als Herf einen solchen Tiefenlauf anbot und stark von Fischer aus dem defensiven Mittelfeld bedient wurde. Dieser platzierte den Ball so vorm Strafraum, dass der Torh\u00fcter seine H\u00e4nde nicht nutzen durfte und Herf den Ball technisch anspruchsvoll \u00fcber diesen hinweg zum Doppelpack ins Tor hob.<\/p>\n<p>Nun hatten wir das Spiel endlich im Griff und konnten unsere Kontrahenten weitestgehend von unserem Kasten fernhalten, um dann nach Ballgewinn schnell umzuschalten und Druck auf das gegnerische Tor zu machen. \u00c4hnlich fiel auch Tor Nummer drei. Harry fing in der R\u00fcckw\u00e4rtsbewegung einen Ball ab, spielte kurz zur\u00fcck zu Johann und der sah Mathis Pohlschneider, der sich gegen seinen Gegenspieler durchsetzte und versuchte Paul im Zentrum anzuspielen. Der Ball kam zwar nicht direkt durch, der Verteidigungsversuch wurde jedoch von Paul abgefangen und nach kurzem Doppelpass am Strafraum mit Leo zog Paul zur\u00fcck ins Zentrum und platzierte den Ball aus 18 Metern im rechten Toreck (80. Minute).<\/p>\n<p>Nur zwei Minuten sp\u00e4ter konnte Paul den zweiten Doppelpack des Abends schn\u00fcren. Dieses Mal fing Mattes Glandorf einen Passversuch an der Mittellinie ab und spielte den Ball steil durch die Schnittstelle in der Verteidigung in den Halbraum. Paul war diagonal in diesen gestartet und machte aus ca. 11 Metern Entfernung und spitzem Winkel den Deckel auf dieses Spiel.<\/p>\n<p>In den Folgeminuten nahmen wir zwei G\u00e4nge raus und so kam Vechta noch einmal zu M\u00f6glichkeiten, die jedoch ungenutzt blieben.<\/p>\n<p>Mit einer makellosen Pflichtspielbilanz gehen wir nun am kommenden Dienstag ins Pokalspiel gegen RW Damme II. Auf heimischem Platz wollen wir ab 19:30 Uhr alles raushauen, um in die n\u00e4chste Runde einzuziehen. Vom k\u00fcrzlichen 4:0 Sieg in der Liga wollen wir uns nicht blenden lassen. Immerhin haben wir uns da enorm schwergetan und wer wei\u00df, ob am Dienstag nicht auch der eine oder andere Spieler aus der A-Jugend Niedersachsenliga- oder B-Jugend Landesligatruppe mitmischen wird.<\/p>\n<p>Auf jeden Fall werden wir jede Unterst\u00fctzung brauchen k\u00f6nnen und da die erste Herren erst einen Tag sp\u00e4ter spielt hoffen wir den einen oder anderen Fu\u00dfballbegeisterten begr\u00fc\u00dfen zu d\u00fcrfen. Denn was gibt es schon Sch\u00f6neres, als ein Flutlichtheimspiel gegen RW Damme im Pokal?<\/p>\n<p>Mit freundlichen Gr\u00fc\u00dfen<\/p>\n<p>Coach P.<\/p>\n<p>PS: Wer dieses Spiel verpasst hat kann unter <a href=\"https:\/\/staige.tv\/video\/453040\">https:\/\/staige.tv\/video\/453040<\/a> dieses Vers\u00e4umnis nachholen.<\/p>\n<p>Unter dem folgenden Link ist ein Videozusammenschnitt der Tore zu finden:<\/p>\n<p><a href=\"https:\/\/www.dropbox.com\/scl\/fi\/kao8pr50e8ghdha3je0en\/Highlights-A-Jugend-SWO-SFN-Vechta.mp4?rlkey=m6l26kh95t70hxnaotiqe2uwx&amp;st=yhh587q0&amp;dl=0\">https:\/\/www.dropbox.com\/scl\/fi\/kao8pr50e8ghdha3je0en\/Highlights-A-Jugend-SWO-SFN-Vechta.mp4?rlkey=m6l26kh95t70hxnaotiqe2uwx&amp;st=yhh587q0&amp;dl=0<\/a><\/p>\n","protected":false},"excerpt":{"rendered":"<p>SW Osterfeine \u2013 SFN Vechta 4:0 Nach zwei Wochenenden, an denen jeweils nur eine der beiden A-Jugend Mannschaften im Einsatz war hatten wir nun endlich wieder die M\u00f6glichkeit mit beiden Mannschaften an einem Tag zu punkten. Dies f\u00fchrte allerdings gleichzeitig dazu, dass aufgrund einiger Ausf\u00e4lle die Kader extrem d\u00fcnn besetzt waren. Wir sich das auf [&hellip;]<\/p>\n","protected":false},"author":3,"featured_media":0,"comment_status":"closed","ping_status":"closed","sticky":false,"template":"","format":"standard","meta":{"footnotes":""},"categories":[3],"tags":[],"_links":{"self":[{"href":"https:\/\/sw-osterfeine.de\/index.php?rest_route=\/wp\/v2\/posts\/35127"}],"collection":[{"href":"https:\/\/sw-osterfeine.de\/index.php?rest_route=\/wp\/v2\/posts"}],"about":[{"href":"https:\/\/sw-osterfeine.de\/index.php?rest_route=\/wp\/v2\/types\/post"}],"author":[{"embeddable":true,"href":"https:\/\/sw-osterfeine.de\/index.php?rest_route=\/wp\/v2\/users\/3"}],"replies":[{"embeddable":true,"href":"https:\/\/sw-osterfeine.de\/index.php?rest_route=%2Fwp%2Fv2%2Fcomments&post=35127"}],"version-history":[{"count":1,"href":"https:\/\/sw-osterfeine.de\/index.php?rest_route=\/wp\/v2\/posts\/35127\/revisions"}],"predecessor-version":[{"id":35128,"href":"https:\/\/sw-osterfeine.de\/index.php?rest_route=\/wp\/v2\/posts\/35127\/revisions\/35128"}],"wp:attachment":[{"href":"https:\/\/sw-osterfeine.de\/index.php?rest_route=%2Fwp%2Fv2%2Fmedia&parent=35127"}],"wp:term":[{"taxonomy":"category","embeddable":true,"href":"https:\/\/sw-osterfeine.de\/index.php?rest_route=%2Fwp%2Fv2%2Fcategories&post=35127"},{"taxonomy":"post_tag","embeddable":true,"href":"https:\/\/sw-osterfeine.de\/index.php?rest_route=%2Fwp%2Fv2%2Ftags&post=35127"}],"curies":[{"name":"wp","href":"https:\/\/api.w.org\/{rel}","templated":true}]}}