{"id":35130,"date":"2024-09-16T15:34:26","date_gmt":"2024-09-16T13:34:26","guid":{"rendered":"https:\/\/sw-osterfeine.de\/?p=35130"},"modified":"2024-09-16T15:34:28","modified_gmt":"2024-09-16T13:34:28","slug":"saisonstart-1-d-jugend","status":"publish","type":"post","link":"https:\/\/sw-osterfeine.de\/?p=35130","title":{"rendered":"Saisonstart 1. D-Jugend"},"content":{"rendered":"\n<p>Die erste D-Jugend ist erfolgreich in die Saison gestartet. Mit 4 Siegen aus vier Spielen steht man an der Spitze der Kreisliga Vechta.<\/p>\n<p><a href=\"https:\/\/sw-osterfeine.de\/wp-content\/uploads\/2024\/09\/D1-scaled.jpg\" data-rel=\"lightbox-image-0\" data-rl_title=\"\" data-rl_caption=\"\" title=\"\"><img loading=\"lazy\" decoding=\"async\" class=\"alignleft size-large wp-image-35131\" src=\"https:\/\/sw-osterfeine.de\/wp-content\/uploads\/2024\/09\/D1-1024x783.jpg\" alt=\"\" width=\"1024\" height=\"783\" srcset=\"https:\/\/sw-osterfeine.de\/wp-content\/uploads\/2024\/09\/D1-1024x783.jpg 1024w, https:\/\/sw-osterfeine.de\/wp-content\/uploads\/2024\/09\/D1-300x229.jpg 300w, https:\/\/sw-osterfeine.de\/wp-content\/uploads\/2024\/09\/D1-768x587.jpg 768w, https:\/\/sw-osterfeine.de\/wp-content\/uploads\/2024\/09\/D1-1536x1174.jpg 1536w, https:\/\/sw-osterfeine.de\/wp-content\/uploads\/2024\/09\/D1-2048x1566.jpg 2048w\" sizes=\"(max-width: 1024px) 100vw, 1024px\" \/><\/a><\/p>\n<p>Hinten von links: Trainer Bernd Escher, Henri B\u00f6ckmann, Hannes Gieskemeyer, Johann Otte, Jan von der Heide, Paul Kuhlmann, Luis Klanke, Trainer Bernd L\u00fcbbehusen<\/p>\n<p>Vorne von links: Hugo St\u00e4rk, Henning Deters, Jasper Lapke, Ole von der Heide, Paul Enneking, Michel Escher<\/p>\n<p>Im ersten Punktspiel gegen Falke Steinfeld (23.08.) gingen wir nach sieben Minuten in R\u00fcckstand aber lie\u00dfen uns dadurch nicht verr\u00fcckt machen. Der Ausgleich fiel zwei Minuten sp\u00e4ter durch Jan von der Heide der nach einer Ecke von Paul Enneking einnicken konnte. Das Spiel hatten wir von da an im Griff und spielerisch gute L\u00f6sungen f\u00fcr jegliche Spielsituation parat. Folglich fiel der F\u00fchrungstreffer nach einem Elfmeter (Foul an Paul Enneking) durch Ole von der Heide in der 14. Minute verdienterma\u00dfen. Nach einer erneuten Ecke von Paul Enneking konnte Ole von der Heide mit seinem 2. Treffer zum 3:1 Halbzeitstand abschlie\u00dfen. In der zweiten H\u00e4lfte hatten wir den Gegner gut unter Kontrolle und konnten durch Luis Klanke (39.) und Paul Enneking (48.) auf 5:1 erh\u00f6hen. Verdienter Sieg im ersten Punktspiel der Saison.<!--more--><\/p>\n<p>Am darauffolgenden Sonntag (25.08.) konnten wir ein Testspiel gegen die SG Coesfeld aus dem M\u00fcnsteraner Raum absolvieren. Diese waren zum Trainingslager in der Dammer Jugendherberge untergekommen. Im ordentlichen Testspiel gegen eine gute Bezirksligamannschaft konnten wir uns in der ersten Halbzeit mit 3:0 absetzen und diesen Sieg in der 2. Halbzeit ungef\u00e4hrdet \u00fcber die Zeit bringen. Die Tore an diesem Sonntag erzielten Ole von der Heide, Luis Klanke und Paul Enneking.<\/p>\n<p>Im zweiten Punktspiel erwartete uns direkt das Derby gegen RW Damme. Vor einer sch\u00f6nen Kulisse auf dem Dammer Kunstrasenplatz sahen die Zuschauer nach zerfahrenen Anfangsminuten ein einseitiges Spiel das wir fast immer im Griff hatten. Und mit Luis Klanke hatten wir in der ersten Halbzeit den Spieler in unseren Reihen, der mit seinem 3er Pack die Zeichen klar auf Sieg stellte (11.; 15.; 20.). Nachdem wir uns auf dem Kunstrasen zurechtgefunden haben und den Gegner im Griff hatten, war das 3:0 ein verdienter Pausenstand.<\/p>\n<p>In der zweiten Halbzeit konnten wir das Ergebnis durch Tore von Ole von der Heide (31.) und Paul Enneking (36.) auf 5:0 erh\u00f6hen. Erfreulich ist besonders, dass wir auch nach Wechseln und trotz hohem Tempos nach vorne auch in der zweiten H\u00e4lfte dem Gegner zu fast keiner Torchance kommen lie\u00df und das Spiel ohne Gegentor beenden konnte.<\/p>\n<p>Am 06.09. ging es zum Ausw\u00e4rtsspiel nach Rechterfeld gegen die SG Rechterfeld\/Goldenstedt. Die erste Halbzeit hatten wir den Gegner klar im Griff und kamen zu vielen Chancen und Torabschl\u00fcssen, jedoch \u201enur\u201c zu zwei Toren. Ole von der Heide (15.) und Paul Enneking (26.) konnten den 2:0 Pausenstand besorgen. Da der Gegner die Mittellinie nur selten mit Ball \u00fcberspielen konnte ein schmeichelhaftes Halbzeitergebnis. In der zweiten H\u00e4lfte konnten wir unser Ergebnis dann dem Spielverlauf anpassen und erzielten dank weiterhin dr\u00fcckender \u00dcberlegenheit weitere 5 Tore zum 7:0 Endstand. Ole (32.), Hannes Gieskemeyer (44.), Luis Klanke (48.), Jasper Lapke (55.) sowie Paul Kuhlmann (61.) sorgten f\u00fcr den verdienten Endstand.<\/p>\n<p>Im vierten Punktspiel (13.09.) erwarteten wir auf heimischen Feld den VfL Oythe. Nachdem wir im vorherigen Spiel unsere \u00dcberlegenheit erst in der zweiten H\u00e4lfte auf die Anzeigetafel bringen konnten, machten wir es in diesem Spiel sehr viel besser: Ole von der Heide (5.), Luis Klanke (13.), Henning Deters (21.), Ole (23.), Paul Enneking (24.) und wiederum Luis Klanke (26.) stellten f\u00fcr uns einen verdienten 6:0 Pausenstand her. Da gab es f\u00fcr die Trainer nichts zu meckern. In der zweiten H\u00e4lfte spielte Oythe verbessert und wir nicht mehr so gef\u00e4hrlich und so temporeich wie in der ersten H\u00e4lfte. Dem 6:1 in der 33. Folgte ein Tor von Paul Enneking zum 7:1 nach einer Ecke. Oythe konnte 5 Minuten vor Schluss auf 7:2 stellen, der Schlusspunkt wurde nach einer scharfen Flanke von Henri B\u00f6ckmann dann durch ein Eigentor zum 8:2 gesetzt.<\/p>\n<p>4 Spiele, 4 Siege, 25 geschossene Tore. So bezeichnet man einen Start nach Ma\u00df!<\/p>\n<p>Wir werden weiter machen und versuchen und zu verbessern. Dabei werden wir in den n\u00e4chsten Spielen auf Gegner treffen, die uns alles abverlangen werden. Aber gerade daran wollen wir wachsen und uns Weiterentwickeln. Die folgenden Spiele bis zu den Herbstferien:<\/p>\n<p>Freitag, 20.09., 18 Uhr \u00a0\u00a0\u00a0\u00a0\u00a0\u00a0\u00a0\u00a0\u00a0\u00a0\u00a0\u00a0\u00a0\u00a0\u00a0\u00a0\u00a0\u00a0\u00a0\u00a0\u00a0 TV Dinklage \u2013 D1 OSV<\/p>\n<p>Sonntag, 22.09., 18 Uhr\u00a0\u00a0\u00a0\u00a0\u00a0\u00a0\u00a0\u00a0 D1 OSV \u2013 JSG Hellern \/ OTB<\/p>\n<p>Samstag, 28.09., 11:30 Uhr\u00a0\u00a0\u00a0\u00a0\u00a0\u00a0\u00a0\u00a0\u00a0\u00a0\u00a0\u00a0\u00a0\u00a0\u00a0 D1 OSV \u2013 RW Visbek<\/p>\n<p>Donnerstag, 03.10., 13:30 Uhr\u00a0\u00a0\u00a0\u00a0\u00a0\u00a0\u00a0\u00a0\u00a0 D1 OSV \u2013 VfB Oldenburg U13<\/p>\n<p>\u00a0<\/p>\n<p>Viel Spa\u00df beim Sport<\/p>\n<p>Eure D1<\/p>\n","protected":false},"excerpt":{"rendered":"<p>Die erste D-Jugend ist erfolgreich in die Saison gestartet. Mit 4 Siegen aus vier Spielen steht man an der Spitze der Kreisliga Vechta. Hinten von links: Trainer Bernd Escher, Henri B\u00f6ckmann, Hannes Gieskemeyer, Johann Otte, Jan von der Heide, Paul Kuhlmann, Luis Klanke, Trainer Bernd L\u00fcbbehusen Vorne von links: Hugo St\u00e4rk, Henning Deters, Jasper Lapke, [&hellip;]<\/p>\n","protected":false},"author":3,"featured_media":0,"comment_status":"closed","ping_status":"closed","sticky":false,"template":"","format":"standard","meta":{"footnotes":""},"categories":[3],"tags":[],"_links":{"self":[{"href":"https:\/\/sw-osterfeine.de\/index.php?rest_route=\/wp\/v2\/posts\/35130"}],"collection":[{"href":"https:\/\/sw-osterfeine.de\/index.php?rest_route=\/wp\/v2\/posts"}],"about":[{"href":"https:\/\/sw-osterfeine.de\/index.php?rest_route=\/wp\/v2\/types\/post"}],"author":[{"embeddable":true,"href":"https:\/\/sw-osterfeine.de\/index.php?rest_route=\/wp\/v2\/users\/3"}],"replies":[{"embeddable":true,"href":"https:\/\/sw-osterfeine.de\/index.php?rest_route=%2Fwp%2Fv2%2Fcomments&post=35130"}],"version-history":[{"count":1,"href":"https:\/\/sw-osterfeine.de\/index.php?rest_route=\/wp\/v2\/posts\/35130\/revisions"}],"predecessor-version":[{"id":35132,"href":"https:\/\/sw-osterfeine.de\/index.php?rest_route=\/wp\/v2\/posts\/35130\/revisions\/35132"}],"wp:attachment":[{"href":"https:\/\/sw-osterfeine.de\/index.php?rest_route=%2Fwp%2Fv2%2Fmedia&parent=35130"}],"wp:term":[{"taxonomy":"category","embeddable":true,"href":"https:\/\/sw-osterfeine.de\/index.php?rest_route=%2Fwp%2Fv2%2Fcategories&post=35130"},{"taxonomy":"post_tag","embeddable":true,"href":"https:\/\/sw-osterfeine.de\/index.php?rest_route=%2Fwp%2Fv2%2Ftags&post=35130"}],"curies":[{"name":"wp","href":"https:\/\/api.w.org\/{rel}","templated":true}]}}