{"id":35149,"date":"2024-09-19T17:11:01","date_gmt":"2024-09-19T15:11:01","guid":{"rendered":"https:\/\/sw-osterfeine.de\/?p=35149"},"modified":"2024-09-19T17:11:03","modified_gmt":"2024-09-19T15:11:03","slug":"malwettbewerb-fuer-kinder-zu-unserem-grossen-jubilaeum","status":"publish","type":"post","link":"https:\/\/sw-osterfeine.de\/?p=35149","title":{"rendered":"Malwettbewerb f\u00fcr Kinder zu unserem gro\u00dfen Jubil\u00e4um"},"content":{"rendered":"\n<p>Achtung liebe Kinder!<\/p>\n<p>Es startet ab heute ein gro\u00dfer Malwettbewerb f\u00fcr unsere Kinder des OSV zu unserem 100-j\u00e4hrigen Jubili\u00e4um. Also holt eure Stifte raus und malt uns was sch\u00f6nes!<\/p>\n<p>Alle Infos entnehmt ihr bitte dem Flyer oder den Aush\u00e4ngen an der Sporthalle!<\/p>\n<p>Viel Spa\u00df und vielleicht ziert euer Bild einen Monat des Kalenders!<\/p>\n<p><a href=\"https:\/\/sw-osterfeine.de\/wp-content\/uploads\/2024\/09\/Malwettbewerb-neu-scaled.jpg\" data-rel=\"lightbox-image-0\" data-rl_title=\"\" data-rl_caption=\"\" title=\"\"><img loading=\"lazy\" decoding=\"async\" class=\"alignleft size-large wp-image-35150\" src=\"https:\/\/sw-osterfeine.de\/wp-content\/uploads\/2024\/09\/Malwettbewerb-neu-1024x724.jpg\" alt=\"\" width=\"1024\" height=\"724\" srcset=\"https:\/\/sw-osterfeine.de\/wp-content\/uploads\/2024\/09\/Malwettbewerb-neu-1024x724.jpg 1024w, https:\/\/sw-osterfeine.de\/wp-content\/uploads\/2024\/09\/Malwettbewerb-neu-300x212.jpg 300w, https:\/\/sw-osterfeine.de\/wp-content\/uploads\/2024\/09\/Malwettbewerb-neu-768x543.jpg 768w, https:\/\/sw-osterfeine.de\/wp-content\/uploads\/2024\/09\/Malwettbewerb-neu-1536x1086.jpg 1536w, https:\/\/sw-osterfeine.de\/wp-content\/uploads\/2024\/09\/Malwettbewerb-neu-2048x1448.jpg 2048w\" sizes=\"(max-width: 1024px) 100vw, 1024px\" \/><\/a><\/p>\n","protected":false},"excerpt":{"rendered":"<p>Achtung liebe Kinder! Es startet ab heute ein gro\u00dfer Malwettbewerb f\u00fcr unsere Kinder des OSV zu unserem 100-j\u00e4hrigen Jubili\u00e4um. Also holt eure Stifte raus und malt uns was sch\u00f6nes! Alle Infos entnehmt ihr bitte dem Flyer oder den Aush\u00e4ngen an der Sporthalle! Viel Spa\u00df und vielleicht ziert euer Bild einen Monat des Kalenders!<\/p>\n","protected":false},"author":3,"featured_media":0,"comment_status":"closed","ping_status":"closed","sticky":false,"template":"","format":"standard","meta":{"footnotes":""},"categories":[92],"tags":[],"_links":{"self":[{"href":"https:\/\/sw-osterfeine.de\/index.php?rest_route=\/wp\/v2\/posts\/35149"}],"collection":[{"href":"https:\/\/sw-osterfeine.de\/index.php?rest_route=\/wp\/v2\/posts"}],"about":[{"href":"https:\/\/sw-osterfeine.de\/index.php?rest_route=\/wp\/v2\/types\/post"}],"author":[{"embeddable":true,"href":"https:\/\/sw-osterfeine.de\/index.php?rest_route=\/wp\/v2\/users\/3"}],"replies":[{"embeddable":true,"href":"https:\/\/sw-osterfeine.de\/index.php?rest_route=%2Fwp%2Fv2%2Fcomments&post=35149"}],"version-history":[{"count":1,"href":"https:\/\/sw-osterfeine.de\/index.php?rest_route=\/wp\/v2\/posts\/35149\/revisions"}],"predecessor-version":[{"id":35151,"href":"https:\/\/sw-osterfeine.de\/index.php?rest_route=\/wp\/v2\/posts\/35149\/revisions\/35151"}],"wp:attachment":[{"href":"https:\/\/sw-osterfeine.de\/index.php?rest_route=%2Fwp%2Fv2%2Fmedia&parent=35149"}],"wp:term":[{"taxonomy":"category","embeddable":true,"href":"https:\/\/sw-osterfeine.de\/index.php?rest_route=%2Fwp%2Fv2%2Fcategories&post=35149"},{"taxonomy":"post_tag","embeddable":true,"href":"https:\/\/sw-osterfeine.de\/index.php?rest_route=%2Fwp%2Fv2%2Ftags&post=35149"}],"curies":[{"name":"wp","href":"https:\/\/api.w.org\/{rel}","templated":true}]}}