{"id":35153,"date":"2024-09-23T08:20:53","date_gmt":"2024-09-23T06:20:53","guid":{"rendered":"https:\/\/sw-osterfeine.de\/?p=35153"},"modified":"2024-09-23T08:20:55","modified_gmt":"2024-09-23T06:20:55","slug":"spielbericht-1-a-jugend-vs-rw-damme-ii","status":"publish","type":"post","link":"https:\/\/sw-osterfeine.de\/?p=35153","title":{"rendered":"Spielbericht 1. A-Jugend vs. RW Damme II"},"content":{"rendered":"\n<p>SW Osterfeine \u2013 RW Damme II 7:4 (n. E.)<\/p>\n<p>Was f\u00fcr ein Pokalabend in Osterfeine! Am vergangenen Dienstag (17.09.) Empfing die A-Jugend RW Damme II zum Viertelfinale des Kreispokals. Flutlichtspiel, Platz 1, Mantabude auf\u2026 alles war angerichtet f\u00fcr das, was an diesem Tag kommen sollte.<\/p>\n<p>Mit nahezu voller Kapelle konnten wir in diesem Spiel antreten, weil die 2. A kein Parallelspiel absolvieren musste. Und auch unser Gegner verst\u00e4rkte sich mit dem einen oder anderen B-Jugendlichen aus der Landesligatruppe. Man konnte sich also auf guten Fu\u00dfball freuen. Zus\u00e4tzlich sollte der Derbycharakter die notwendige Einsatzbereitschaft in dieses Spiel bringen.<\/p>\n<p>Im bew\u00e4hrten 4-2-3-1 wollten wir von Beginn an mit Aggressivit\u00e4t \u00fcberzeugen, hohe Ballgewinne erzielen und anschlie\u00dfend schnell auf Angriff umschalten. Und dieser Plan sollte in H\u00e4lfte eins voll aufgehen. Alle waren direkt voll im Spiel, brachten Lautst\u00e4rke auf den Platz und unterst\u00fctzten sich in jeder Situation. Defensiv brannte \u00fcberhaupt nichts an, weil nach einem verlorenen Zweikampf direkt nachgesetzt wurde und der jeweils n\u00e4chste Mitspieler umgehend schaltete und den Ballf\u00fchrenden unter Druck setzte. Im Spiel nach vorne agierten wir zielstrebig und gaben so der Dammer Defensive permanente Besch\u00e4ftigung.<\/p>\n<p>In der 30. Minute belohnten wir uns f\u00fcr unseren hohen Aufwand. Einen Eckball von Mathis Herfert dr\u00fcckte Clemens im F\u00fcnfmeterraum per Kopf \u00fcber die Linie. Jeder Rettungsversuch der Dammer Spieler scheiterte. Und nur vier Minuten sp\u00e4ter konnten wir nachlegen. Noah Kramer hatte den Ball \u00fcberragend abgefangen und gegen seinen Kontrahenten behauptet, spielte Harry an und dieser hob den Ball perfekt in den Lauf des startenden Paul. Der wiederum ging ein paar Meter und zog trocken von halbrechts ins lange Eck ab.<!--more--><\/p>\n<p>Viel besser h\u00e4tten wir die erste Halbzeit nicht spielen k\u00f6nnen. Einsatzbereitschaft, Laufbereitschaft, spielerische Klasse\u2026 Das war der Fu\u00dfball, den wir spielen wollen. Nat\u00fcrlich wollten wir das auch in die zweite Halbzeit mitnehmen, um Damme gar nicht erst zur\u00fcck ins Spiel kommen zu lassen.<\/p>\n<p>Zu Beginn sah es auch ganz danach aus, als wenn dies gelingen sollte, eine ungl\u00fcckliche Situation brachte jedoch die G\u00e4ste zur\u00fcck. In der 51. Minute brach Damme nach einem Konter \u00fcber unsere rechte Abwehrseite bis zur Grundlinie (und dar\u00fcber hinaus) durch. Da der Ball deutlich \u00fcber der Linie war h\u00f6rten fast alle Beteiligten schon auf zu spielen, der Ball wurde kurz zur\u00fcckgespielt und Damme dr\u00fcckte den Ball \u00fcber die Linie. Der Schiedsrichter hatte den Ball weder im Aus gesehen, noch gepfiffen und stand es pl\u00f6tzlich 2:1. Dies zeigt uns mal wieder, wie wichtig es ist immer weiterzuspielen, bis der Schiedsrichter abpfeift.<\/p>\n<p>Unsere Antwort gaben wir allerdings umgehend. Einen Freisto\u00df brachte Moritz Otte hoch an den Elfmeterpunkt, dort wurde Fischer str\u00e4flich alleine gelassen und dieser hob den Ball per Kopf \u00fcber den herausst\u00fcrzenden Torwart hinweg in die Maschen (54. Minute).<\/p>\n<p>Nun k\u00f6nnte man meinen, dass dieses Tor etwas Ruhe in unser Spiel brachte. Es f\u00fchrte jedoch eher zu einer gewissen Sorglosigkeit. Wir spielten weiterhin gef\u00e4llig nach vorne, suchten im Angriffsdritte jedoch nun zu h\u00e4ufig unn\u00f6tige 1 gegen 1 Situationen. Die Zielstrebigkeit ging uns in dieser Phase v\u00f6llig verloren. Gleichzeitig setzten wir nach Ballverlusten nicht mehr konsequent nach, sondern lie\u00dfen unsere Kontrahenten wiederholt frei auf unsere Verteidigungslinie zugehen.<\/p>\n<p>Die Quittung gab es in der 70. Und 71. Minute per Doppelschlag. Zun\u00e4chst spielte Damme eine Kontersituation sauber aus, der St\u00fcrmer lief erst an Sonne vorbei und schob dann am durchgelaufenen Kramer vorbei ins ansonsten leere Tor ein. Direkt im Anschluss war es wieder eine Kontersituation, in der wir auf der linken Au\u00dfenbahn keinen Zugriff bekamen und der Dammer Spieler eine Flanke an den zweiten Pfosten zog, wo der Ball aus drei Metern eingek\u00f6pft wurde.<\/p>\n<p>Ab diesem Moment war der Kopf mit im Spiel. Wir dr\u00fcckten weiter auf den Siegtreffer, waren in der Defensive mangels Unterst\u00fctzung aus den vorderen Reihen weiterhin anf\u00e4llig. Die wohl gr\u00f6\u00dfte Chance auf den Siegtreffer hatte kurz vor dem Ende Tom Neteler, der nach einem Durchbruch \u00fcber links stark in den F\u00fcnfmeterraum gestartet war und dort leider etwas ung\u00fcnstig halbhoch bedient wurde. Aus drei Metern flog der schwierig zu nehmende Ball \u00fcber den Querbalken. Auf der Gegenseite hatten wir wiederum Gl\u00fcck, dass ein Dammer Spieler den Ball knapp am Tor vorbeilegte.<\/p>\n<p>Nach einem Pokalfight, der seines Namens w\u00fcrdig war ging es nun also ins Elfmeterschie\u00dfen. Zun\u00e4chst verwandelte Mattes Glandorf sicher, ehe Sonne zwar die richtige Ecke ahnte, den Ball jedoch nicht ganz zu fassen bekam. Moritz Otte brachte den Ball ebenfalls im Netz unter, w\u00e4hrend der Dammer Sch\u00fctze den Ball \u00fcber die Querlatte jagte. Als n\u00e4chster schoss Clemens sicher ein, bevor Sonne den n\u00e4chsten Elfmeter parierte. Bei Elfmeter von Harry hatte der Torh\u00fcter dann zwar die richtige Ecke geahnt, konnte den Ball jedoch nicht abwehren und so zogen wir nach einem harten Kampf absolut verdient in die n\u00e4chste Runde ein. Die Freude dar\u00fcber d\u00fcrfte in ganz Osterfeine zu h\u00f6ren gewesen sein.<\/p>\n<p>Wer nun im Halbfinale auf uns wartet muss noch ausgelost werden. Zur Auswahl stehen den SV SW Kroge-Ehrendorf, BW Lohne II und SFN Vechta, die sich in ihrem Pokalspiel ebenfalls im Elfmeterschie\u00dfen mit 3:5 (regul\u00e4re Spielzeit 1:1) durchsetzten.<\/p>\n<p>Als n\u00e4chstes geht es am Samstag (21.09., Ansto\u00df 16:30 Uhr) f\u00fcr den \u00e4lteren Jahrgang zum Tabellenschlusslicht VfL Oythe II, w\u00e4hrend der j\u00fcngere Jahrgang im Heimspiel gegen BW Lohne II auf Punktejagd geht. \u00dcber zahlreiche Unterst\u00fctzung w\u00fcrden wir uns sehr freuen.<\/p>\n<p>Mit freundlichen Gr\u00fc\u00dfen<\/p>\n<p>Coach P.<\/p>\n<p><a href=\"https:\/\/sw-osterfeine.de\/wp-content\/uploads\/2024\/09\/Aufstellung.png\" data-rel=\"lightbox-image-0\" data-rl_title=\"\" data-rl_caption=\"\" title=\"\"><img loading=\"lazy\" decoding=\"async\" class=\"alignleft size-medium wp-image-35154\" src=\"https:\/\/sw-osterfeine.de\/wp-content\/uploads\/2024\/09\/Aufstellung-183x300.png\" alt=\"\" width=\"183\" height=\"300\" srcset=\"https:\/\/sw-osterfeine.de\/wp-content\/uploads\/2024\/09\/Aufstellung-183x300.png 183w, https:\/\/sw-osterfeine.de\/wp-content\/uploads\/2024\/09\/Aufstellung.png 442w\" sizes=\"(max-width: 183px) 100vw, 183px\" \/><\/a><\/p>\n<p>\u00a0<\/p>\n<p>\u00a0<\/p>\n<p>\u00a0<\/p>\n<p>\u00a0<\/p>\n<p>\u00a0<\/p>\n<p>\u00a0<\/p>\n<p>Tore: \u00a0\u00a0\u00a0 1:0 Lapke (Herfert)<\/p>\n<p>\u00a0\u00a0\u00a0\u00a0\u00a0\u00a0\u00a0\u00a0\u00a0\u00a0\u00a0\u00a0\u00a0\u00a0\u00a0 2:0 Kreinest (Nordmann)<\/p>\n<p>\u00a0\u00a0\u00a0\u00a0\u00a0\u00a0\u00a0\u00a0\u00a0\u00a0\u00a0\u00a0\u00a0\u00a0\u00a0 2:1 M\u00f6hring<\/p>\n<p>\u00a0\u00a0\u00a0\u00a0\u00a0\u00a0\u00a0\u00a0\u00a0\u00a0\u00a0\u00a0\u00a0\u00a0\u00a0 3:1 Fischer (Otte)<\/p>\n<p>\u00a0\u00a0\u00a0\u00a0\u00a0\u00a0\u00a0\u00a0\u00a0\u00a0\u00a0\u00a0\u00a0\u00a0\u00a0 3:2 Horo<\/p>\n<p>\u00a0\u00a0\u00a0\u00a0\u00a0\u00a0\u00a0\u00a0\u00a0\u00a0\u00a0\u00a0\u00a0\u00a0\u00a0 3:2 Horo<\/p>\n<p>Elfmeterschie\u00dfen:<\/p>\n<p>4:3 Glandorf<\/p>\n<p>4:4 Horo<\/p>\n<p>5:4 Otte<\/p>\n<p>Damme verschie\u00dft<\/p>\n<p>6:4 Lapke<\/p>\n<p>Sonnen h\u00e4lt<\/p>\n<p>7:4 Nordmann<\/p>\n","protected":false},"excerpt":{"rendered":"<p>SW Osterfeine \u2013 RW Damme II 7:4 (n. E.) Was f\u00fcr ein Pokalabend in Osterfeine! Am vergangenen Dienstag (17.09.) Empfing die A-Jugend RW Damme II zum Viertelfinale des Kreispokals. Flutlichtspiel, Platz 1, Mantabude auf\u2026 alles war angerichtet f\u00fcr das, was an diesem Tag kommen sollte. Mit nahezu voller Kapelle konnten wir in diesem Spiel antreten, [&hellip;]<\/p>\n","protected":false},"author":3,"featured_media":0,"comment_status":"closed","ping_status":"closed","sticky":false,"template":"","format":"standard","meta":{"footnotes":""},"categories":[3],"tags":[],"_links":{"self":[{"href":"https:\/\/sw-osterfeine.de\/index.php?rest_route=\/wp\/v2\/posts\/35153"}],"collection":[{"href":"https:\/\/sw-osterfeine.de\/index.php?rest_route=\/wp\/v2\/posts"}],"about":[{"href":"https:\/\/sw-osterfeine.de\/index.php?rest_route=\/wp\/v2\/types\/post"}],"author":[{"embeddable":true,"href":"https:\/\/sw-osterfeine.de\/index.php?rest_route=\/wp\/v2\/users\/3"}],"replies":[{"embeddable":true,"href":"https:\/\/sw-osterfeine.de\/index.php?rest_route=%2Fwp%2Fv2%2Fcomments&post=35153"}],"version-history":[{"count":1,"href":"https:\/\/sw-osterfeine.de\/index.php?rest_route=\/wp\/v2\/posts\/35153\/revisions"}],"predecessor-version":[{"id":35155,"href":"https:\/\/sw-osterfeine.de\/index.php?rest_route=\/wp\/v2\/posts\/35153\/revisions\/35155"}],"wp:attachment":[{"href":"https:\/\/sw-osterfeine.de\/index.php?rest_route=%2Fwp%2Fv2%2Fmedia&parent=35153"}],"wp:term":[{"taxonomy":"category","embeddable":true,"href":"https:\/\/sw-osterfeine.de\/index.php?rest_route=%2Fwp%2Fv2%2Fcategories&post=35153"},{"taxonomy":"post_tag","embeddable":true,"href":"https:\/\/sw-osterfeine.de\/index.php?rest_route=%2Fwp%2Fv2%2Ftags&post=35153"}],"curies":[{"name":"wp","href":"https:\/\/api.w.org\/{rel}","templated":true}]}}