{"id":35156,"date":"2024-09-23T08:25:17","date_gmt":"2024-09-23T06:25:17","guid":{"rendered":"https:\/\/sw-osterfeine.de\/?p=35156"},"modified":"2024-09-25T17:38:02","modified_gmt":"2024-09-25T15:38:02","slug":"spielbericht-1-a-jugend-vs-vfl-oythe-ii","status":"publish","type":"post","link":"https:\/\/sw-osterfeine.de\/?p=35156","title":{"rendered":"Spielbericht 1. A-Jugend vs. VfL Oythe II"},"content":{"rendered":"\n<p>VfL Oythe II \u2013 SW Osterfeine 1:26<\/p>\n<p>Nach dem \u00fcberragenden Pokalspiel unter der Woche waren wir nun wieder in der Liga gefordert. Im Spiel gegen das Tabellenschlusslicht vom VfL Oythe II wollten wir das Spiel schnell klar machen, um uns die 3 Punkte zu sicher.<\/p>\n<p>Wie gut das funktionieren sollte hatten wir uns allerdings vorher nicht ausgemalt. Auch wenn es die Torfolge nicht vermuten l\u00e4sst waren wir anfangs noch etwas schlampig in der Offensive. Dennoch war es eine absolut klare Sache, weshalb es dieses Mal keinen so ausf\u00fchrlichen Bericht gibt, sondern eher eine Auflistung der Tore:<\/p>\n<ul>\n<li>\u00a002.Minute: Fischer f\u00e4ngt einen R\u00fcckpass ab und schiebt aus spitzem Winkel ein.<\/li>\n<li>\u00a007.Minute: Fischer dreht im Mittelfeldzentrum frei auf und steckt durch auf Tom, der in den F\u00fcnfer\u00a0 geht und am Torwart vorbei einschiebt.<\/li>\n<li>\u00a015. Minute: Eckball Harry, Fischer l\u00e4sst den Ball zentral volley ins Tor abtropfen.<\/li>\n<li>\u00a021. Minute: Harry steckt von halblinks musterg\u00fcltig auf Tom, der wieder in den F\u00fcnfer zieht und auf 0:4 erh\u00f6ht.<\/li>\n<li>23. Minute: Fischer erobert im Pressing mit Tom den Ball, geht auf die Grundlinie, legt zur\u00fcck auf Paul, der leitet weiter auf Harry, der nur noch den Fu\u00df reinhalten muss.<\/li>\n<li>\u00a024. Minute: Tom geht auf die Grundlinie, legt zur\u00fcck auf Paul, der keine M\u00fche hat einzuschieben.<\/li>\n<li>30. Minute: Tom treibt den Ball zentral vor das Tor, steckt kurz auf Paul, der aus 11 Metern einschie\u00dft.<\/li>\n<li>32. Minute: Nach Flankenlauf von Tom legt Harry an den Strafraum zur\u00fcck, Fischer trifft den Pfosten und Paul versenkt den Nachschuss<\/li>\n<li>34. Minute: Tom Spielt diagonal auf Harry, der legt quer zu Paul, der am zweiten Pfosten den Fu\u00df zum 0:9 reinh\u00e4lt.<\/li>\n<li>36. Minute: Nach einem Eckball von Harry macht Tom es per Kopf zweistellig.<\/li>\n<li>38. Minute: Noah marschiert nach vorne, spielt Fischer an, der legt sich den Ball zurecht und schie\u00dft aus 18 Metern ein.<\/li>\n<li>41. Minute: Der eingewechselte Philipp Kramer legt am Strafraum kurz ab f\u00fcr Tom, der mit links ins rechte untere Eck trifft.<\/li>\n<li>43. Minute: Freisto\u00df Tom, Kopfball Harry<\/li>\n<li>44. Minute: Eckball Harry, Fischer tanzt im F\u00fcnfer mit dem Ball und schie\u00dft aus kurzer Distanz ein.<\/li>\n<li>45. Minute: Tom steckt Durch auf Fischer, der den Schlusspunkt der ersten H\u00e4lfte setzt.<!--more--><!--more--><\/li>\n<\/ul>\n<p><!--more-->Halbzeitstand: 0:15<!--more--><\/p>\n<ul>\n<li>46. Minute: Tom schie\u00dft einen Freisto\u00df von der linken Seite auf H\u00f6he des Strafraums in den langen Winkel.<\/li>\n<li>54. Minute: Viktor gewinnt auf der linken Au\u00dfenbahn das Laufduell und legt quer auf Herf, der locker einschiebt.<\/li>\n<li>58. Minute: Der auf das Feld gewechselte Moritz Sonnen trifft per Handelfmeter.<\/li>\n<li>61. Minute: Sonne dribbelt auf die Verteidigung zu, steckt durch zu Herf, der eiskalt einschiebt.<\/li>\n<li>67. Minute: Nun kamen die Gastgeber doch noch zu ihrem Ehrentreffer. Gef\u00fchlt ging es f\u00fcr unsere Jungs nur noch darum, wer vorne das Tor schie\u00dfen darf, beim Konter wurden unsere drei verbliebenen Verteidiger von Ihren Vorderleuten komplett im Stich gelassen und so konnte der Oyther Angreifer den Diagonalball von der linken Angriffsseite am langen Pfoste einschieben.<\/li>\n<li>74. Minute: Tom steckt lang durch zum gestarteten Fischer, der dem Torwart keine Chance l\u00e4sst.<\/li>\n<li>77. Minute: Tom hebt lang \u00fcber die Kette, Herf \u00fcberl\u00e4sst f\u00fcr Sonne, der seinen zweiten Treffer markiert.<\/li>\n<li>80. Minute: Philipp Kramer trifft per Handelfmeter.<\/li>\n<li>81. Minute: Otte steckt auf Fischer, der legt zur\u00fcck zu Otte ins Zentrum, der locker einschiebt.<\/li>\n<li>83. Minute: Tom spielt einen Freisto\u00df zentral flach in den Strafraum, der Torwart l\u00e4sst ihn durchrutschen, Otte geht nach und legt den Ball \u00fcber die Linie.<\/li>\n<li>85. Minute: Herf und Fischer erobern den Ball, Sonnen geht auf die Grundlinie und legt an den zweiten Pfosten, wo Tom einschiebt.<\/li>\n<li>86. Minute: Otte spielt auf Herf, der macht den 1:26 Endstand perfekt.<\/li>\n<\/ul>\n<p>Man muss an dieser Stelle der Mannschaft vom VfL Oythe II den gr\u00f6\u00dften Respekt daf\u00fcr zollen, dass sie trotz der hohen Niederlagen weiter in dieser Liga antreten und ihr bestes geben.<\/p>\n<p>Am kommenden Wochenende (28.09., Ansto\u00df 16:30 Uhr) trifft der j\u00fcngere Jahrgang ausw\u00e4rts auf RW Damme II. Das Spiel des \u00e4lteren Jahrgangs wurde auf den 03.10. verlegt (Ansto\u00df 17:00 Uhr) und findet damit direkt im Anschluss an das Spiel der 1. Herren statt. Wir w\u00fcrden uns freuen, wenn m\u00f6glichst viele Zuschauer nach dem Spiel der 1. Herren auf dem Sportgel\u00e4nde bleiben und uns gegen GW Brockdorf II unterst\u00fctzen.<\/p>\n<p>Mit freundlichen Gr\u00fc\u00dfen<\/p>\n<p>Coach P.<\/p>\n<p><a href=\"https:\/\/sw-osterfeine.de\/wp-content\/uploads\/2024\/09\/Aufstellung-1.png\" data-rel=\"lightbox-image-0\" data-rl_title=\"\" data-rl_caption=\"\" title=\"\"><img loading=\"lazy\" decoding=\"async\" class=\"alignleft size-medium wp-image-35157\" src=\"https:\/\/sw-osterfeine.de\/wp-content\/uploads\/2024\/09\/Aufstellung-1-201x300.png\" alt=\"\" width=\"201\" height=\"300\" srcset=\"https:\/\/sw-osterfeine.de\/wp-content\/uploads\/2024\/09\/Aufstellung-1-201x300.png 201w, https:\/\/sw-osterfeine.de\/wp-content\/uploads\/2024\/09\/Aufstellung-1.png 474w\" sizes=\"(max-width: 201px) 100vw, 201px\" \/><\/a><\/p>\n<p>\u00a0<\/p>\n<p>\u00a0<\/p>\n<p>\u00a0<\/p>\n<p>\u00a0<\/p>\n<p>\u00a0<\/p>\n<p>\u00a0<\/p>\n<p>Tore: \u00a0\u00a0\u00a0 0:1 Fischer<\/p>\n<p>\u00a0\u00a0\u00a0\u00a0\u00a0\u00a0\u00a0\u00a0\u00a0\u00a0\u00a0\u00a0\u00a0\u00a0\u00a0 0:2 Neteler (Fischer)<\/p>\n<p>\u00a0\u00a0\u00a0\u00a0\u00a0\u00a0\u00a0\u00a0\u00a0\u00a0\u00a0\u00a0\u00a0\u00a0\u00a0 0:3 Fischer (Nordmann)<\/p>\n<p>\u00a0\u00a0\u00a0\u00a0\u00a0\u00a0\u00a0\u00a0\u00a0\u00a0\u00a0\u00a0\u00a0\u00a0\u00a0 0:4 Neteler (Nordmann)<\/p>\n<p>\u00a0\u00a0\u00a0\u00a0\u00a0\u00a0\u00a0\u00a0\u00a0\u00a0\u00a0\u00a0\u00a0\u00a0\u00a0 0:5 Nordmann (Kreinest)<\/p>\n<p>\u00a0\u00a0\u00a0\u00a0\u00a0\u00a0\u00a0\u00a0\u00a0\u00a0\u00a0\u00a0\u00a0\u00a0\u00a0 0:6 Kreinest (Neteler)<\/p>\n<p>\u00a0\u00a0\u00a0\u00a0\u00a0\u00a0\u00a0\u00a0\u00a0\u00a0\u00a0\u00a0\u00a0\u00a0\u00a0 0:7 Kreinest (Neteler)<\/p>\n<p>0:8 Kreinest (Fischer)<\/p>\n<p>0:9 Kreinest (Nordmann)<\/p>\n<p>0:10 Neteler (Nordmann)<\/p>\n<p>0:11 Fischer (N. Kramer)<\/p>\n<p>0:12 Neteler (P. Kramer)<\/p>\n<p>0:13 Nordmann (Neteler)<\/p>\n<p>0:14 Fischer (Nordmann)<\/p>\n<p>0:15 Fischer (Neteler)<\/p>\n<p>0:16 Neteler<\/p>\n<p>0:17 Herfert (Chifan)<\/p>\n<p>0:18 Sonnen (Handelfmeter)<\/p>\n<p>0:19 Herfert (Sonnen)<\/p>\n<p>1:19 Rupprecht<\/p>\n<p>1:20 Fischer (Neteler)<\/p>\n<p>1:21 Sonnen (Neteler)<\/p>\n<p>1:22 P. Kramer (Handelfmeter)<\/p>\n<p>1:23 Otte (Fischer)<\/p>\n<p>1:24 Otte (Neteler)<\/p>\n<p>1:25 Neteler (Sonnen)<\/p>\n<p>1:26 Herfert (Otte)<\/p>\n","protected":false},"excerpt":{"rendered":"<p>VfL Oythe II \u2013 SW Osterfeine 1:26 Nach dem \u00fcberragenden Pokalspiel unter der Woche waren wir nun wieder in der Liga gefordert. Im Spiel gegen das Tabellenschlusslicht vom VfL Oythe II wollten wir das Spiel schnell klar machen, um uns die 3 Punkte zu sicher. Wie gut das funktionieren sollte hatten wir uns allerdings vorher [&hellip;]<\/p>\n","protected":false},"author":3,"featured_media":0,"comment_status":"closed","ping_status":"closed","sticky":false,"template":"","format":"standard","meta":{"footnotes":""},"categories":[3],"tags":[],"_links":{"self":[{"href":"https:\/\/sw-osterfeine.de\/index.php?rest_route=\/wp\/v2\/posts\/35156"}],"collection":[{"href":"https:\/\/sw-osterfeine.de\/index.php?rest_route=\/wp\/v2\/posts"}],"about":[{"href":"https:\/\/sw-osterfeine.de\/index.php?rest_route=\/wp\/v2\/types\/post"}],"author":[{"embeddable":true,"href":"https:\/\/sw-osterfeine.de\/index.php?rest_route=\/wp\/v2\/users\/3"}],"replies":[{"embeddable":true,"href":"https:\/\/sw-osterfeine.de\/index.php?rest_route=%2Fwp%2Fv2%2Fcomments&post=35156"}],"version-history":[{"count":3,"href":"https:\/\/sw-osterfeine.de\/index.php?rest_route=\/wp\/v2\/posts\/35156\/revisions"}],"predecessor-version":[{"id":35214,"href":"https:\/\/sw-osterfeine.de\/index.php?rest_route=\/wp\/v2\/posts\/35156\/revisions\/35214"}],"wp:attachment":[{"href":"https:\/\/sw-osterfeine.de\/index.php?rest_route=%2Fwp%2Fv2%2Fmedia&parent=35156"}],"wp:term":[{"taxonomy":"category","embeddable":true,"href":"https:\/\/sw-osterfeine.de\/index.php?rest_route=%2Fwp%2Fv2%2Fcategories&post=35156"},{"taxonomy":"post_tag","embeddable":true,"href":"https:\/\/sw-osterfeine.de\/index.php?rest_route=%2Fwp%2Fv2%2Ftags&post=35156"}],"curies":[{"name":"wp","href":"https:\/\/api.w.org\/{rel}","templated":true}]}}