{"id":35159,"date":"2024-09-23T08:30:18","date_gmt":"2024-09-23T06:30:18","guid":{"rendered":"https:\/\/sw-osterfeine.de\/?p=35159"},"modified":"2024-09-23T08:30:20","modified_gmt":"2024-09-23T06:30:20","slug":"1-damen-vs-larrelt","status":"publish","type":"post","link":"https:\/\/sw-osterfeine.de\/?p=35159","title":{"rendered":"1. Damen vs. Larrelt"},"content":{"rendered":"\n<p class=\"p3\" style=\"margin: 0cm; margin-bottom: .0001pt;\"><span class=\"s2\"><span style=\"color: black;\">Punkteteilung in Larrelt &#8211; 31:31<\/span><\/span><\/p>\n<p class=\"p2\" style=\"margin: 0cm; margin-bottom: .0001pt; font-stretch: normal; font-size-adjust: none; font-kerning: auto; font-variant-alternates: normal; font-variant-ligatures: normal; font-variant-numeric: normal; font-variant-east-asian: normal; font-variant-position: normal; font-feature-settings: normal; font-optical-sizing: auto; font-variation-settings: normal; min-height: 20px; caret-color: #000000; -webkit-text-size-adjust: auto;\"><span style=\"color: black;\">\u00a0<\/span><\/p>\n<p class=\"p3\" style=\"margin: 0cm; margin-bottom: .0001pt; font-stretch: normal; font-size-adjust: none; font-kerning: auto; font-variant-alternates: normal; font-variant-ligatures: normal; font-variant-numeric: normal; font-variant-east-asian: normal; font-variant-position: normal; font-feature-settings: normal; font-optical-sizing: auto; font-variation-settings: normal; caret-color: #000000; -webkit-text-size-adjust: auto;\"><span class=\"s2\"><span style=\"color: black;\">Am Sonntag stand unsere n\u00e4chste weite Ausw\u00e4rtsfahrt nach Larrelt an. Wir starteten in ein ausgeglichenes Spiel. Weder wir, noch unsere Gegner aus Larrelt, konnten sich richtig absetzen. In der Abwehr haben wir zu Beginn teilweise nicht konsequent genug verschoben und zugepackt. Dadurch mussten wir immer wieder freie Durchbr\u00fcche unserer Gegenspielerinnen hinnehmen. Im Angriff starteten wir mit guten W\u00fcrfen aus dem R\u00fcckraum doch leider haben wir es zwischenzeitlich nicht mehr geschafft, den Ball laufen zu lassen. Was auch dazu beigetragen hat, dass wir uns im Torabschluss zunehmend schwer getan haben. In der zweiten Halbzeit stand unsere Abwehr stabiler und wir haben im Angriff den Weg in die Tiefe gefunden, wodurch wir insgesamt 14 Siebenmeter rausholen konnten. Leider konnten wir uns daf\u00fcr jedoch nicht belohnen, da wir immer wieder an der gegnerischen Torh\u00fcterin scheiterten.\u00a0<\/span><\/span><\/p>\n<p class=\"p3\" style=\"margin: 0cm; margin-bottom: .0001pt; font-stretch: normal; font-size-adjust: none; font-kerning: auto; font-variant-alternates: normal; font-variant-ligatures: normal; font-variant-numeric: normal; font-variant-east-asian: normal; font-variant-position: normal; font-feature-settings: normal; font-optical-sizing: auto; font-variation-settings: normal; caret-color: #000000; -webkit-text-size-adjust: auto;\"><span class=\"s2\"><span style=\"color: black;\">Am Ende hat es somit leider nicht ganz f\u00fcr die 2 Punkte gereicht.\u00a0<\/span><\/span><\/p>\n<p class=\"p3\" style=\"margin: 0cm; margin-bottom: .0001pt; font-stretch: normal; font-size-adjust: none; font-kerning: auto; font-variant-alternates: normal; font-variant-ligatures: normal; font-variant-numeric: normal; font-variant-east-asian: normal; font-variant-position: normal; font-feature-settings: normal; font-optical-sizing: auto; font-variation-settings: normal; caret-color: #000000; -webkit-text-size-adjust: auto;\"><span class=\"s2\"><span style=\"color: black;\">Am 28.09. wollen wir in eigener Halle alles geben um weiterhin ungeschlagen zu bleiben und vor allem die n\u00e4chsten 2 Punkte zu holen. Unser Gegner ist der SV Vorw\u00e4rts Nordhorn.\u00a0<\/span><\/span><\/p>\n","protected":false},"excerpt":{"rendered":"<p>Punkteteilung in Larrelt &#8211; 31:31 \u00a0 Am Sonntag stand unsere n\u00e4chste weite Ausw\u00e4rtsfahrt nach Larrelt an. Wir starteten in ein ausgeglichenes Spiel. Weder wir, noch unsere Gegner aus Larrelt, konnten sich richtig absetzen. In der Abwehr haben wir zu Beginn teilweise nicht konsequent genug verschoben und zugepackt. Dadurch mussten wir immer wieder freie Durchbr\u00fcche unserer [&hellip;]<\/p>\n","protected":false},"author":3,"featured_media":0,"comment_status":"closed","ping_status":"closed","sticky":false,"template":"","format":"standard","meta":{"footnotes":""},"categories":[1],"tags":[],"_links":{"self":[{"href":"https:\/\/sw-osterfeine.de\/index.php?rest_route=\/wp\/v2\/posts\/35159"}],"collection":[{"href":"https:\/\/sw-osterfeine.de\/index.php?rest_route=\/wp\/v2\/posts"}],"about":[{"href":"https:\/\/sw-osterfeine.de\/index.php?rest_route=\/wp\/v2\/types\/post"}],"author":[{"embeddable":true,"href":"https:\/\/sw-osterfeine.de\/index.php?rest_route=\/wp\/v2\/users\/3"}],"replies":[{"embeddable":true,"href":"https:\/\/sw-osterfeine.de\/index.php?rest_route=%2Fwp%2Fv2%2Fcomments&post=35159"}],"version-history":[{"count":1,"href":"https:\/\/sw-osterfeine.de\/index.php?rest_route=\/wp\/v2\/posts\/35159\/revisions"}],"predecessor-version":[{"id":35160,"href":"https:\/\/sw-osterfeine.de\/index.php?rest_route=\/wp\/v2\/posts\/35159\/revisions\/35160"}],"wp:attachment":[{"href":"https:\/\/sw-osterfeine.de\/index.php?rest_route=%2Fwp%2Fv2%2Fmedia&parent=35159"}],"wp:term":[{"taxonomy":"category","embeddable":true,"href":"https:\/\/sw-osterfeine.de\/index.php?rest_route=%2Fwp%2Fv2%2Fcategories&post=35159"},{"taxonomy":"post_tag","embeddable":true,"href":"https:\/\/sw-osterfeine.de\/index.php?rest_route=%2Fwp%2Fv2%2Ftags&post=35159"}],"curies":[{"name":"wp","href":"https:\/\/api.w.org\/{rel}","templated":true}]}}