{"id":35305,"date":"2024-10-10T11:45:14","date_gmt":"2024-10-10T09:45:14","guid":{"rendered":"https:\/\/sw-osterfeine.de\/?p=35305"},"modified":"2024-10-10T11:45:20","modified_gmt":"2024-10-10T09:45:20","slug":"spielbericht-1-a-jugend-vs-gw-brockdorf-ii","status":"publish","type":"post","link":"https:\/\/sw-osterfeine.de\/?p=35305","title":{"rendered":"Spielbericht 1. A-Jugend vs. GW Brockdorf II"},"content":{"rendered":"\n<p>SW Osterfeine \u2013 GW Brockdorf II 7:0<\/p>\n<p>Kurz vor der durch die Herbstferien bedingten Pause begr\u00fc\u00dften wir GW Brockdorf II zum bereits dritten Duell in dieser Saison. Das Pokalspiel konnten wir mit 7:1 f\u00fcr uns entscheiden und auch das Gastspiel der 2. A in Brockdorf konnte mit 1:5 siegreich gestaltet werden.<\/p>\n<p>Dadurch, dass unsere 2. A bereits am vergangenen Samstag gespielt hatte konnten wir kadertechnisch aus dem Vollen sch\u00f6pfen und allen Spielern noch einmal wohlverdiente Spielzeit geben. Zun\u00e4chst hie\u00df es allerdings erstmal warten. Da der angesetzte Schiedsrichter den langen Weg aus Visbek nicht angetreten war sprang spontan Hans-Dieter Kohake ein und pfiff die Partie mit ca. 20-min\u00fctiger Verz\u00f6gerung an. Vielen Dank f\u00fcr deine spontanen Einsatz!<\/p>\n<p>Die mit bislang null Punkten versehenen G\u00e4ste konnten zu Beginn noch relativ gut mithalten. Sie stellten die R\u00e4ume gut zu und so mussten wir geduldig den Ball laufen lassen, um doch noch die L\u00fccke im System zu finden. Dies sollte uns jedoch in regelm\u00e4\u00dfigen Abst\u00e4nden gelingen und bereits in der achten Minute zum Torerfolg f\u00fchren. Paul schickte von der linken Au\u00dfenbahn Tom auf der Gegenseite, der traf zun\u00e4chst den Ball nicht richtig, zog dann aber nach innen und wurde gefoult. Der Elfmeterpfiff konnte ausbleiben, da Benny richtig stand und den Ball \u00fcber die Linie dr\u00fcckte.<!--more--><\/p>\n<p>Der Ton war nun gesetzt. W\u00e4hrend wir uns darauf konzentrierten auf weitere Tore zu dr\u00e4ngen fokussierten sich einige Spieler unserer Kontrahenten lieber darauf jede Schiedsrichterentscheidung zu kommentieren. Selbst wenn der eigene Trainer \u2013 der sich nebenbei bemerkt vor, w\u00e4hrend und nach dem Spiel absolut vorbildlich verhielt \u2013 die Schiedsrichterentscheidung als v\u00f6llig richtig einstufte wurde weiter gemeckert und geschimpft. Au\u00dfer einer Torchance, die durch eine Nachl\u00e4ssigkeit im Zusammenspiel von Moritz Sonnen und Noah Kramer zustande kam und \u00fcberragend von Mattes Glandorf gekl\u00e4rt wurde brachte Brockdorf wenig zustande.<\/p>\n<p>Treffer Nummer zwei fiel in der 16. Minute: Einen Freisto\u00df, den Moritz Otte von der Mittellinie in den Strafraum brachte, konnte Paul unbedr\u00e4ngt annehmen und aus halblinker Position im Tor unterbringen.<\/p>\n<p>Mit der Zwei-Tore-F\u00fchrung im R\u00fccken spielten wir noch mutiger und rissen so immer wieder L\u00fccken in den gegnerischen Defensivverband. Insbesondere Tom und Benny waren kaum zu stoppen und brachen h\u00e4ufig \u00fcber die Seiten durch. Nach einem solchen Durchbruch wurde Tom in der 38. Minute innerhalb des Strafraums gelegt woraufhin Moritz zun\u00e4chst per Elfmeter am Torh\u00fcter scheiterte, den Nachschuss jedoch sicher verwandelte.<\/p>\n<p>Den Abschluss der ersten H\u00e4lfte setzte in der 44. Minute erneut Paul. Hinrich Bosche hatte Benny auf der linken Au\u00dfenbahn hinter die letzte Linie geschickt, der war frei durch und spielte quer in den Strafraum, wo unser mitgelaufener Topst\u00fcrmer aus 10 Metern nur noch einschieben musste.<\/p>\n<p>In der Halbzeitpause lag der Fokus darauf die Klarheit in unseren Aktionen beizubehalten und uns nicht von der Diskussionsfreude einiger Gegenspieler irritieren zu lassen.<\/p>\n<p>Und auch in der zweiten H\u00e4lfte waren wir wieder voll da. Es dauerte nur zehn Minuten, ehe Tom abermals zielstrebig in den Strafraum zog, wo ihm sein Gegenspieler in die Hacken lief und ihn so zu Fall brachte. Den f\u00e4lligen Strafsto\u00df brachte Moritz dieses Mal im ersten Versuch im Tor unter (55. Minute).<\/p>\n<p>Durch vermehrte Wechsel verloren wir nun etwas den Rhythmus, blieben aber dennoch die bessere Mannschaft und kamen weiter zu Torchancen. Bereits in der 59. Minute klingelte es ein sechstes Mal, als Henrik Kohake auf der rechten Seite etwas Platz hatte und den Ball auf Paul durchsteckte. Dieser gewann das Laufduell mit seinem Kontrahenten und markierte seinen dritten Treffer.\u00a0 \u00a0<\/p>\n<p>In der Folge spielten wir weniger zielgerichtet, was dazu f\u00fchrte, dass wir zwar das Spiel nach wie vor im Griff hatten, zwingende Torchancen allerdings Mangelware waren. Dennoch konnten wir noch einen letzten Treffer erzielen, als Moritz in der 90. Minute den Ball eroberte bis an den Strafraum ging und von dort aus trocken zum 7:0 Endstand abzog.<\/p>\n<p>Durch diesen Sieg verbringen wir nun die Herbstferien ohne Punktverlust an der Tabellenspitze. Und auch unser j\u00fcngerer Jahrgang schl\u00e4gt sich mit 9 Punkten aus 5 Spielen gut. Sollte der aktuelle 5. Platz bis zur Winterpause gehalten werden h\u00e4tten wir mit gleich zwei Mannschaften den sportlichen Aufstieg in die OM-Liga geschafft.<\/p>\n<p>Nun ist erstmal durchatmen angesagt, ehe am 19.10. ein absolutes Highlight wartet. Um 14 Uhr empf\u00e4ngt die 2. A von SW Osterfeine die 1. A zum internen Duell. Beide Mannschaften werden mit offenem Visier spielen und alles daf\u00fcr geben in den darauffolgenden Wochen mit einem breiten Grinsen in die Trainingseinheiten starten zu k\u00f6nnen. Als Zuschauer wird man da sicher nicht entt\u00e4uscht!<\/p>\n<p>Mit freundlichen Gr\u00fc\u00dfen<\/p>\n<p>Coach P.<\/p>\n<p>Aufstellung: \u00a0\u00a0\u00a0\u00a0\u00a0\u00a0\u00a0\u00a0\u00a0\u00a0\u00a0\u00a0\u00a0\u00a0<\/p>\n<p><a href=\"https:\/\/sw-osterfeine.de\/wp-content\/uploads\/2024\/10\/Aufstellung.png\" data-rel=\"lightbox-image-0\" data-rl_title=\"\" data-rl_caption=\"\" title=\"\"><img loading=\"lazy\" decoding=\"async\" class=\"alignleft size-full wp-image-35306\" src=\"https:\/\/sw-osterfeine.de\/wp-content\/uploads\/2024\/10\/Aufstellung.png\" alt=\"\" width=\"463\" height=\"724\" srcset=\"https:\/\/sw-osterfeine.de\/wp-content\/uploads\/2024\/10\/Aufstellung.png 463w, https:\/\/sw-osterfeine.de\/wp-content\/uploads\/2024\/10\/Aufstellung-192x300.png 192w\" sizes=\"(max-width: 463px) 100vw, 463px\" \/><\/a>\u00a0\u00a0\u00a0\u00a0\u00a0\u00a0 \u00a0<\/p>\n<p>\u00a0<\/p>\n<p>\u00a0<\/p>\n<p>\u00a0\u00a0\u00a0\u00a0\u00a0\u00a0\u00a0\u00a0\u00a0\u00a0\u00a0 <\/p>\n<p>\u00a0<\/p>\n<p>\u00a0<\/p>\n<p>\u00a0<\/p>\n<p>\u00a0<\/p>\n<p>\u00a0<\/p>\n<p>\u00a0<\/p>\n<p>\u00a0<\/p>\n<p>\u00a0<\/p>\n<p>\u00a0<\/p>\n<p>\u00a0<\/p>\n<p>\u00a0<\/p>\n<p>Tore: \u00a0\u00a0 \u00a0 \u00a0 1:0 Olberding (Neteler)<\/p>\n<p>\u00a0\u00a0\u00a0\u00a0\u00a0\u00a0\u00a0\u00a0\u00a0\u00a0\u00a0\u00a0\u00a0\u00a0\u00a0 2:0 Kreinest (Otte)<\/p>\n<p>\u00a0\u00a0\u00a0\u00a0\u00a0\u00a0\u00a0\u00a0\u00a0\u00a0\u00a0\u00a0\u00a0\u00a0\u00a0 3:0 Otte (Strafsto\u00df; Neteler)<\/p>\n<p>\u00a0\u00a0\u00a0\u00a0\u00a0\u00a0\u00a0\u00a0\u00a0\u00a0\u00a0\u00a0\u00a0\u00a0\u00a0 4:0 Kreinest (Olberding)<\/p>\n<p>\u00a0\u00a0\u00a0\u00a0\u00a0\u00a0\u00a0\u00a0\u00a0\u00a0\u00a0\u00a0\u00a0\u00a0\u00a0 5:0 Otte (Strafsto\u00df; Neteler)<\/p>\n<p>\u00a0\u00a0\u00a0\u00a0\u00a0\u00a0\u00a0\u00a0\u00a0\u00a0\u00a0\u00a0\u00a0\u00a0\u00a0 6:0 Kreinest (Kohake)<\/p>\n<p>\u00a0\u00a0\u00a0\u00a0\u00a0\u00a0\u00a0\u00a0\u00a0\u00a0\u00a0\u00a0\u00a0\u00a0\u00a0 7:0 Otte<\/p>\n","protected":false},"excerpt":{"rendered":"<p>SW Osterfeine \u2013 GW Brockdorf II 7:0 Kurz vor der durch die Herbstferien bedingten Pause begr\u00fc\u00dften wir GW Brockdorf II zum bereits dritten Duell in dieser Saison. Das Pokalspiel konnten wir mit 7:1 f\u00fcr uns entscheiden und auch das Gastspiel der 2. A in Brockdorf konnte mit 1:5 siegreich gestaltet werden. Dadurch, dass unsere 2. [&hellip;]<\/p>\n","protected":false},"author":3,"featured_media":0,"comment_status":"closed","ping_status":"closed","sticky":false,"template":"","format":"standard","meta":{"footnotes":""},"categories":[3],"tags":[],"_links":{"self":[{"href":"https:\/\/sw-osterfeine.de\/index.php?rest_route=\/wp\/v2\/posts\/35305"}],"collection":[{"href":"https:\/\/sw-osterfeine.de\/index.php?rest_route=\/wp\/v2\/posts"}],"about":[{"href":"https:\/\/sw-osterfeine.de\/index.php?rest_route=\/wp\/v2\/types\/post"}],"author":[{"embeddable":true,"href":"https:\/\/sw-osterfeine.de\/index.php?rest_route=\/wp\/v2\/users\/3"}],"replies":[{"embeddable":true,"href":"https:\/\/sw-osterfeine.de\/index.php?rest_route=%2Fwp%2Fv2%2Fcomments&post=35305"}],"version-history":[{"count":1,"href":"https:\/\/sw-osterfeine.de\/index.php?rest_route=\/wp\/v2\/posts\/35305\/revisions"}],"predecessor-version":[{"id":35307,"href":"https:\/\/sw-osterfeine.de\/index.php?rest_route=\/wp\/v2\/posts\/35305\/revisions\/35307"}],"wp:attachment":[{"href":"https:\/\/sw-osterfeine.de\/index.php?rest_route=%2Fwp%2Fv2%2Fmedia&parent=35305"}],"wp:term":[{"taxonomy":"category","embeddable":true,"href":"https:\/\/sw-osterfeine.de\/index.php?rest_route=%2Fwp%2Fv2%2Fcategories&post=35305"},{"taxonomy":"post_tag","embeddable":true,"href":"https:\/\/sw-osterfeine.de\/index.php?rest_route=%2Fwp%2Fv2%2Ftags&post=35305"}],"curies":[{"name":"wp","href":"https:\/\/api.w.org\/{rel}","templated":true}]}}