{"id":35756,"date":"2024-11-19T10:41:45","date_gmt":"2024-11-19T09:41:45","guid":{"rendered":"https:\/\/sw-osterfeine.de\/?p=35756"},"modified":"2024-11-19T10:41:47","modified_gmt":"2024-11-19T09:41:47","slug":"hallenjubilaeum-faellt-aus","status":"publish","type":"post","link":"https:\/\/sw-osterfeine.de\/?p=35756","title":{"rendered":"\u00a0\u00a0\u00a0\u00a0\u00a0\u00a0\u00a0\u00a0\u00a0\u00a0\u00a0\u00a0\u00a0\u00a0\u00a0 Hallenjubil\u00e4um f\u00e4llt aus"},"content":{"rendered":"\n<p>Das f\u00fcr kommenden Sonntag in der Sporthalle geplante Programm zum 50 j\u00e4hrigen Bestehen der vereinseigenen Sporthalle muss aus organisatorischen Gr\u00fcnden leider ausfallen.<\/p>\n<p>Der ehrenamtliche Vorstand wird derzeit mit zahlreichen Aufgaben in vielen Bereichen der Organisation unseres Vereinslebens \u00fcberh\u00e4uft.<\/p>\n<p>Aufgrund der hohen zeitlichen Belastung bei der Verwaltung und Unterhaltung der umfangreichen Sportanlagen in Osterfeine und R\u00fcschendorf, der Organisation des laufenden Spielbetriebes, der Vorbereitung des 100j\u00e4hrigen Vereinsbestehens und der aktuell starken Zunahme b\u00fcrokratischer Vorg\u00e4nge war eine Organisation einer OSV-Sportschau nicht m\u00f6glich. Folglich haben wir uns aufgrund der \u00fcberhandnehmenden Forderungen an das OSV-Ehrenamt schweren Herzens entschieden, das Hallenjubil\u00e4um in einem anderen Rahmen und zu einem sp\u00e4teren Zeitpunkt zu begehen.<\/p>\n<p>\u00a0 \u00a0<\/p>\n","protected":false},"excerpt":{"rendered":"<p>Das f\u00fcr kommenden Sonntag in der Sporthalle geplante Programm zum 50 j\u00e4hrigen Bestehen der vereinseigenen Sporthalle muss aus organisatorischen Gr\u00fcnden leider ausfallen. Der ehrenamtliche Vorstand wird derzeit mit zahlreichen Aufgaben in vielen Bereichen der Organisation unseres Vereinslebens \u00fcberh\u00e4uft. Aufgrund der hohen zeitlichen Belastung bei der Verwaltung und Unterhaltung der umfangreichen Sportanlagen in Osterfeine und R\u00fcschendorf, [&hellip;]<\/p>\n","protected":false},"author":3,"featured_media":0,"comment_status":"closed","ping_status":"closed","sticky":false,"template":"","format":"standard","meta":{"footnotes":""},"categories":[92],"tags":[],"_links":{"self":[{"href":"https:\/\/sw-osterfeine.de\/index.php?rest_route=\/wp\/v2\/posts\/35756"}],"collection":[{"href":"https:\/\/sw-osterfeine.de\/index.php?rest_route=\/wp\/v2\/posts"}],"about":[{"href":"https:\/\/sw-osterfeine.de\/index.php?rest_route=\/wp\/v2\/types\/post"}],"author":[{"embeddable":true,"href":"https:\/\/sw-osterfeine.de\/index.php?rest_route=\/wp\/v2\/users\/3"}],"replies":[{"embeddable":true,"href":"https:\/\/sw-osterfeine.de\/index.php?rest_route=%2Fwp%2Fv2%2Fcomments&post=35756"}],"version-history":[{"count":1,"href":"https:\/\/sw-osterfeine.de\/index.php?rest_route=\/wp\/v2\/posts\/35756\/revisions"}],"predecessor-version":[{"id":35757,"href":"https:\/\/sw-osterfeine.de\/index.php?rest_route=\/wp\/v2\/posts\/35756\/revisions\/35757"}],"wp:attachment":[{"href":"https:\/\/sw-osterfeine.de\/index.php?rest_route=%2Fwp%2Fv2%2Fmedia&parent=35756"}],"wp:term":[{"taxonomy":"category","embeddable":true,"href":"https:\/\/sw-osterfeine.de\/index.php?rest_route=%2Fwp%2Fv2%2Fcategories&post=35756"},{"taxonomy":"post_tag","embeddable":true,"href":"https:\/\/sw-osterfeine.de\/index.php?rest_route=%2Fwp%2Fv2%2Ftags&post=35756"}],"curies":[{"name":"wp","href":"https:\/\/api.w.org\/{rel}","templated":true}]}}