{"id":35814,"date":"2024-11-28T15:53:37","date_gmt":"2024-11-28T14:53:37","guid":{"rendered":"https:\/\/sw-osterfeine.de\/?p=35814"},"modified":"2024-11-28T15:53:39","modified_gmt":"2024-11-28T14:53:39","slug":"hallenrunde-fuba-e-jugend","status":"publish","type":"post","link":"https:\/\/sw-osterfeine.de\/?p=35814","title":{"rendered":"Hallenrunde Fuba E-Jugend"},"content":{"rendered":"\n<p style=\"margin: 0cm; margin-bottom: .0001pt;\"><b><span style=\"font-size: 10.5pt; font-family: 'Helvetica',sans-serif; color: #111111;\">Zusammenfassung der Hallenmeisterschaft 2024 der 1. E-Jugend des SW Osterfeine<\/span><\/b><span style=\"font-size: 10.5pt; color: #111111;\">\u00a0<\/span><\/p>\n<p style=\"margin: 0cm; margin-bottom: .0001pt; font-variant-caps: normal; font-stretch: normal; font-size-adjust: none; font-kerning: auto; font-variant-alternates: normal; font-variant-ligatures: normal; font-variant-numeric: normal; font-variant-east-asian: normal; font-variant-position: normal; font-variant-emoji: normal; font-feature-settings: normal; font-optical-sizing: auto; font-variation-settings: normal;\"><span style=\"font-size: 10.5pt; font-family: 'Helvetica',sans-serif; color: #111111;\">Die 1. E-Jugend des SW Osterfeine blickt auf eine ereignisreiche und spannende Hallensaison 2024 zur\u00fcck. Mit Teamgeist und Leidenschaft k\u00e4mpften sich unsere Jungs in der Leistungsklasse 1 durch zwei Vorrundenturniere bis in die Endrunde 1, wo sie sich mit den besten Teams des Kreises messen durften. Am Ende stand der 7. Platz in der Endrunde.<\/span><\/p>\n<p style=\"margin: 0cm; margin-bottom: .0001pt; font-variant-caps: normal; font-stretch: normal; font-size-adjust: none; font-kerning: auto; font-variant-alternates: normal; font-variant-ligatures: normal; font-variant-numeric: normal; font-variant-east-asian: normal; font-variant-position: normal; font-variant-emoji: normal; font-feature-settings: normal; font-optical-sizing: auto; font-variation-settings: normal; min-height: 16.1px;\"><span style=\"font-size: 10.5pt; color: #111111;\">\u00a0<\/span><\/p>\n<p style=\"margin: 0cm; margin-bottom: .0001pt; font-variant-caps: normal; font-stretch: normal; font-size-adjust: none; font-kerning: auto; font-variant-alternates: normal; font-variant-ligatures: normal; font-variant-numeric: normal; font-variant-east-asian: normal; font-variant-position: normal; font-variant-emoji: normal; font-feature-settings: normal; font-optical-sizing: auto; font-variation-settings: normal;\"><b><span style=\"font-size: 10.5pt; font-family: 'Helvetica',sans-serif; color: #111111;\">Vorrunden: Stark in der Gruppe unterwegs<\/span><\/b><\/p>\n<p style=\"margin: 0cm; margin-bottom: .0001pt; font-variant-caps: normal; font-stretch: normal; font-size-adjust: none; font-kerning: auto; font-variant-alternates: normal; font-variant-ligatures: normal; font-variant-numeric: normal; font-variant-east-asian: normal; font-variant-position: normal; font-variant-emoji: normal; font-feature-settings: normal; font-optical-sizing: auto; font-variation-settings: normal;\"><span style=\"font-size: 10.5pt; font-family: 'Helvetica',sans-serif; color: #111111;\">Die Hallensaison begann am 09.11.2024 mit dem ersten Vorrundenturnier. In einer Gruppe mit sechs starken Gegnern \u00fcberzeugte Osterfeine mit einem k\u00e4mpferischen Auftritt. Mit 11 Punkten und dem 2. Platz in der Tabelle schuf sich das Team eine gute Ausgangsposition f\u00fcr das zweite Turnier.<\/span><\/p>\n<p style=\"margin: 0cm; margin-bottom: .0001pt; font-variant-caps: normal; font-stretch: normal; font-size-adjust: none; font-kerning: auto; font-variant-alternates: normal; font-variant-ligatures: normal; font-variant-numeric: normal; font-variant-east-asian: normal; font-variant-position: normal; font-variant-emoji: normal; font-feature-settings: normal; font-optical-sizing: auto; font-variation-settings: normal; min-height: 16.1px;\"><span style=\"font-size: 10.5pt; color: #111111;\">\u00a0<\/span><\/p>\n<p style=\"margin: 0cm; margin-bottom: .0001pt; font-variant-caps: normal; font-stretch: normal; font-size-adjust: none; font-kerning: auto; font-variant-alternates: normal; font-variant-ligatures: normal; font-variant-numeric: normal; font-variant-east-asian: normal; font-variant-position: normal; font-variant-emoji: normal; font-feature-settings: normal; font-optical-sizing: auto; font-variation-settings: normal;\"><span style=\"font-size: 10.5pt; font-family: 'Helvetica',sans-serif; color: #111111;\">Am 16.11.2024 fand das zweite Vorrundenturnier statt, und auch hier zeigte Osterfeine starke Leistungen. H\u00f6hepunkte waren die Siege gegen TuS Neuenkirchen (2:0) und VfL Oythe II (2:0). Mit 20 Punkten aus beiden Vorrundenturnieren sicherte sich die Mannschaft erneut den 2. Platz und damit die verdiente Qualifikation f\u00fcr die Endrunde 1 der Hallenkreismeisterschaft.<\/span><\/p>\n<p style=\"margin: 0cm; margin-bottom: .0001pt; font-variant-caps: normal; font-stretch: normal; font-size-adjust: none; font-kerning: auto; font-variant-alternates: normal; font-variant-ligatures: normal; font-variant-numeric: normal; font-variant-east-asian: normal; font-variant-position: normal; font-variant-emoji: normal; font-feature-settings: normal; font-optical-sizing: auto; font-variation-settings: normal; min-height: 16.1px;\"><span style=\"font-size: 10.5pt; color: #111111;\">\u00a0<\/span><\/p>\n<p style=\"margin: 0cm; margin-bottom: .0001pt; font-variant-caps: normal; font-stretch: normal; font-size-adjust: none; font-kerning: auto; font-variant-alternates: normal; font-variant-ligatures: normal; font-variant-numeric: normal; font-variant-east-asian: normal; font-variant-position: normal; font-variant-emoji: normal; font-feature-settings: normal; font-optical-sizing: auto; font-variation-settings: normal;\"><b><span style=\"font-size: 10.5pt; font-family: 'Helvetica',sans-serif; color: #111111;\">Endrunde: Messen mit den besten Teams<\/span><\/b><\/p>\n<p style=\"margin: 0cm; margin-bottom: .0001pt; font-variant-caps: normal; font-stretch: normal; font-size-adjust: none; font-kerning: auto; font-variant-alternates: normal; font-variant-ligatures: normal; font-variant-numeric: normal; font-variant-east-asian: normal; font-variant-position: normal; font-variant-emoji: normal; font-feature-settings: normal; font-optical-sizing: auto; font-variation-settings: normal;\"><span style=\"font-size: 10.5pt; font-family: 'Helvetica',sans-serif; color: #111111;\">Am 24.11.2024 trat Osterfeine in Visbek gegen die besten Mannschaften des Kreises an: JSG Holdorf\/Langenberg, RW Damme, VfL Oythe, TV Dinklage, SC Bakum und SFN Vechta. Nach einem vielversprechenden Start mit einem 2:2 (2:0 R\u00fcckstand aufgeholt) gegen Holdorf\/Langenberg und einem deutlichen 4:0-Erfolg gegen RW Damme hoffte das Team auf eine gute Platzierung.<\/span><\/p>\n<p style=\"margin: 0cm; margin-bottom: .0001pt; font-variant-caps: normal; font-stretch: normal; font-size-adjust: none; font-kerning: auto; font-variant-alternates: normal; font-variant-ligatures: normal; font-variant-numeric: normal; font-variant-east-asian: normal; font-variant-position: normal; font-variant-emoji: normal; font-feature-settings: normal; font-optical-sizing: auto; font-variation-settings: normal; min-height: 16.1px;\"><span style=\"font-size: 10.5pt; color: #111111;\">\u00a0<\/span><\/p>\n<p style=\"margin: 0cm; margin-bottom: .0001pt; font-variant-caps: normal; font-stretch: normal; font-size-adjust: none; font-kerning: auto; font-variant-alternates: normal; font-variant-ligatures: normal; font-variant-numeric: normal; font-variant-east-asian: normal; font-variant-position: normal; font-variant-emoji: normal; font-feature-settings: normal; font-optical-sizing: auto; font-variation-settings: normal;\"><span style=\"font-size: 10.5pt; font-family: 'Helvetica',sans-serif; color: #111111;\">Doch in den folgenden Spielen musste sich Osterfeine gegen die starken Gegner geschlagen geben. Niederlagen gegen VfL Oythe (0:2), TV Dinklage (1:2), SC Bakum (0:2) und SFN Vechta (0:3) verhinderten ein besseres Abschneiden. Am Ende reichte es mit 4 Punkten f\u00fcr den 7. Platz in der Endrunde 1.\u00a0<\/span><\/p>\n<p><a href=\"https:\/\/sw-osterfeine.de\/wp-content\/uploads\/2024\/11\/E-Jugend-scaled.jpg\" data-rel=\"lightbox-image-0\" data-rl_title=\"\" data-rl_caption=\"\" title=\"\"><img loading=\"lazy\" decoding=\"async\" class=\"alignleft size-large wp-image-35815\" src=\"https:\/\/sw-osterfeine.de\/wp-content\/uploads\/2024\/11\/E-Jugend-1024x767.jpg\" alt=\"\" width=\"1024\" height=\"767\" srcset=\"https:\/\/sw-osterfeine.de\/wp-content\/uploads\/2024\/11\/E-Jugend-1024x767.jpg 1024w, https:\/\/sw-osterfeine.de\/wp-content\/uploads\/2024\/11\/E-Jugend-300x225.jpg 300w, https:\/\/sw-osterfeine.de\/wp-content\/uploads\/2024\/11\/E-Jugend-768x576.jpg 768w, https:\/\/sw-osterfeine.de\/wp-content\/uploads\/2024\/11\/E-Jugend-1536x1151.jpg 1536w, https:\/\/sw-osterfeine.de\/wp-content\/uploads\/2024\/11\/E-Jugend-2048x1535.jpg 2048w\" sizes=\"(max-width: 1024px) 100vw, 1024px\" \/><\/a><\/p>\n","protected":false},"excerpt":{"rendered":"<p>Zusammenfassung der Hallenmeisterschaft 2024 der 1. E-Jugend des SW Osterfeine\u00a0 Die 1. E-Jugend des SW Osterfeine blickt auf eine ereignisreiche und spannende Hallensaison 2024 zur\u00fcck. Mit Teamgeist und Leidenschaft k\u00e4mpften sich unsere Jungs in der Leistungsklasse 1 durch zwei Vorrundenturniere bis in die Endrunde 1, wo sie sich mit den besten Teams des Kreises messen [&hellip;]<\/p>\n","protected":false},"author":3,"featured_media":0,"comment_status":"closed","ping_status":"closed","sticky":false,"template":"","format":"standard","meta":{"footnotes":""},"categories":[3],"tags":[],"_links":{"self":[{"href":"https:\/\/sw-osterfeine.de\/index.php?rest_route=\/wp\/v2\/posts\/35814"}],"collection":[{"href":"https:\/\/sw-osterfeine.de\/index.php?rest_route=\/wp\/v2\/posts"}],"about":[{"href":"https:\/\/sw-osterfeine.de\/index.php?rest_route=\/wp\/v2\/types\/post"}],"author":[{"embeddable":true,"href":"https:\/\/sw-osterfeine.de\/index.php?rest_route=\/wp\/v2\/users\/3"}],"replies":[{"embeddable":true,"href":"https:\/\/sw-osterfeine.de\/index.php?rest_route=%2Fwp%2Fv2%2Fcomments&post=35814"}],"version-history":[{"count":1,"href":"https:\/\/sw-osterfeine.de\/index.php?rest_route=\/wp\/v2\/posts\/35814\/revisions"}],"predecessor-version":[{"id":35816,"href":"https:\/\/sw-osterfeine.de\/index.php?rest_route=\/wp\/v2\/posts\/35814\/revisions\/35816"}],"wp:attachment":[{"href":"https:\/\/sw-osterfeine.de\/index.php?rest_route=%2Fwp%2Fv2%2Fmedia&parent=35814"}],"wp:term":[{"taxonomy":"category","embeddable":true,"href":"https:\/\/sw-osterfeine.de\/index.php?rest_route=%2Fwp%2Fv2%2Fcategories&post=35814"},{"taxonomy":"post_tag","embeddable":true,"href":"https:\/\/sw-osterfeine.de\/index.php?rest_route=%2Fwp%2Fv2%2Ftags&post=35814"}],"curies":[{"name":"wp","href":"https:\/\/api.w.org\/{rel}","templated":true}]}}