{"id":35850,"date":"2024-12-05T11:02:19","date_gmt":"2024-12-05T10:02:19","guid":{"rendered":"https:\/\/sw-osterfeine.de\/?p=35850"},"modified":"2024-12-05T11:02:25","modified_gmt":"2024-12-05T10:02:25","slug":"mannschaftstag-der-1-e-jugend-im-bullermeck","status":"publish","type":"post","link":"https:\/\/sw-osterfeine.de\/?p=35850","title":{"rendered":"Mannschaftstag der 1. E-Jugend im Bullermeck"},"content":{"rendered":"\n<p style=\"margin: 0cm; margin-bottom: .0001pt;\"><b><span style=\"font-family: 'Helvetica','sans-serif'; color: #111111;\">1.E-Jugend des SW Osterfeine genie\u00dft Team-Nachmittag im BULLERMECK<\/span><\/b><\/p>\n<p style=\"margin: 0cm; margin-bottom: .0001pt; font-variant-caps: normal; font-stretch: normal; font-size-adjust: none; font-kerning: auto; font-variant-alternates: normal; font-variant-ligatures: normal; font-variant-numeric: normal; font-variant-east-asian: normal; font-variant-position: normal; font-variant-emoji: normal; font-feature-settings: normal; font-optical-sizing: auto; font-variation-settings: normal; min-height: 17.2px;\"><span style=\"font-size: 11.5pt; color: #111111;\">\u00a0<\/span><span style=\"font-size: 11.5pt; font-family: 'Helvetica','sans-serif'; color: #111111;\">Am vergangenen Sonntag, dem 1. Dezember 2024, l\u00f6ste die 1. E-Jugend des SW Osterfeine ihre Siegpr\u00e4mie vom Bullermeck-Cup ein und verbrachte einen unvergesslichen Nachmittag im Freizeit- und FunCenter Bullermeck am Alfsee. Dieser besondere Tag war eine wohlverdiente Belohnung f\u00fcr den ersten Platz beim Sommerturnier und bot den jungen Fu\u00dfballern die M\u00f6glichkeit, ihre Teamf\u00e4higkeit und ihr Geschick auch abseits des Fu\u00dfballplatzes unter Beweis zu stellen.<\/span><\/p>\n<p style=\"margin: 0cm; margin-bottom: .0001pt; font-variant-caps: normal; font-stretch: normal; font-size-adjust: none; font-kerning: auto; font-variant-alternates: normal; font-variant-ligatures: normal; font-variant-numeric: normal; font-variant-east-asian: normal; font-variant-position: normal; font-variant-emoji: normal; font-feature-settings: normal; font-optical-sizing: auto; font-variation-settings: normal; min-height: 17.2px;\"><span style=\"font-size: 11.5pt; font-family: 'Helvetica','sans-serif'; color: #111111;\">Das abwechslungsreiche Programm im Bullermeck lie\u00df keine W\u00fcnsche offen. Die Jungs hatten sichtlich Spa\u00df beim Klettern im Hochseilgarten, interaktiven Spielen wie Valo-Jump oder Valo-Arena sowie auf den vielseitigen Trampolinanlagen. Beliebt war auch das Actionfeld f\u00fcr Fu\u00dfball-Matches und die Messanlage auf dem die Geschwindigkeit ihrer Sch\u00fcsse angezeigt wurden. Der sportliche Ehrgeiz war auch hier deutlich sp\u00fcrbar, doch der Spa\u00df stand im Vordergrund.<\/span><\/p>\n<p style=\"margin: 0cm; margin-bottom: .0001pt; font-variant-caps: normal; font-stretch: normal; font-size-adjust: none; font-kerning: auto; font-variant-alternates: normal; font-variant-ligatures: normal; font-variant-numeric: normal; font-variant-east-asian: normal; font-variant-position: normal; font-variant-emoji: normal; font-feature-settings: normal; font-optical-sizing: auto; font-variation-settings: normal; min-height: 17.2px;\"><span style=\"font-size: 11.5pt; font-family: 'Helvetica','sans-serif'; color: #111111;\">Gut ausger\u00fcstet mit Getr\u00e4nken, Muffins und Knabbereien machte sich die Mannschaft mit dem SWO-Bulli auf den Weg zu diesem besonderen Ausflug. F\u00fcr alle Beteiligten war dieser Nachmittag eine tolle Abwechslung zur Hallensaison und bot Gelegenheit, abseits des Trainingsplatzes gemeinsam zu entspannen, zu lachen und neue Energie zu tanken.\u00a0<\/span><\/p>\n\n\t\t<style type=\"text\/css\">\n\t\t\t#gallery-1 {\n\t\t\t\tmargin: auto;\n\t\t\t}\n\t\t\t#gallery-1 .gallery-item {\n\t\t\t\tfloat: left;\n\t\t\t\tmargin-top: 10px;\n\t\t\t\ttext-align: center;\n\t\t\t\twidth: 33%;\n\t\t\t}\n\t\t\t#gallery-1 img {\n\t\t\t\tborder: 2px solid #cfcfcf;\n\t\t\t}\n\t\t\t#gallery-1 .gallery-caption {\n\t\t\t\tmargin-left: 0;\n\t\t\t}\n\t\t\t\/* see gallery_shortcode() in wp-includes\/media.php *\/\n\t\t<\/style>\n\t\t<div id='gallery-1' class='gallery galleryid-35850 gallery-columns-3 gallery-size-thumbnail'><dl class='gallery-item'>\n\t\t\t<dt class='gallery-icon landscape'>\n\t\t\t\t<a href='https:\/\/sw-osterfeine.de\/wp-content\/uploads\/2024\/12\/1-1-scaled.jpg' title=\"\" data-rl_title=\"\" class=\"rl-gallery-link\" data-rl_caption=\"\" data-rel=\"lightbox-gallery-1\"><img loading=\"lazy\" decoding=\"async\" width=\"150\" height=\"150\" src=\"https:\/\/sw-osterfeine.de\/wp-content\/uploads\/2024\/12\/1-1-150x150.jpg\" class=\"attachment-thumbnail size-thumbnail\" alt=\"\" \/><\/a>\n\t\t\t<\/dt><\/dl><dl class='gallery-item'>\n\t\t\t<dt class='gallery-icon portrait'>\n\t\t\t\t<a href='https:\/\/sw-osterfeine.de\/wp-content\/uploads\/2024\/12\/2.jpg' title=\"\" data-rl_title=\"\" class=\"rl-gallery-link\" data-rl_caption=\"\" data-rel=\"lightbox-gallery-1\"><img loading=\"lazy\" decoding=\"async\" width=\"150\" height=\"150\" src=\"https:\/\/sw-osterfeine.de\/wp-content\/uploads\/2024\/12\/2-150x150.jpg\" class=\"attachment-thumbnail size-thumbnail\" alt=\"\" \/><\/a>\n\t\t\t<\/dt><\/dl><dl class='gallery-item'>\n\t\t\t<dt class='gallery-icon landscape'>\n\t\t\t\t<a href='https:\/\/sw-osterfeine.de\/wp-content\/uploads\/2024\/12\/3-scaled.jpg' title=\"\" data-rl_title=\"\" class=\"rl-gallery-link\" data-rl_caption=\"\" data-rel=\"lightbox-gallery-1\"><img loading=\"lazy\" decoding=\"async\" width=\"150\" height=\"150\" src=\"https:\/\/sw-osterfeine.de\/wp-content\/uploads\/2024\/12\/3-150x150.jpg\" class=\"attachment-thumbnail size-thumbnail\" alt=\"\" \/><\/a>\n\t\t\t<\/dt><\/dl><br style=\"clear: both\" \/>\n\t\t<\/div>\n\n","protected":false},"excerpt":{"rendered":"<p>1.E-Jugend des SW Osterfeine genie\u00dft Team-Nachmittag im BULLERMECK \u00a0Am vergangenen Sonntag, dem 1. Dezember 2024, l\u00f6ste die 1. E-Jugend des SW Osterfeine ihre Siegpr\u00e4mie vom Bullermeck-Cup ein und verbrachte einen unvergesslichen Nachmittag im Freizeit- und FunCenter Bullermeck am Alfsee. Dieser besondere Tag war eine wohlverdiente Belohnung f\u00fcr den ersten Platz beim Sommerturnier und bot den [&hellip;]<\/p>\n","protected":false},"author":3,"featured_media":0,"comment_status":"closed","ping_status":"closed","sticky":false,"template":"","format":"standard","meta":{"footnotes":""},"categories":[3],"tags":[],"_links":{"self":[{"href":"https:\/\/sw-osterfeine.de\/index.php?rest_route=\/wp\/v2\/posts\/35850"}],"collection":[{"href":"https:\/\/sw-osterfeine.de\/index.php?rest_route=\/wp\/v2\/posts"}],"about":[{"href":"https:\/\/sw-osterfeine.de\/index.php?rest_route=\/wp\/v2\/types\/post"}],"author":[{"embeddable":true,"href":"https:\/\/sw-osterfeine.de\/index.php?rest_route=\/wp\/v2\/users\/3"}],"replies":[{"embeddable":true,"href":"https:\/\/sw-osterfeine.de\/index.php?rest_route=%2Fwp%2Fv2%2Fcomments&post=35850"}],"version-history":[{"count":1,"href":"https:\/\/sw-osterfeine.de\/index.php?rest_route=\/wp\/v2\/posts\/35850\/revisions"}],"predecessor-version":[{"id":35854,"href":"https:\/\/sw-osterfeine.de\/index.php?rest_route=\/wp\/v2\/posts\/35850\/revisions\/35854"}],"wp:attachment":[{"href":"https:\/\/sw-osterfeine.de\/index.php?rest_route=%2Fwp%2Fv2%2Fmedia&parent=35850"}],"wp:term":[{"taxonomy":"category","embeddable":true,"href":"https:\/\/sw-osterfeine.de\/index.php?rest_route=%2Fwp%2Fv2%2Fcategories&post=35850"},{"taxonomy":"post_tag","embeddable":true,"href":"https:\/\/sw-osterfeine.de\/index.php?rest_route=%2Fwp%2Fv2%2Ftags&post=35850"}],"curies":[{"name":"wp","href":"https:\/\/api.w.org\/{rel}","templated":true}]}}