{"id":35860,"date":"2024-12-05T11:39:23","date_gmt":"2024-12-05T10:39:23","guid":{"rendered":"https:\/\/sw-osterfeine.de\/?p=35860"},"modified":"2024-12-05T11:39:26","modified_gmt":"2024-12-05T10:39:26","slug":"heigln-2","status":"publish","type":"post","link":"https:\/\/sw-osterfeine.de\/?p=35860","title":{"rendered":"Heigln"},"content":{"rendered":"\n<p>Nach ,,getaner Arbeit\u201c\u201c traf sich die Gruppe Heigln im Clubraum zu einer gem\u00fctlichen Runde mit Kaffee und Pl\u00e4tzchen. Die Kursleiterin Mechthild R\u00f6mer erhielt f\u00fcr ihren unerm\u00fcdlichen Einsatz (egal bei welchem Wetter) ein Dankesch\u00f6n. Damit kann es im n\u00e4chsten Jahr Woche f\u00fcr Woche weitergehen.<\/p>\n<p><a href=\"https:\/\/sw-osterfeine.de\/wp-content\/uploads\/2024\/12\/WhatsApp-Bild-2024-12-05-um-11.32.41_864ac9cd.jpg\" data-rel=\"lightbox-image-0\" data-rl_title=\"\" data-rl_caption=\"\" title=\"\"><img loading=\"lazy\" decoding=\"async\" class=\"alignleft size-large wp-image-35862\" src=\"https:\/\/sw-osterfeine.de\/wp-content\/uploads\/2024\/12\/WhatsApp-Bild-2024-12-05-um-11.32.41_864ac9cd-768x1024.jpg\" alt=\"\" width=\"768\" height=\"1024\" srcset=\"https:\/\/sw-osterfeine.de\/wp-content\/uploads\/2024\/12\/WhatsApp-Bild-2024-12-05-um-11.32.41_864ac9cd-768x1024.jpg 768w, https:\/\/sw-osterfeine.de\/wp-content\/uploads\/2024\/12\/WhatsApp-Bild-2024-12-05-um-11.32.41_864ac9cd-225x300.jpg 225w, https:\/\/sw-osterfeine.de\/wp-content\/uploads\/2024\/12\/WhatsApp-Bild-2024-12-05-um-11.32.41_864ac9cd-1152x1536.jpg 1152w, https:\/\/sw-osterfeine.de\/wp-content\/uploads\/2024\/12\/WhatsApp-Bild-2024-12-05-um-11.32.41_864ac9cd.jpg 1200w\" sizes=\"(max-width: 768px) 100vw, 768px\" \/><\/a> <a href=\"https:\/\/sw-osterfeine.de\/wp-content\/uploads\/2024\/12\/WhatsApp-Bild-2024-12-05-um-11.32.24_518a557e.jpg\" data-rel=\"lightbox-image-1\" data-rl_title=\"\" data-rl_caption=\"\" title=\"\"><img loading=\"lazy\" decoding=\"async\" class=\"alignleft size-large wp-image-35861\" src=\"https:\/\/sw-osterfeine.de\/wp-content\/uploads\/2024\/12\/WhatsApp-Bild-2024-12-05-um-11.32.24_518a557e-768x1024.jpg\" alt=\"\" width=\"768\" height=\"1024\" srcset=\"https:\/\/sw-osterfeine.de\/wp-content\/uploads\/2024\/12\/WhatsApp-Bild-2024-12-05-um-11.32.24_518a557e-768x1024.jpg 768w, https:\/\/sw-osterfeine.de\/wp-content\/uploads\/2024\/12\/WhatsApp-Bild-2024-12-05-um-11.32.24_518a557e-225x300.jpg 225w, https:\/\/sw-osterfeine.de\/wp-content\/uploads\/2024\/12\/WhatsApp-Bild-2024-12-05-um-11.32.24_518a557e-1152x1536.jpg 1152w, https:\/\/sw-osterfeine.de\/wp-content\/uploads\/2024\/12\/WhatsApp-Bild-2024-12-05-um-11.32.24_518a557e.jpg 1200w\" sizes=\"(max-width: 768px) 100vw, 768px\" \/><\/a><\/p>\n","protected":false},"excerpt":{"rendered":"<p>Nach ,,getaner Arbeit\u201c\u201c traf sich die Gruppe Heigln im Clubraum zu einer gem\u00fctlichen Runde mit Kaffee und Pl\u00e4tzchen. Die Kursleiterin Mechthild R\u00f6mer erhielt f\u00fcr ihren unerm\u00fcdlichen Einsatz (egal bei welchem Wetter) ein Dankesch\u00f6n. Damit kann es im n\u00e4chsten Jahr Woche f\u00fcr Woche weitergehen.<\/p>\n","protected":false},"author":3,"featured_media":0,"comment_status":"closed","ping_status":"closed","sticky":false,"template":"","format":"standard","meta":{"footnotes":""},"categories":[42],"tags":[],"_links":{"self":[{"href":"https:\/\/sw-osterfeine.de\/index.php?rest_route=\/wp\/v2\/posts\/35860"}],"collection":[{"href":"https:\/\/sw-osterfeine.de\/index.php?rest_route=\/wp\/v2\/posts"}],"about":[{"href":"https:\/\/sw-osterfeine.de\/index.php?rest_route=\/wp\/v2\/types\/post"}],"author":[{"embeddable":true,"href":"https:\/\/sw-osterfeine.de\/index.php?rest_route=\/wp\/v2\/users\/3"}],"replies":[{"embeddable":true,"href":"https:\/\/sw-osterfeine.de\/index.php?rest_route=%2Fwp%2Fv2%2Fcomments&post=35860"}],"version-history":[{"count":1,"href":"https:\/\/sw-osterfeine.de\/index.php?rest_route=\/wp\/v2\/posts\/35860\/revisions"}],"predecessor-version":[{"id":35863,"href":"https:\/\/sw-osterfeine.de\/index.php?rest_route=\/wp\/v2\/posts\/35860\/revisions\/35863"}],"wp:attachment":[{"href":"https:\/\/sw-osterfeine.de\/index.php?rest_route=%2Fwp%2Fv2%2Fmedia&parent=35860"}],"wp:term":[{"taxonomy":"category","embeddable":true,"href":"https:\/\/sw-osterfeine.de\/index.php?rest_route=%2Fwp%2Fv2%2Fcategories&post=35860"},{"taxonomy":"post_tag","embeddable":true,"href":"https:\/\/sw-osterfeine.de\/index.php?rest_route=%2Fwp%2Fv2%2Ftags&post=35860"}],"curies":[{"name":"wp","href":"https:\/\/api.w.org\/{rel}","templated":true}]}}