{"id":35864,"date":"2024-12-06T18:03:20","date_gmt":"2024-12-06T17:03:20","guid":{"rendered":"https:\/\/sw-osterfeine.de\/?p=35864"},"modified":"2024-12-06T18:03:22","modified_gmt":"2024-12-06T17:03:22","slug":"spielbericht-2-damen-3","status":"publish","type":"post","link":"https:\/\/sw-osterfeine.de\/?p=35864","title":{"rendered":"Spielbericht 2 Damen"},"content":{"rendered":"\n<p>Am vergangenen Samstag fand unsere Begegnung gegen den TuS Lemf\u00f6rde statt\u2026 viel braucht man zu dem Spiel nicht sagen, da wir selber wissen, dass das Spiel und unsere Abwehr nicht unseren Spielwillen und unsere sonstige Leistung widergespiegelt hat\u2026 Das Spiel startete direkt unausgeglichen, Lemf\u00f6rde konnte sich schnell absetzen\u2026 Die Leistung und das Spielverhalten von Lemf\u00f6rde war uns bereits bekannt, trotzdem hatten wir uns vorgenommen, dass uns das nicht abschrecken soll und wir unser Ding machen\u2026 Trotzdem gingen wir mit einem R\u00fcckstand in die Halbzeit, den wir zwar versuchten, aufzuholen, doch ab der 45. Minute hatten wir erneut eine Blockade, die sich nicht mehr l\u00f6ste \u2026 dementsprechend das Ergebnis von 46:26 Wir hoffen, dass wir an unserer alten Leistung wieder im n\u00e4chsten Heimspiel gegen Bramsche am 10.12 ankn\u00fcpfen k\u00f6nnen\u2026 kommt gerne vorbei und unterst\u00fctzt uns!<\/p>\n<p>\u00a0<\/p>\n","protected":false},"excerpt":{"rendered":"<p>Am vergangenen Samstag fand unsere Begegnung gegen den TuS Lemf\u00f6rde statt\u2026 viel braucht man zu dem Spiel nicht sagen, da wir selber wissen, dass das Spiel und unsere Abwehr nicht unseren Spielwillen und unsere sonstige Leistung widergespiegelt hat\u2026 Das Spiel startete direkt unausgeglichen, Lemf\u00f6rde konnte sich schnell absetzen\u2026 Die Leistung und das Spielverhalten von Lemf\u00f6rde [&hellip;]<\/p>\n","protected":false},"author":3,"featured_media":0,"comment_status":"closed","ping_status":"closed","sticky":false,"template":"","format":"standard","meta":{"footnotes":""},"categories":[1],"tags":[],"_links":{"self":[{"href":"https:\/\/sw-osterfeine.de\/index.php?rest_route=\/wp\/v2\/posts\/35864"}],"collection":[{"href":"https:\/\/sw-osterfeine.de\/index.php?rest_route=\/wp\/v2\/posts"}],"about":[{"href":"https:\/\/sw-osterfeine.de\/index.php?rest_route=\/wp\/v2\/types\/post"}],"author":[{"embeddable":true,"href":"https:\/\/sw-osterfeine.de\/index.php?rest_route=\/wp\/v2\/users\/3"}],"replies":[{"embeddable":true,"href":"https:\/\/sw-osterfeine.de\/index.php?rest_route=%2Fwp%2Fv2%2Fcomments&post=35864"}],"version-history":[{"count":1,"href":"https:\/\/sw-osterfeine.de\/index.php?rest_route=\/wp\/v2\/posts\/35864\/revisions"}],"predecessor-version":[{"id":35865,"href":"https:\/\/sw-osterfeine.de\/index.php?rest_route=\/wp\/v2\/posts\/35864\/revisions\/35865"}],"wp:attachment":[{"href":"https:\/\/sw-osterfeine.de\/index.php?rest_route=%2Fwp%2Fv2%2Fmedia&parent=35864"}],"wp:term":[{"taxonomy":"category","embeddable":true,"href":"https:\/\/sw-osterfeine.de\/index.php?rest_route=%2Fwp%2Fv2%2Fcategories&post=35864"},{"taxonomy":"post_tag","embeddable":true,"href":"https:\/\/sw-osterfeine.de\/index.php?rest_route=%2Fwp%2Fv2%2Ftags&post=35864"}],"curies":[{"name":"wp","href":"https:\/\/api.w.org\/{rel}","templated":true}]}}