{"id":35905,"date":"2025-01-07T10:07:36","date_gmt":"2025-01-07T09:07:36","guid":{"rendered":"https:\/\/sw-osterfeine.de\/?p=35905"},"modified":"2025-01-07T10:07:38","modified_gmt":"2025-01-07T09:07:38","slug":"spielbericht-1-damen-tus-haren","status":"publish","type":"post","link":"https:\/\/sw-osterfeine.de\/?p=35905","title":{"rendered":"Spielbericht 1. Damen &#8211; TuS Haren"},"content":{"rendered":"\n<p><strong>Erstes Spiel im Jahr 2025\u00a0<\/strong><\/p>\n<p>Am ersten Wochenende des neue Jahres ging es f\u00fcr uns nach Haren. Wir waren sehr fest entschlossen die n\u00e4chsten 2 Punkte mit nach Hause zu nehmen, doch leider gestaltete sich das ziemlich schwierig. Wir fanden in der Abwehr nicht zu unserem Spiel und lie\u00dfen unsere Gegnerinnen immer wieder zu freien Wurfchancen kommen. Hinzu kamen dann auch noch viele unn\u00f6tig verschenkte B\u00e4lle. \u00dcber 60 Minuten war es ein sehr enges Spiel und keine Mannschaft konnte sich absetzen. Trotz einer sehr ausbauf\u00e4higen Leistung lie\u00dfen wir nicht locker. Au\u00dferdem konnten wir uns wieder einmal auf unsere Torfrau Frauke verlassen, die einige freie B\u00e4lle parierte. So konnten wir uns am Ende immerhin einen Punkt erk\u00e4mpfen. Das Spiel endete 29:29.\u00a0<\/p>\n<p>Tore: Julia (8\/4), Hannah (5), Lulu (4), Ulli, K\u00e4the &amp; Anna (3), Lena (2), Greta (1)<\/p>\n<p>Am 11.01. um 16 Uhr findet dann unser erstes R\u00fcckrundenspiel gegen die HSG Osnabr\u00fcck || statt.\u00a0<\/p>\n<p>\u00a0<\/p>\n<p>\u00a0<\/p>\n","protected":false},"excerpt":{"rendered":"<p>Erstes Spiel im Jahr 2025\u00a0 Am ersten Wochenende des neue Jahres ging es f\u00fcr uns nach Haren. Wir waren sehr fest entschlossen die n\u00e4chsten 2 Punkte mit nach Hause zu nehmen, doch leider gestaltete sich das ziemlich schwierig. Wir fanden in der Abwehr nicht zu unserem Spiel und lie\u00dfen unsere Gegnerinnen immer wieder zu freien [&hellip;]<\/p>\n","protected":false},"author":3,"featured_media":0,"comment_status":"closed","ping_status":"closed","sticky":false,"template":"","format":"standard","meta":{"footnotes":""},"categories":[1],"tags":[],"_links":{"self":[{"href":"https:\/\/sw-osterfeine.de\/index.php?rest_route=\/wp\/v2\/posts\/35905"}],"collection":[{"href":"https:\/\/sw-osterfeine.de\/index.php?rest_route=\/wp\/v2\/posts"}],"about":[{"href":"https:\/\/sw-osterfeine.de\/index.php?rest_route=\/wp\/v2\/types\/post"}],"author":[{"embeddable":true,"href":"https:\/\/sw-osterfeine.de\/index.php?rest_route=\/wp\/v2\/users\/3"}],"replies":[{"embeddable":true,"href":"https:\/\/sw-osterfeine.de\/index.php?rest_route=%2Fwp%2Fv2%2Fcomments&post=35905"}],"version-history":[{"count":1,"href":"https:\/\/sw-osterfeine.de\/index.php?rest_route=\/wp\/v2\/posts\/35905\/revisions"}],"predecessor-version":[{"id":35906,"href":"https:\/\/sw-osterfeine.de\/index.php?rest_route=\/wp\/v2\/posts\/35905\/revisions\/35906"}],"wp:attachment":[{"href":"https:\/\/sw-osterfeine.de\/index.php?rest_route=%2Fwp%2Fv2%2Fmedia&parent=35905"}],"wp:term":[{"taxonomy":"category","embeddable":true,"href":"https:\/\/sw-osterfeine.de\/index.php?rest_route=%2Fwp%2Fv2%2Fcategories&post=35905"},{"taxonomy":"post_tag","embeddable":true,"href":"https:\/\/sw-osterfeine.de\/index.php?rest_route=%2Fwp%2Fv2%2Ftags&post=35905"}],"curies":[{"name":"wp","href":"https:\/\/api.w.org\/{rel}","templated":true}]}}