{"id":35947,"date":"2025-01-19T14:47:20","date_gmt":"2025-01-19T13:47:20","guid":{"rendered":"https:\/\/sw-osterfeine.de\/?p=35947"},"modified":"2025-01-19T14:47:23","modified_gmt":"2025-01-19T13:47:23","slug":"sw-osterfeine-gratuliert-markuse-kramer-zum-prinz-carneval-2025","status":"publish","type":"post","link":"https:\/\/sw-osterfeine.de\/?p=35947","title":{"rendered":"SW Osterfeine gratuliert Markuse Kramer zum Prinz Carneval 2025!"},"content":{"rendered":"\n<p>Seine Frau Andrea war Kohlk\u00f6nigin auf dem Sportlerball 2023 und dadurch konnte Familie Kramer bereits ein Jahr lang das Aus\u00fcben von hohen Amtsw\u00fcrden austesten.<\/p>\n<p>Nun regiert Familie Kramer in Person von Prinz Markus f\u00fcr ein Jahr \u00fcber ganz &#8222;Dammensia&#8220;.<\/p>\n<p>Nach 33 Jahren ist Osterfeine wieder (gro\u00dfer) Prinz!<\/p>\n<p>Der gesamte Sportverein SW Osterfeine gratuliert Prinz Markuse und dem gesamten Hofstaat recht herzlich und w\u00fcnscht allen eine tolle Zeit!<\/p>\n<p><a href=\"https:\/\/sw-osterfeine.de\/wp-content\/uploads\/2025\/01\/Prinz-Markuse.jpg\" data-rel=\"lightbox-image-0\" data-rl_title=\"\" data-rl_caption=\"\" title=\"\"><img loading=\"lazy\" decoding=\"async\" class=\"alignleft size-large wp-image-35948\" src=\"https:\/\/sw-osterfeine.de\/wp-content\/uploads\/2025\/01\/Prinz-Markuse-768x1024.jpg\" alt=\"\" width=\"768\" height=\"1024\" srcset=\"https:\/\/sw-osterfeine.de\/wp-content\/uploads\/2025\/01\/Prinz-Markuse-768x1024.jpg 768w, https:\/\/sw-osterfeine.de\/wp-content\/uploads\/2025\/01\/Prinz-Markuse-225x300.jpg 225w, https:\/\/sw-osterfeine.de\/wp-content\/uploads\/2025\/01\/Prinz-Markuse-1152x1536.jpg 1152w, https:\/\/sw-osterfeine.de\/wp-content\/uploads\/2025\/01\/Prinz-Markuse.jpg 1530w\" sizes=\"(max-width: 768px) 100vw, 768px\" \/><\/a>\u00a0<\/p>\n","protected":false},"excerpt":{"rendered":"<p>Seine Frau Andrea war Kohlk\u00f6nigin auf dem Sportlerball 2023 und dadurch konnte Familie Kramer bereits ein Jahr lang das Aus\u00fcben von hohen Amtsw\u00fcrden austesten. Nun regiert Familie Kramer in Person von Prinz Markus f\u00fcr ein Jahr \u00fcber ganz &#8222;Dammensia&#8220;. Nach 33 Jahren ist Osterfeine wieder (gro\u00dfer) Prinz! Der gesamte Sportverein SW Osterfeine gratuliert Prinz Markuse [&hellip;]<\/p>\n","protected":false},"author":3,"featured_media":0,"comment_status":"closed","ping_status":"closed","sticky":false,"template":"","format":"standard","meta":{"footnotes":""},"categories":[3],"tags":[],"_links":{"self":[{"href":"https:\/\/sw-osterfeine.de\/index.php?rest_route=\/wp\/v2\/posts\/35947"}],"collection":[{"href":"https:\/\/sw-osterfeine.de\/index.php?rest_route=\/wp\/v2\/posts"}],"about":[{"href":"https:\/\/sw-osterfeine.de\/index.php?rest_route=\/wp\/v2\/types\/post"}],"author":[{"embeddable":true,"href":"https:\/\/sw-osterfeine.de\/index.php?rest_route=\/wp\/v2\/users\/3"}],"replies":[{"embeddable":true,"href":"https:\/\/sw-osterfeine.de\/index.php?rest_route=%2Fwp%2Fv2%2Fcomments&post=35947"}],"version-history":[{"count":1,"href":"https:\/\/sw-osterfeine.de\/index.php?rest_route=\/wp\/v2\/posts\/35947\/revisions"}],"predecessor-version":[{"id":35949,"href":"https:\/\/sw-osterfeine.de\/index.php?rest_route=\/wp\/v2\/posts\/35947\/revisions\/35949"}],"wp:attachment":[{"href":"https:\/\/sw-osterfeine.de\/index.php?rest_route=%2Fwp%2Fv2%2Fmedia&parent=35947"}],"wp:term":[{"taxonomy":"category","embeddable":true,"href":"https:\/\/sw-osterfeine.de\/index.php?rest_route=%2Fwp%2Fv2%2Fcategories&post=35947"},{"taxonomy":"post_tag","embeddable":true,"href":"https:\/\/sw-osterfeine.de\/index.php?rest_route=%2Fwp%2Fv2%2Ftags&post=35947"}],"curies":[{"name":"wp","href":"https:\/\/api.w.org\/{rel}","templated":true}]}}