{"id":35957,"date":"2025-01-28T10:03:57","date_gmt":"2025-01-28T09:03:57","guid":{"rendered":"https:\/\/sw-osterfeine.de\/?p=35957"},"modified":"2025-01-28T10:03:59","modified_gmt":"2025-01-28T09:03:59","slug":"sr-abteilung-bekommt-verstaerkung","status":"publish","type":"post","link":"https:\/\/sw-osterfeine.de\/?p=35957","title":{"rendered":"SR-Abteilung bekommt Verst\u00e4rkung"},"content":{"rendered":"\n\n\n<p>Ismail Saleem und Anton Robke haben am diesj\u00e4hrigen Schiedsrichteranw\u00e4rterlehrgng des NFV Kreises Vechta teilgenommen. Beide legten am Freitag erfolgreich ihre Pr\u00fcfung ab und sind nun Teil der 20 Mann starken SR-Gruppe von SW Osterfeine.<\/p>\n<p>Herzlichen Gl\u00fcckwunsch euch beiden!<\/p>\n<p>Unter Leitung von Kreis-SR-Lehrwart Franz Bokop fand der Lehrgang innerhalb von drei Wochen in einem Mix aus Pr\u00e4senz- und Onlineschulungen statt.<\/p>\n<p>Insgesamt konnte der Kreis Vechta dadurch 30 neue Schiedsrichter gewinnen.<\/p>\n<p><a href=\"https:\/\/sw-osterfeine.de\/wp-content\/uploads\/2025\/01\/Schiedsrichter.jpg\" data-rel=\"lightbox-image-0\" data-rl_title=\"\" data-rl_caption=\"\" title=\"\"><img loading=\"lazy\" decoding=\"async\" class=\"alignleft size-large wp-image-35958\" src=\"https:\/\/sw-osterfeine.de\/wp-content\/uploads\/2025\/01\/Schiedsrichter-1024x966.jpg\" alt=\"\" width=\"1024\" height=\"966\" srcset=\"https:\/\/sw-osterfeine.de\/wp-content\/uploads\/2025\/01\/Schiedsrichter-1024x966.jpg 1024w, https:\/\/sw-osterfeine.de\/wp-content\/uploads\/2025\/01\/Schiedsrichter-300x283.jpg 300w, https:\/\/sw-osterfeine.de\/wp-content\/uploads\/2025\/01\/Schiedsrichter-768x724.jpg 768w, https:\/\/sw-osterfeine.de\/wp-content\/uploads\/2025\/01\/Schiedsrichter.jpg 1338w\" sizes=\"(max-width: 1024px) 100vw, 1024px\" \/><\/a><\/p>\n<p>\u00a0<\/p>\n<p>\u00a0<\/p>\n<p>\u00a0<\/p>\n<p>\u00a0<\/p>\n","protected":false},"excerpt":{"rendered":"<p>Ismail Saleem und Anton Robke haben am diesj\u00e4hrigen Schiedsrichteranw\u00e4rterlehrgng des NFV Kreises Vechta teilgenommen. Beide legten am Freitag erfolgreich ihre Pr\u00fcfung ab und sind nun Teil der 20 Mann starken SR-Gruppe von SW Osterfeine. Herzlichen Gl\u00fcckwunsch euch beiden! Unter Leitung von Kreis-SR-Lehrwart Franz Bokop fand der Lehrgang innerhalb von drei Wochen in einem Mix aus [&hellip;]<\/p>\n","protected":false},"author":3,"featured_media":0,"comment_status":"closed","ping_status":"closed","sticky":false,"template":"","format":"standard","meta":{"footnotes":""},"categories":[3],"tags":[],"_links":{"self":[{"href":"https:\/\/sw-osterfeine.de\/index.php?rest_route=\/wp\/v2\/posts\/35957"}],"collection":[{"href":"https:\/\/sw-osterfeine.de\/index.php?rest_route=\/wp\/v2\/posts"}],"about":[{"href":"https:\/\/sw-osterfeine.de\/index.php?rest_route=\/wp\/v2\/types\/post"}],"author":[{"embeddable":true,"href":"https:\/\/sw-osterfeine.de\/index.php?rest_route=\/wp\/v2\/users\/3"}],"replies":[{"embeddable":true,"href":"https:\/\/sw-osterfeine.de\/index.php?rest_route=%2Fwp%2Fv2%2Fcomments&post=35957"}],"version-history":[{"count":1,"href":"https:\/\/sw-osterfeine.de\/index.php?rest_route=\/wp\/v2\/posts\/35957\/revisions"}],"predecessor-version":[{"id":35959,"href":"https:\/\/sw-osterfeine.de\/index.php?rest_route=\/wp\/v2\/posts\/35957\/revisions\/35959"}],"wp:attachment":[{"href":"https:\/\/sw-osterfeine.de\/index.php?rest_route=%2Fwp%2Fv2%2Fmedia&parent=35957"}],"wp:term":[{"taxonomy":"category","embeddable":true,"href":"https:\/\/sw-osterfeine.de\/index.php?rest_route=%2Fwp%2Fv2%2Fcategories&post=35957"},{"taxonomy":"post_tag","embeddable":true,"href":"https:\/\/sw-osterfeine.de\/index.php?rest_route=%2Fwp%2Fv2%2Ftags&post=35957"}],"curies":[{"name":"wp","href":"https:\/\/api.w.org\/{rel}","templated":true}]}}