{"id":35960,"date":"2025-01-28T17:48:08","date_gmt":"2025-01-28T16:48:08","guid":{"rendered":"https:\/\/sw-osterfeine.de\/?p=35960"},"modified":"2025-01-28T17:48:10","modified_gmt":"2025-01-28T16:48:10","slug":"der-dammer-carneval-hat-einen-schwarz-weissen-kinderprinz","status":"publish","type":"post","link":"https:\/\/sw-osterfeine.de\/?p=35960","title":{"rendered":"Der Dammer Carneval hat einen schwarz-wei\u00dfen Kinderprinz!"},"content":{"rendered":"\n<p>Die neue Kinder-Tollit\u00e4t des Dammer Carnevals hei\u00dft Max Escher aus R\u00fcschendorf und spielt in der E-Jugend vom OSV!<\/p>\n<p>Zusammen mit Hannes Bley, Jan Dirk Sandermann und Mio Pellenwessel regiert er in der Session 2025 die Dammer Nachwuchsnarren!<\/p>\n<p>Damit die Jungs fit und gut eingestellt f\u00fcr die aufregende Carnevalszeit sein werden, daf\u00fcr wird Max Vater, Bernd Escher, sorgen! Als engagierter und erfolgreicher Jugendtrainer im OSV bringt Bernd eine exellente Expertise mit!<\/p>\n<p>Der gesamte Sportverein SW Osterfeine w\u00fcnscht Prinz Max und allen Beteiligten ganz viel Spa\u00df und tolle Momente!<\/p>\n<p><a href=\"https:\/\/sw-osterfeine.de\/wp-content\/uploads\/2025\/01\/Prinz-Escher.jpg\" data-rel=\"lightbox-image-0\" data-rl_title=\"\" data-rl_caption=\"\" title=\"\"><img loading=\"lazy\" decoding=\"async\" class=\"alignleft size-large wp-image-35961\" src=\"https:\/\/sw-osterfeine.de\/wp-content\/uploads\/2025\/01\/Prinz-Escher-1024x1024.jpg\" alt=\"\" width=\"1024\" height=\"1024\" srcset=\"https:\/\/sw-osterfeine.de\/wp-content\/uploads\/2025\/01\/Prinz-Escher-1024x1024.jpg 1024w, https:\/\/sw-osterfeine.de\/wp-content\/uploads\/2025\/01\/Prinz-Escher-300x300.jpg 300w, https:\/\/sw-osterfeine.de\/wp-content\/uploads\/2025\/01\/Prinz-Escher-150x150.jpg 150w, https:\/\/sw-osterfeine.de\/wp-content\/uploads\/2025\/01\/Prinz-Escher-768x768.jpg 768w, https:\/\/sw-osterfeine.de\/wp-content\/uploads\/2025\/01\/Prinz-Escher-1536x1536.jpg 1536w, https:\/\/sw-osterfeine.de\/wp-content\/uploads\/2025\/01\/Prinz-Escher.jpg 1600w\" sizes=\"(max-width: 1024px) 100vw, 1024px\" \/><\/a><\/p>\n<p>\u00a0<\/p>\n<p>\u00a0<\/p>\n","protected":false},"excerpt":{"rendered":"<p>Die neue Kinder-Tollit\u00e4t des Dammer Carnevals hei\u00dft Max Escher aus R\u00fcschendorf und spielt in der E-Jugend vom OSV! Zusammen mit Hannes Bley, Jan Dirk Sandermann und Mio Pellenwessel regiert er in der Session 2025 die Dammer Nachwuchsnarren! Damit die Jungs fit und gut eingestellt f\u00fcr die aufregende Carnevalszeit sein werden, daf\u00fcr wird Max Vater, Bernd [&hellip;]<\/p>\n","protected":false},"author":3,"featured_media":0,"comment_status":"closed","ping_status":"closed","sticky":false,"template":"","format":"standard","meta":{"footnotes":""},"categories":[3],"tags":[],"_links":{"self":[{"href":"https:\/\/sw-osterfeine.de\/index.php?rest_route=\/wp\/v2\/posts\/35960"}],"collection":[{"href":"https:\/\/sw-osterfeine.de\/index.php?rest_route=\/wp\/v2\/posts"}],"about":[{"href":"https:\/\/sw-osterfeine.de\/index.php?rest_route=\/wp\/v2\/types\/post"}],"author":[{"embeddable":true,"href":"https:\/\/sw-osterfeine.de\/index.php?rest_route=\/wp\/v2\/users\/3"}],"replies":[{"embeddable":true,"href":"https:\/\/sw-osterfeine.de\/index.php?rest_route=%2Fwp%2Fv2%2Fcomments&post=35960"}],"version-history":[{"count":1,"href":"https:\/\/sw-osterfeine.de\/index.php?rest_route=\/wp\/v2\/posts\/35960\/revisions"}],"predecessor-version":[{"id":35962,"href":"https:\/\/sw-osterfeine.de\/index.php?rest_route=\/wp\/v2\/posts\/35960\/revisions\/35962"}],"wp:attachment":[{"href":"https:\/\/sw-osterfeine.de\/index.php?rest_route=%2Fwp%2Fv2%2Fmedia&parent=35960"}],"wp:term":[{"taxonomy":"category","embeddable":true,"href":"https:\/\/sw-osterfeine.de\/index.php?rest_route=%2Fwp%2Fv2%2Fcategories&post=35960"},{"taxonomy":"post_tag","embeddable":true,"href":"https:\/\/sw-osterfeine.de\/index.php?rest_route=%2Fwp%2Fv2%2Ftags&post=35960"}],"curies":[{"name":"wp","href":"https:\/\/api.w.org\/{rel}","templated":true}]}}