{"id":35988,"date":"2025-02-06T11:28:28","date_gmt":"2025-02-06T10:28:28","guid":{"rendered":"https:\/\/sw-osterfeine.de\/?p=35988"},"modified":"2025-02-07T16:41:23","modified_gmt":"2025-02-07T15:41:23","slug":"osv-skifreizeit-31-01-04-02-25","status":"publish","type":"post","link":"https:\/\/sw-osterfeine.de\/?p=35988","title":{"rendered":"OSV-Skifreizeit 31.01.-04.02.25"},"content":{"rendered":"\n<p>Die Anreise Richtung Oetz begann am Freitag, 31.01.2025, direkt nachdem die schulpflichtigen Kinder die Zeugnisse ausgeh\u00e4ndigt bekommen hatten, auf dem Parkplatz der Sporthalle hinter der Hauptschulhalle in Damme.<\/p>\n<p>Mit ein paar kleinen Pausen kamen die 19 Reisende in 3 Fahrzeugen nach rund 9 Stunden Fahrzeit gegen 20:30 Uhr im Hotel J\u00e4gerhof in Oetz an, wo alle dann direkt mit dem aus den Autos bestellten Abendessen versorgt wurden. Danach dann erst Check-in und Beziehen der 9 reservierten Zimmer. Im Anschluss wurde dann im Gastronomiebereich noch kurz \u00fcber den Anreiseverlauf und den Ablauf zur Ausr\u00fcstungsmiete und den Skip\u00e4ssen (3 Nicht-Skifahrer dabei) am Samstag besprochen.<\/p>\n<p>Am Samstag nach dem Fr\u00fchst\u00fcck ging es dann direkt mit dem ersten Bus zur Gondel; von dort hinauf auf die in \u00fcber 2000 m H\u00f6he liegende Mittelstation. Felix Lange war der einzige Teilnehmer, der nie zuvor Ski gefahren war \u2013 hatte aus dem Grund am Vormittag eine Privatskilehrerin. Diese machte ihn so fit, dass er bereits am Sonntag alle Pisten (au\u00dfer schwarze) in Begleitung der \u201eAlten Hasen\u201c gefahren ist.<\/p>\n<p>Zeitgleich mit der OSV-Gruppe hielten sich mehrere \u201eOsterfeiner Familien\u201c in Oetz auf. Und da neben dem sportlichen Programm auch der Spa\u00df nicht zu kurz kommen soll, vereinbarten wir f\u00fcr Sonntagabend ein Privat-Treffen in Lothars Kellerbar in der Pension Stecher, sodass rund 30 Erwachsene ein paar gem\u00fctliche Stunden miteinander verbrachten.<\/p>\n<p>Montag wurde dann weiter an den Ski-Techniken gefeilt und die Nicht-Skifahrer vertraten sich die Beine und genossen, wie alle anderen auch, das herrliche Wetter. Am Dienstag nach dem gemeinsamen Fr\u00fchst\u00fcck wurden die Fahrzeuge beladen und die R\u00fcckreise begann. Gegen 16:30 Uhr kam bereits ein Fahrzeug in Osterfeine an; die beiden anderen folgten \u00bd Stunde sp\u00e4ter. Kein Teilnehmer hatte sich w\u00e4hrend des Kurztrips eine Verletzung zugezogen; und das ist die Hauptsache!!<\/p>\n<p>An allen Tagen war das Wetter nicht zu toppen \u2013 leichte Minusgrade bei bis zu 10 Stunden Sonnenschein auf dem Berg. Skifahrerherz, was willst Du mehr? <br \/>Wer den internen Wettbewerb zu den meisten Pisten-Kilometern gewonnen hat, wird nicht verraten; nur so viel, dass es um 150 km an drei Tagen waren.<\/p>\n<p>Ski heil\u2026<\/p>\n\n\t\t<style type=\"text\/css\">\n\t\t\t#gallery-1 {\n\t\t\t\tmargin: auto;\n\t\t\t}\n\t\t\t#gallery-1 .gallery-item {\n\t\t\t\tfloat: left;\n\t\t\t\tmargin-top: 10px;\n\t\t\t\ttext-align: center;\n\t\t\t\twidth: 33%;\n\t\t\t}\n\t\t\t#gallery-1 img {\n\t\t\t\tborder: 2px solid #cfcfcf;\n\t\t\t}\n\t\t\t#gallery-1 .gallery-caption {\n\t\t\t\tmargin-left: 0;\n\t\t\t}\n\t\t\t\/* see gallery_shortcode() in wp-includes\/media.php *\/\n\t\t<\/style>\n\t\t<div id='gallery-1' class='gallery galleryid-35988 gallery-columns-3 gallery-size-thumbnail'><dl class='gallery-item'>\n\t\t\t<dt class='gallery-icon portrait'>\n\t\t\t\t<a href='https:\/\/sw-osterfeine.de\/wp-content\/uploads\/2025\/02\/Ski.jpg' title=\"\" data-rl_title=\"\" class=\"rl-gallery-link\" data-rl_caption=\"\" data-rel=\"lightbox-gallery-1\"><img loading=\"lazy\" decoding=\"async\" width=\"150\" height=\"150\" src=\"https:\/\/sw-osterfeine.de\/wp-content\/uploads\/2025\/02\/Ski-150x150.jpg\" class=\"attachment-thumbnail size-thumbnail\" alt=\"\" \/><\/a>\n\t\t\t<\/dt><\/dl><dl class='gallery-item'>\n\t\t\t<dt class='gallery-icon landscape'>\n\t\t\t\t<a href='https:\/\/sw-osterfeine.de\/wp-content\/uploads\/2025\/02\/Ski1.jpg' title=\"\" data-rl_title=\"\" class=\"rl-gallery-link\" data-rl_caption=\"\" data-rel=\"lightbox-gallery-1\"><img loading=\"lazy\" decoding=\"async\" width=\"150\" height=\"150\" src=\"https:\/\/sw-osterfeine.de\/wp-content\/uploads\/2025\/02\/Ski1-150x150.jpg\" class=\"attachment-thumbnail size-thumbnail\" alt=\"\" \/><\/a>\n\t\t\t<\/dt><\/dl>\n\t\t\t<br style='clear: both' \/>\n\t\t<\/div>\n\n<p><a href=\"https:\/\/sw-osterfeine.de\/wp-content\/uploads\/2025\/02\/3a34a8a4-544a-4b99-bff1-dfa890588254.jpeg\" data-rel=\"lightbox-image-2\" data-rl_title=\"\" data-rl_caption=\"\" title=\"\"><img loading=\"lazy\" decoding=\"async\" class=\"alignleft size-thumbnail wp-image-35989\" src=\"https:\/\/sw-osterfeine.de\/wp-content\/uploads\/2025\/02\/3a34a8a4-544a-4b99-bff1-dfa890588254-150x150.jpeg\" alt=\"\" width=\"150\" height=\"150\" \/><\/a> <a href=\"https:\/\/sw-osterfeine.de\/wp-content\/uploads\/2025\/02\/5d4bb019-8563-45c9-8653-fbd7a2d74dd5.jpeg\" data-rel=\"lightbox-image-3\" data-rl_title=\"\" data-rl_caption=\"\" title=\"\"><img loading=\"lazy\" decoding=\"async\" class=\"alignleft size-thumbnail wp-image-35990\" src=\"https:\/\/sw-osterfeine.de\/wp-content\/uploads\/2025\/02\/5d4bb019-8563-45c9-8653-fbd7a2d74dd5-150x150.jpeg\" alt=\"\" width=\"150\" height=\"150\" \/><\/a> <a href=\"https:\/\/sw-osterfeine.de\/wp-content\/uploads\/2025\/02\/9ED03273-8B45-4589-B990-878666AF2064-scaled.jpeg\" data-rel=\"lightbox-image-4\" data-rl_title=\"\" data-rl_caption=\"\" title=\"\"><img loading=\"lazy\" decoding=\"async\" class=\"alignleft size-thumbnail wp-image-35991\" src=\"https:\/\/sw-osterfeine.de\/wp-content\/uploads\/2025\/02\/9ED03273-8B45-4589-B990-878666AF2064-150x150.jpeg\" alt=\"\" width=\"150\" height=\"150\" \/><\/a> <a href=\"https:\/\/sw-osterfeine.de\/wp-content\/uploads\/2025\/02\/b019245a-e080-4555-bd94-6d68d5072687.jpeg\" data-rel=\"lightbox-image-5\" data-rl_title=\"\" data-rl_caption=\"\" title=\"\"><img loading=\"lazy\" decoding=\"async\" class=\"alignleft size-thumbnail wp-image-35992\" src=\"https:\/\/sw-osterfeine.de\/wp-content\/uploads\/2025\/02\/b019245a-e080-4555-bd94-6d68d5072687-150x150.jpeg\" alt=\"\" width=\"150\" height=\"150\" \/><\/a> <a href=\"https:\/\/sw-osterfeine.de\/wp-content\/uploads\/2025\/02\/f592f507-bd70-4b9e-9df8-2736185a6043.jpeg\" data-rel=\"lightbox-image-6\" data-rl_title=\"\" data-rl_caption=\"\" title=\"\"><img loading=\"lazy\" decoding=\"async\" class=\"alignleft size-thumbnail wp-image-35993\" src=\"https:\/\/sw-osterfeine.de\/wp-content\/uploads\/2025\/02\/f592f507-bd70-4b9e-9df8-2736185a6043-150x150.jpeg\" alt=\"\" width=\"150\" height=\"150\" \/><\/a> <a href=\"https:\/\/sw-osterfeine.de\/wp-content\/uploads\/2025\/02\/IMG_8342-scaled.jpeg\" data-rel=\"lightbox-image-7\" data-rl_title=\"\" data-rl_caption=\"\" title=\"\"><img loading=\"lazy\" decoding=\"async\" class=\"alignleft size-thumbnail wp-image-35994\" src=\"https:\/\/sw-osterfeine.de\/wp-content\/uploads\/2025\/02\/IMG_8342-150x150.jpeg\" alt=\"\" width=\"150\" height=\"150\" \/><\/a> <a href=\"https:\/\/sw-osterfeine.de\/wp-content\/uploads\/2025\/02\/IMG_8360-scaled.jpeg\" data-rel=\"lightbox-image-8\" data-rl_title=\"\" data-rl_caption=\"\" title=\"\"><img loading=\"lazy\" decoding=\"async\" class=\"alignleft size-thumbnail wp-image-35995\" src=\"https:\/\/sw-osterfeine.de\/wp-content\/uploads\/2025\/02\/IMG_8360-150x150.jpeg\" alt=\"\" width=\"150\" height=\"150\" \/><\/a> <a href=\"https:\/\/sw-osterfeine.de\/wp-content\/uploads\/2025\/02\/IMG_8363-scaled.jpeg\" data-rel=\"lightbox-image-9\" data-rl_title=\"\" data-rl_caption=\"\" title=\"\"><img loading=\"lazy\" decoding=\"async\" class=\"alignleft size-thumbnail wp-image-35996\" src=\"https:\/\/sw-osterfeine.de\/wp-content\/uploads\/2025\/02\/IMG_8363-150x150.jpeg\" alt=\"\" width=\"150\" height=\"150\" \/><\/a> <a href=\"https:\/\/sw-osterfeine.de\/wp-content\/uploads\/2025\/02\/IMG_8370-scaled.jpeg\" data-rel=\"lightbox-image-10\" data-rl_title=\"\" data-rl_caption=\"\" title=\"\"><img loading=\"lazy\" decoding=\"async\" class=\"alignleft size-thumbnail wp-image-35997\" src=\"https:\/\/sw-osterfeine.de\/wp-content\/uploads\/2025\/02\/IMG_8370-150x150.jpeg\" alt=\"\" width=\"150\" height=\"150\" \/><\/a> <a href=\"https:\/\/sw-osterfeine.de\/wp-content\/uploads\/2025\/02\/IMG_8395-scaled.jpeg\" data-rel=\"lightbox-image-11\" data-rl_title=\"\" data-rl_caption=\"\" title=\"\"><img loading=\"lazy\" decoding=\"async\" class=\"alignleft size-thumbnail wp-image-35998\" src=\"https:\/\/sw-osterfeine.de\/wp-content\/uploads\/2025\/02\/IMG_8395-150x150.jpeg\" alt=\"\" width=\"150\" height=\"150\" \/><\/a> <a href=\"https:\/\/sw-osterfeine.de\/wp-content\/uploads\/2025\/02\/IMG_8407-scaled.jpeg\" data-rel=\"lightbox-image-12\" data-rl_title=\"\" data-rl_caption=\"\" title=\"\"><img loading=\"lazy\" decoding=\"async\" class=\"alignleft size-thumbnail wp-image-35999\" src=\"https:\/\/sw-osterfeine.de\/wp-content\/uploads\/2025\/02\/IMG_8407-150x150.jpeg\" alt=\"\" width=\"150\" height=\"150\" \/><\/a> <a href=\"https:\/\/sw-osterfeine.de\/wp-content\/uploads\/2025\/02\/IMG_8413-scaled.jpeg\" data-rel=\"lightbox-image-13\" data-rl_title=\"\" data-rl_caption=\"\" title=\"\"><img loading=\"lazy\" decoding=\"async\" class=\"alignleft size-thumbnail wp-image-36000\" src=\"https:\/\/sw-osterfeine.de\/wp-content\/uploads\/2025\/02\/IMG_8413-150x150.jpeg\" alt=\"\" width=\"150\" height=\"150\" \/><\/a> <a href=\"https:\/\/sw-osterfeine.de\/wp-content\/uploads\/2025\/02\/IMG_8444-scaled.jpeg\" data-rel=\"lightbox-image-14\" data-rl_title=\"\" data-rl_caption=\"\" title=\"\"><img loading=\"lazy\" decoding=\"async\" class=\"alignleft size-thumbnail wp-image-36001\" src=\"https:\/\/sw-osterfeine.de\/wp-content\/uploads\/2025\/02\/IMG_8444-150x150.jpeg\" alt=\"\" width=\"150\" height=\"150\" \/><\/a><\/p>\n","protected":false},"excerpt":{"rendered":"<p>Die Anreise Richtung Oetz begann am Freitag, 31.01.2025, direkt nachdem die schulpflichtigen Kinder die Zeugnisse ausgeh\u00e4ndigt bekommen hatten, auf dem Parkplatz der Sporthalle hinter der Hauptschulhalle in Damme. Mit ein paar kleinen Pausen kamen die 19 Reisende in 3 Fahrzeugen nach rund 9 Stunden Fahrzeit gegen 20:30 Uhr im Hotel J\u00e4gerhof in Oetz an, wo [&hellip;]<\/p>\n","protected":false},"author":3,"featured_media":0,"comment_status":"closed","ping_status":"closed","sticky":false,"template":"","format":"standard","meta":{"footnotes":""},"categories":[42],"tags":[],"_links":{"self":[{"href":"https:\/\/sw-osterfeine.de\/index.php?rest_route=\/wp\/v2\/posts\/35988"}],"collection":[{"href":"https:\/\/sw-osterfeine.de\/index.php?rest_route=\/wp\/v2\/posts"}],"about":[{"href":"https:\/\/sw-osterfeine.de\/index.php?rest_route=\/wp\/v2\/types\/post"}],"author":[{"embeddable":true,"href":"https:\/\/sw-osterfeine.de\/index.php?rest_route=\/wp\/v2\/users\/3"}],"replies":[{"embeddable":true,"href":"https:\/\/sw-osterfeine.de\/index.php?rest_route=%2Fwp%2Fv2%2Fcomments&post=35988"}],"version-history":[{"count":5,"href":"https:\/\/sw-osterfeine.de\/index.php?rest_route=\/wp\/v2\/posts\/35988\/revisions"}],"predecessor-version":[{"id":36020,"href":"https:\/\/sw-osterfeine.de\/index.php?rest_route=\/wp\/v2\/posts\/35988\/revisions\/36020"}],"wp:attachment":[{"href":"https:\/\/sw-osterfeine.de\/index.php?rest_route=%2Fwp%2Fv2%2Fmedia&parent=35988"}],"wp:term":[{"taxonomy":"category","embeddable":true,"href":"https:\/\/sw-osterfeine.de\/index.php?rest_route=%2Fwp%2Fv2%2Fcategories&post=35988"},{"taxonomy":"post_tag","embeddable":true,"href":"https:\/\/sw-osterfeine.de\/index.php?rest_route=%2Fwp%2Fv2%2Ftags&post=35988"}],"curies":[{"name":"wp","href":"https:\/\/api.w.org\/{rel}","templated":true}]}}