{"id":36025,"date":"2025-02-11T11:33:33","date_gmt":"2025-02-11T10:33:33","guid":{"rendered":"https:\/\/sw-osterfeine.de\/?p=36025"},"modified":"2025-02-11T11:33:35","modified_gmt":"2025-02-11T10:33:35","slug":"bericht-1-damen-14","status":"publish","type":"post","link":"https:\/\/sw-osterfeine.de\/?p=36025","title":{"rendered":"Bericht 1. Damen"},"content":{"rendered":"\n<p>Heimsieg gegen Larrelt\u00a0<\/p>\n<p>Am Samstag stand unser n\u00e4chstes Heimspiel gegen das Tabellenschlusslicht SV SF Larrelt an. Nachdem wir am vorherigen Wochenende spielfrei hatten, waren wir umso motivierter, die zwei Punkte unbedingt in Osterfeine zu behalten und endlich mal wieder zu zeigen, was wir eigentlich k\u00f6nnen.\u00a0<\/p>\n<p>Die erste Halbzeit gestaltete sich allerdings schwerer als gedacht. In der Abwehr passten die Absprachen nicht richtig und die Gegnerinnen konnten immer wieder zu einfachen Abschl\u00fcssen kommen. Durch den kleinen Kader unserer G\u00e4ste entwickelte sich ein sehr langsames Spiel, an das wir uns zeitweise anpassten. Insgesamt war die erste Halbzeit recht ausgeglichen, wir gingen jedoch mit einem kleinen R\u00fcckstand (15:17) in die Pause.\u00a0<\/p>\n<p>Das Ziel f\u00fcr die zweite H\u00e4lfte war klar: die Abwehr muss stehen und vor allem TEMPO!! Dies setzten wir zumindest teilweise um und vor allem Hannah konnte mit viele R\u00fcckraumtoren gl\u00e4nzen. Wir konnten in der 40. Minute ausgleichen und es entwickelte sich ein Kopf-an-Kopf-Rennen. Am Ende behielten wir den k\u00fchleren Kopf und konnten das Spiel mit 39:33 f\u00fcr uns entscheiden! \ud83d\ude80\ud83e\udd29<\/p>\n<p>Tore: Hannah (14\/5), Julia (6\/3), Thessy (5), Lulu (4), Lena &amp; Hanna (je 3), Anna (2), Uli &amp; Greta (je 1)\u00a0<\/p>\n<p>N\u00e4chstes Wochenende steht f\u00fcr uns das n\u00e4chste Ausw\u00e4rtsspiel an. Wir spielen am Samstag um 19:15 Uhr in Nordhorn, wo wir vorher auch noch die A-Jugend unterst\u00fctzen (17:15 Uhr).\u00a0<\/p>\n<p><a href=\"https:\/\/sw-osterfeine.de\/wp-content\/uploads\/2025\/02\/1.Damen_.jpg\" data-rel=\"lightbox-image-0\" data-rl_title=\"\" data-rl_caption=\"\" title=\"\"><img loading=\"lazy\" decoding=\"async\" class=\"alignleft size-large wp-image-36026\" src=\"https:\/\/sw-osterfeine.de\/wp-content\/uploads\/2025\/02\/1.Damen_-768x1024.jpg\" alt=\"\" width=\"768\" height=\"1024\" srcset=\"https:\/\/sw-osterfeine.de\/wp-content\/uploads\/2025\/02\/1.Damen_-768x1024.jpg 768w, https:\/\/sw-osterfeine.de\/wp-content\/uploads\/2025\/02\/1.Damen_-225x300.jpg 225w, https:\/\/sw-osterfeine.de\/wp-content\/uploads\/2025\/02\/1.Damen_-1152x1536.jpg 1152w, https:\/\/sw-osterfeine.de\/wp-content\/uploads\/2025\/02\/1.Damen_.jpg 1200w\" sizes=\"(max-width: 768px) 100vw, 768px\" \/><\/a><\/p>\n","protected":false},"excerpt":{"rendered":"<p>Heimsieg gegen Larrelt\u00a0 Am Samstag stand unser n\u00e4chstes Heimspiel gegen das Tabellenschlusslicht SV SF Larrelt an. Nachdem wir am vorherigen Wochenende spielfrei hatten, waren wir umso motivierter, die zwei Punkte unbedingt in Osterfeine zu behalten und endlich mal wieder zu zeigen, was wir eigentlich k\u00f6nnen.\u00a0 Die erste Halbzeit gestaltete sich allerdings schwerer als gedacht. In [&hellip;]<\/p>\n","protected":false},"author":3,"featured_media":0,"comment_status":"closed","ping_status":"closed","sticky":false,"template":"","format":"standard","meta":{"footnotes":""},"categories":[1],"tags":[],"_links":{"self":[{"href":"https:\/\/sw-osterfeine.de\/index.php?rest_route=\/wp\/v2\/posts\/36025"}],"collection":[{"href":"https:\/\/sw-osterfeine.de\/index.php?rest_route=\/wp\/v2\/posts"}],"about":[{"href":"https:\/\/sw-osterfeine.de\/index.php?rest_route=\/wp\/v2\/types\/post"}],"author":[{"embeddable":true,"href":"https:\/\/sw-osterfeine.de\/index.php?rest_route=\/wp\/v2\/users\/3"}],"replies":[{"embeddable":true,"href":"https:\/\/sw-osterfeine.de\/index.php?rest_route=%2Fwp%2Fv2%2Fcomments&post=36025"}],"version-history":[{"count":1,"href":"https:\/\/sw-osterfeine.de\/index.php?rest_route=\/wp\/v2\/posts\/36025\/revisions"}],"predecessor-version":[{"id":36027,"href":"https:\/\/sw-osterfeine.de\/index.php?rest_route=\/wp\/v2\/posts\/36025\/revisions\/36027"}],"wp:attachment":[{"href":"https:\/\/sw-osterfeine.de\/index.php?rest_route=%2Fwp%2Fv2%2Fmedia&parent=36025"}],"wp:term":[{"taxonomy":"category","embeddable":true,"href":"https:\/\/sw-osterfeine.de\/index.php?rest_route=%2Fwp%2Fv2%2Fcategories&post=36025"},{"taxonomy":"post_tag","embeddable":true,"href":"https:\/\/sw-osterfeine.de\/index.php?rest_route=%2Fwp%2Fv2%2Ftags&post=36025"}],"curies":[{"name":"wp","href":"https:\/\/api.w.org\/{rel}","templated":true}]}}