{"id":36038,"date":"2025-02-15T14:02:25","date_gmt":"2025-02-15T13:02:25","guid":{"rendered":"https:\/\/sw-osterfeine.de\/?p=36038"},"modified":"2025-02-15T14:02:27","modified_gmt":"2025-02-15T13:02:27","slug":"spielbericht-handball-a-jugend-10","status":"publish","type":"post","link":"https:\/\/sw-osterfeine.de\/?p=36038","title":{"rendered":"Spielbericht Handball A-Jugend\u00a0"},"content":{"rendered":"\n<p class=\"p2\" style=\"margin: 0cm; margin-bottom: .0001pt;\"><span class=\"s2\">Am Samstag, den 09.02.2025, hie\u00df es f\u00fcr uns wieder Heimspieltag. Wir empfingen die noch ungeschlagenen Tabellenf\u00fchrer aus Cloppenburg. Ohne gro\u00dfe Erwartungen gingen wir ins Spiel, wir wollten einfach unser Bestes geben und auf keinen Fall die K\u00f6pfe h\u00e4ngen lassen, egal wie der Spielstand aussieht.\u00a0<\/span><\/p>\n<p class=\"p2\" style=\"margin: 0cm; margin-bottom: .0001pt; font-stretch: normal; font-size-adjust: none; font-kerning: auto; font-variant-alternates: normal; font-variant-ligatures: normal; font-variant-numeric: normal; font-variant-east-asian: normal; font-variant-position: normal; font-feature-settings: normal; font-optical-sizing: auto; font-variation-settings: normal; -webkit-text-size-adjust: auto;\"><span class=\"s2\">Die erste H\u00e4lfte startete wie erwartet, Cloppenburg war schnell mit ein paar Toren vorne, doch wir holten auf. Wir versuchten mit aller Kraft dagegen zu halten und schafften dann sogar den Ausgleich! Was danach geschah war purer Wille und Teamgeist. Als geschlossenen Mannschaft holten wir alle Kr\u00e4fte aus uns raus und konnten zeitweise sogar mit 8:5 in F\u00fchrung gehen. Man merkte unseren Gegner an, dass ihnen das gar nicht gefiel und schnell gab es ein TimeOut. Uns ging danach etwas die Luft aus, sodass es zur Halbzeit 17:22 stand.\u00a0<\/span><\/p>\n<p class=\"p2\" style=\"margin: 0cm; margin-bottom: .0001pt; font-stretch: normal; font-size-adjust: none; font-kerning: auto; font-variant-alternates: normal; font-variant-ligatures: normal; font-variant-numeric: normal; font-variant-east-asian: normal; font-variant-position: normal; font-feature-settings: normal; font-optical-sizing: auto; font-variation-settings: normal; -webkit-text-size-adjust: auto;\"><span class=\"s2\">Kein schlechtes Halbzeitergebnis, wenn man bedenkt, das die M\u00e4dels aus Cloppenburg noch ungeschlagen sind\u2026 Wir wollten unser gutes Spiel der ersten H\u00e4lfte weiterf\u00fchren und unsere Gegner weiter \u00e4rgern.\u00a0<\/span><\/p>\n<p class=\"p2\" style=\"margin: 0cm; margin-bottom: .0001pt; font-stretch: normal; font-size-adjust: none; font-kerning: auto; font-variant-alternates: normal; font-variant-ligatures: normal; font-variant-numeric: normal; font-variant-east-asian: normal; font-variant-position: normal; font-feature-settings: normal; font-optical-sizing: auto; font-variation-settings: normal; -webkit-text-size-adjust: auto;\"><span class=\"s2\">Naja, das klappte ehrlich gesagt absolut gar nicht. Cloppenburg kam doppelt so stark aus der Pause, wir konnten nicht mehr mithalten. Woran es letztendlich gelegen hat weis keiner, das Endergebnis lautete 29:48\u2026<\/span><\/p>\n<p class=\"p2\" style=\"margin: 0cm; margin-bottom: .0001pt; font-stretch: normal; font-size-adjust: none; font-kerning: auto; font-variant-alternates: normal; font-variant-ligatures: normal; font-variant-numeric: normal; font-variant-east-asian: normal; font-variant-position: normal; font-feature-settings: normal; font-optical-sizing: auto; font-variation-settings: normal; -webkit-text-size-adjust: auto;\"><span class=\"s2\">Schade das es am Ende doch noch so hoch geworden ist, wir h\u00e4tten hier definitiv nicht mit so einem Ergebnis rausgehen m\u00fcssen.\u00a0<\/span><\/p>\n<p class=\"p3\" style=\"margin: 0cm; margin-bottom: .0001pt; font-stretch: normal; font-size-adjust: none; font-kerning: auto; font-variant-alternates: normal; font-variant-ligatures: normal; font-variant-numeric: normal; font-variant-east-asian: normal; font-variant-position: normal; font-feature-settings: normal; font-optical-sizing: auto; font-variation-settings: normal; min-height: 19px; -webkit-text-size-adjust: auto;\">\u00a0<\/p>\n<p class=\"p2\" style=\"margin: 0cm; margin-bottom: .0001pt; font-stretch: normal; font-size-adjust: none; font-kerning: auto; font-variant-alternates: normal; font-variant-ligatures: normal; font-variant-numeric: normal; font-variant-east-asian: normal; font-variant-position: normal; font-feature-settings: normal; font-optical-sizing: auto; font-variation-settings: normal; -webkit-text-size-adjust: auto;\"><span class=\"s2\">Tore: Eva (6), Karina (5), Antonia und Linn (je 4), Romy und Zoe (je 2), Jette, Johanne, Neele, Jola, Jana und Kathi (je 1)<\/span><\/p>\n<p>\u00a0<\/p>\n<p class=\"p2\" style=\"margin: 0cm; margin-bottom: .0001pt; font-stretch: normal; font-size-adjust: none; font-kerning: auto; font-variant-alternates: normal; font-variant-ligatures: normal; font-variant-numeric: normal; font-variant-east-asian: normal; font-variant-position: normal; font-feature-settings: normal; font-optical-sizing: auto; font-variation-settings: normal; -webkit-text-size-adjust: auto;\"><span class=\"s2\">Abharken, weitermachen, denn n\u00e4chste Woche stehen 2 Ausw\u00e4rtsspiele an: Am Samstag, den 15.02.2025 geht es f\u00fcr uns nach Nordhorn, wo erst wir und direkt im Anschluss unsere erste Damen um 2 Punkte k\u00e4mpfen.\u00a0<\/span><\/p>\n<p class=\"p2\" style=\"margin: 0cm; margin-bottom: .0001pt; font-stretch: normal; font-size-adjust: none; font-kerning: auto; font-variant-alternates: normal; font-variant-ligatures: normal; font-variant-numeric: normal; font-variant-east-asian: normal; font-variant-position: normal; font-feature-settings: normal; font-optical-sizing: auto; font-variation-settings: normal; -webkit-text-size-adjust: auto;\"><span class=\"s2\">Am darauffolgenden Dienstag geht es f\u00fcr uns zum Nachholspiel nach Haren.\u00a0<\/span><\/p>\n<p class=\"p2\" style=\"margin: 0cm; margin-bottom: .0001pt; font-stretch: normal; font-size-adjust: none; font-kerning: auto; font-variant-alternates: normal; font-variant-ligatures: normal; font-variant-numeric: normal; font-variant-east-asian: normal; font-variant-position: normal; font-feature-settings: normal; font-optical-sizing: auto; font-variation-settings: normal; -webkit-text-size-adjust: auto;\"><span class=\"s2\">Wir w\u00fcrden uns \u00fcber eure Unterst\u00fctzung sehr freuen!<\/span><\/p>\n<p class=\"p3\" style=\"margin: 0cm; margin-bottom: .0001pt; font-stretch: normal; font-size-adjust: none; font-kerning: auto; font-variant-alternates: normal; font-variant-ligatures: normal; font-variant-numeric: normal; font-variant-east-asian: normal; font-variant-position: normal; font-feature-settings: normal; font-optical-sizing: auto; font-variation-settings: normal; min-height: 19px; -webkit-text-size-adjust: auto;\">\u00a0<\/p>\n<p class=\"p2\" style=\"margin: 0cm; margin-bottom: .0001pt; font-stretch: normal; font-size-adjust: none; font-kerning: auto; font-variant-alternates: normal; font-variant-ligatures: normal; font-variant-numeric: normal; font-variant-east-asian: normal; font-variant-position: normal; font-feature-settings: normal; font-optical-sizing: auto; font-variation-settings: normal; -webkit-text-size-adjust: auto;\"><span class=\"s2\">Eure SWO-A-Jugend<\/span><\/p>\n<p>\u00a0<\/p>\n","protected":false},"excerpt":{"rendered":"<p>Am Samstag, den 09.02.2025, hie\u00df es f\u00fcr uns wieder Heimspieltag. Wir empfingen die noch ungeschlagenen Tabellenf\u00fchrer aus Cloppenburg. Ohne gro\u00dfe Erwartungen gingen wir ins Spiel, wir wollten einfach unser Bestes geben und auf keinen Fall die K\u00f6pfe h\u00e4ngen lassen, egal wie der Spielstand aussieht.\u00a0 Die erste H\u00e4lfte startete wie erwartet, Cloppenburg war schnell mit ein [&hellip;]<\/p>\n","protected":false},"author":3,"featured_media":0,"comment_status":"closed","ping_status":"closed","sticky":false,"template":"","format":"standard","meta":{"footnotes":""},"categories":[1],"tags":[],"_links":{"self":[{"href":"https:\/\/sw-osterfeine.de\/index.php?rest_route=\/wp\/v2\/posts\/36038"}],"collection":[{"href":"https:\/\/sw-osterfeine.de\/index.php?rest_route=\/wp\/v2\/posts"}],"about":[{"href":"https:\/\/sw-osterfeine.de\/index.php?rest_route=\/wp\/v2\/types\/post"}],"author":[{"embeddable":true,"href":"https:\/\/sw-osterfeine.de\/index.php?rest_route=\/wp\/v2\/users\/3"}],"replies":[{"embeddable":true,"href":"https:\/\/sw-osterfeine.de\/index.php?rest_route=%2Fwp%2Fv2%2Fcomments&post=36038"}],"version-history":[{"count":1,"href":"https:\/\/sw-osterfeine.de\/index.php?rest_route=\/wp\/v2\/posts\/36038\/revisions"}],"predecessor-version":[{"id":36039,"href":"https:\/\/sw-osterfeine.de\/index.php?rest_route=\/wp\/v2\/posts\/36038\/revisions\/36039"}],"wp:attachment":[{"href":"https:\/\/sw-osterfeine.de\/index.php?rest_route=%2Fwp%2Fv2%2Fmedia&parent=36038"}],"wp:term":[{"taxonomy":"category","embeddable":true,"href":"https:\/\/sw-osterfeine.de\/index.php?rest_route=%2Fwp%2Fv2%2Fcategories&post=36038"},{"taxonomy":"post_tag","embeddable":true,"href":"https:\/\/sw-osterfeine.de\/index.php?rest_route=%2Fwp%2Fv2%2Ftags&post=36038"}],"curies":[{"name":"wp","href":"https:\/\/api.w.org\/{rel}","templated":true}]}}