{"id":36054,"date":"2025-02-18T12:36:19","date_gmt":"2025-02-18T11:36:19","guid":{"rendered":"https:\/\/sw-osterfeine.de\/?p=36054"},"modified":"2025-02-18T12:36:21","modified_gmt":"2025-02-18T11:36:21","slug":"bubble-erhaelt-als-erster-preistraeger-den-rudi-eckhoff-preis-des-kreissportbundes-vechta","status":"publish","type":"post","link":"https:\/\/sw-osterfeine.de\/?p=36054","title":{"rendered":"\u201eBubble\u201c erh\u00e4lt als erster Preistr\u00e4ger den Rudi-Eckhoff-Preis des Kreissportbundes Vechta"},"content":{"rendered":"\n<p>Auf der gestrigen OM-Medien-Sportgala erhielt unser 1. Vorsitzender, Bernard \u201eBubble\u201c Piening, als erster Preistr\u00e4ger \u00fcberhaupt den Rudi-Eckhoff-Preis f\u00fcr Breitensportler.<\/p>\n<p>OV-Sportreporter-Legende Franz-Josef Schl\u00f6mer verlieh stellvertretend f\u00fcr den Kreissportbund Vechta den neu ins Leben gerufenen Preis.<\/p>\n<p>Den anwesenden Spitzensportler aus den Kreisen Cloppenburg und Vechta, sowie Funktion\u00e4ren und Pressevertretern, wurde bei der Laudatio sehr schnell bewusst, dass es sich bei dem Geehrten um eine Galionsfigur der heimischen Sportszene handelt. Der gesamte Saal erhob sich bei der Ehrung und zollte \u201eBubble\u201c mit Standing Ovations Respekt und Anerkennung f\u00fcr seinen \u201eehrenamtlichen Dauerauftrag\u201c f\u00fcr den Sportverein SW Osterfeine, sowie f\u00fcr den gesamten hiesigen Breitensport.<\/p>\n<p>Der Zeitpunkt, dass \u201eBubble\u201c diese besondere Auszeichnung im Jahr des 100-j\u00e4hrigen Jubil\u00e4ums von SW Osterfeine erh\u00e4lt, h\u00e4tte nicht besser gew\u00e4hlt sein k\u00f6nnen!<\/p>\n<p>Der gesamte Sportverein gratuliert recht herzlich zu der Ehrung und zieht den Hut vor der Leistung unseres langj\u00e4hrigen 1. Vorsitzenden und \u201eMr. SW Osterfeine\u201c, Bernard \u201eBubble\u201c Piening!!<\/p>\n<p><a href=\"https:\/\/sw-osterfeine.de\/wp-content\/uploads\/2025\/02\/Bubble-Ehrung-Febr-25.jpg\" data-rel=\"lightbox-image-0\" data-rl_title=\"\" data-rl_caption=\"\" title=\"\"><img loading=\"lazy\" decoding=\"async\" class=\"alignleft size-thumbnail wp-image-36055\" src=\"https:\/\/sw-osterfeine.de\/wp-content\/uploads\/2025\/02\/Bubble-Ehrung-Febr-25-150x150.jpg\" alt=\"\" width=\"150\" height=\"150\" \/><\/a><\/p>\n","protected":false},"excerpt":{"rendered":"<p>Auf der gestrigen OM-Medien-Sportgala erhielt unser 1. Vorsitzender, Bernard \u201eBubble\u201c Piening, als erster Preistr\u00e4ger \u00fcberhaupt den Rudi-Eckhoff-Preis f\u00fcr Breitensportler. OV-Sportreporter-Legende Franz-Josef Schl\u00f6mer verlieh stellvertretend f\u00fcr den Kreissportbund Vechta den neu ins Leben gerufenen Preis. Den anwesenden Spitzensportler aus den Kreisen Cloppenburg und Vechta, sowie Funktion\u00e4ren und Pressevertretern, wurde bei der Laudatio sehr schnell bewusst, dass [&hellip;]<\/p>\n","protected":false},"author":3,"featured_media":0,"comment_status":"closed","ping_status":"closed","sticky":false,"template":"","format":"standard","meta":{"footnotes":""},"categories":[92],"tags":[],"_links":{"self":[{"href":"https:\/\/sw-osterfeine.de\/index.php?rest_route=\/wp\/v2\/posts\/36054"}],"collection":[{"href":"https:\/\/sw-osterfeine.de\/index.php?rest_route=\/wp\/v2\/posts"}],"about":[{"href":"https:\/\/sw-osterfeine.de\/index.php?rest_route=\/wp\/v2\/types\/post"}],"author":[{"embeddable":true,"href":"https:\/\/sw-osterfeine.de\/index.php?rest_route=\/wp\/v2\/users\/3"}],"replies":[{"embeddable":true,"href":"https:\/\/sw-osterfeine.de\/index.php?rest_route=%2Fwp%2Fv2%2Fcomments&post=36054"}],"version-history":[{"count":1,"href":"https:\/\/sw-osterfeine.de\/index.php?rest_route=\/wp\/v2\/posts\/36054\/revisions"}],"predecessor-version":[{"id":36056,"href":"https:\/\/sw-osterfeine.de\/index.php?rest_route=\/wp\/v2\/posts\/36054\/revisions\/36056"}],"wp:attachment":[{"href":"https:\/\/sw-osterfeine.de\/index.php?rest_route=%2Fwp%2Fv2%2Fmedia&parent=36054"}],"wp:term":[{"taxonomy":"category","embeddable":true,"href":"https:\/\/sw-osterfeine.de\/index.php?rest_route=%2Fwp%2Fv2%2Fcategories&post=36054"},{"taxonomy":"post_tag","embeddable":true,"href":"https:\/\/sw-osterfeine.de\/index.php?rest_route=%2Fwp%2Fv2%2Ftags&post=36054"}],"curies":[{"name":"wp","href":"https:\/\/api.w.org\/{rel}","templated":true}]}}