{"id":36079,"date":"2025-03-10T08:35:40","date_gmt":"2025-03-10T07:35:40","guid":{"rendered":"https:\/\/sw-osterfeine.de\/?p=36079"},"modified":"2025-03-10T08:35:42","modified_gmt":"2025-03-10T07:35:42","slug":"vorbereitung-a-jugend","status":"publish","type":"post","link":"https:\/\/sw-osterfeine.de\/?p=36079","title":{"rendered":"Vorbereitung A-Jugend"},"content":{"rendered":"\n<p>Wir haben es geschafft! Die Zeit ohne Pflichtspiele hat endlich ihr Ende erreicht. Nach der langen Winterpause startet die Fu\u00dfball A-Jugend nun offiziell in die R\u00fcckrunde.<\/p>\n<p>Nachdem wir mit beiden Teams den sportlichen Aufstieg in die sogenannte OM-Liga, in der sich die besten Kreisligateams der Landkreise Vechta, Cloppenburg und Oldenburg Land\/Delmenhorst treffen, erreicht hatten, ging es erstmal in eine lange fu\u00dfballfreie Zeit. In dieser konnten wir uns mit der Futsal-Serie in der Halle bei Laune halten. Nachdem wir beim Heimturnier in Osterfeine noch bis zum Ende um die Qualifikation f\u00fcr die Endrunde zittern mussten, konnten wir bei dieser in Lutten unser K\u00f6nnen unter Beweis stellen und mussten uns nur dem Turniersieger der JSG Visbek\/Langf\u00f6rden\/B\u00fchren knapp geschlagen geben.<\/p>\n<p>Unmittelbar nach diesem Erfolg und witterungsbedingt noch ohne eine einzige Trainingseinheit unter freiem Himmel nutzten wir die Gelegenheit ein erstes Testspiel auf dem Dielinger Kunstrasen gegen die JSG Stemweder Berg zu bestreiten. Gegen den Bezirksligisten traten wir nun bereits zum dritten Mal an. Im ersten Aufeinandertreffen hatte es noch eine deutliche Niederlage gesetzt, die Revanche konnten wir bereits deutlich ausgeglichener gestalten und nach einem Unentschieden in der regul\u00e4ren Spielzeit nach einem kurzfristig angesetzten Elfmeterschie\u00dfen noch f\u00fcr uns entscheiden.<!--more--><\/p>\n<p>Nun begannen wir enorm stark und konnten bis zur Halbzeitpause eine satte 1:5 F\u00fchrung herausspielen. Nach dem Seitenwechsel und den einigen personellen Umstellungen konnten wir diese Dominanz leider nicht mehr aufrechterhalten und mussten uns am Ende knapp mit 7:6 geschlagen geben. Das mag auch in Teilen dem Umstand geschuldet sein, dass wir im Gegensatz zu den Testspielen der Hinrundenvorbereitung die Mannschaften nun nicht mehr so stark mischen, sondern die 1. A und 2. A mehrheitlich in den jeweiligen Teams zusammenspielen lassen. Nichtsdestotrotz war im Vergleich zum ersten Spiel eine deutliche Steigerung zu Beobachten.<\/p>\n<p>Nur wenig sp\u00e4ter galt es eine enorm schwierige Entscheidung zu treffen. Zu Beginn der Saison hatten wir uns dazu entschieden mit zwei extrem kleinen Kadern in die Serie zu starten, um allen ausreichend Spielzeit geben zu k\u00f6nnen. Dieser Plan ist absolut aufgegangen und die Qualifikation beider Teams f\u00fcr die OM-Liga hat gezeigt, dass die Jungs neben ihrem \u00fcberragenden Ehrgeiz auch die n\u00f6tige spielerische Qualit\u00e4t mitbringen. Allerdings mussten wir im Laufe der Saison auch feststellen, dass wir trotz weniger Verletzungen gro\u00dfe Schwierigkeiten hatten ausreichend Spieler f\u00fcr beide Teams zusammen zu bekommen. Ohne die Unterst\u00fctzung unserer B-Jugend (vielen Dank daf\u00fcr!) h\u00e4tten wir in manchen Spielen nicht antreten k\u00f6nnen.<\/p>\n<p>In der R\u00fcckrunde werden nun die Spiele noch intensiver, auch bei der ebenfalls aufgestiegenen B-Jugend, und das Risiko, dass doch einmal mehr als nur ein oder zwei Spieler ausfallen, steigt unweigerlich. Mit der bisherigen Kadergr\u00f6\u00dfe wird das leider nicht mehr darstellbar sein. Daher haben wir uns daf\u00fcr entschieden das Aufstiegsrecht der 2. A aufzugeben und das Team als 9er-Mannschaft in der 1. Kreisklasse zu melden. Dort werden wir zwar versuchen m\u00f6glichst viele Spiele als 11er-Mannschaft zu spielen, sollte das jedoch an einzelnen Spieltagen aufgrund von Spielermangel nicht funktionieren, k\u00f6nnen die Spiele trotzdem stattfinden. So k\u00f6nnen wir auch weiterhin gew\u00e4hrleisten, dass alle Osterfeiner Spieler viel Spielzeit bekommen und wir gleichzeitig zwei schlagkr\u00e4ftige Truppen pro Wochenende auf den Platz bringen.<\/p>\n<p>Das Wetter machte uns unterdessen weiterhin zu schaffen und lie\u00df uns lange nicht, beziehungsweise nur sporadisch auf den Platz. Auch weitere angesetzte Spiele mussten leider wieder abgesagt werden, da die Pl\u00e4tze im Landkreis Vechta keinen Fu\u00dfball zulie\u00dfen. Gl\u00fccklicherweise konnten wir kurzfristig die Absage einer Mannschaft nutzen, um auf dem Brockdorfer Kunstrasen eine Woche vor dem Dammer Carneval gegen den Gr\u00fcn-Wei\u00dfen Bezirksligisten anzutreten. Auch hier pr\u00e4sentierten wir uns wachsam und gingen mit 0:2 in F\u00fchrung, kamen am Ende aber leider nicht \u00fcber ein 2:2 Unentschieden hinaus. Gegen den Viertplatzierten der n\u00e4chsth\u00f6heren Liga ist aber auch das schon eine herausragende Leistung.<\/p>\n<p>Nach der kurzen Carnevalspause besuchte uns mit der JSG Lastrup\/Kneheim\/Hemmelte ein Team, dass den Aufstieg in die OM-Liga in der Hinrunde nur knapp verpasst hatte. Die schweren Beine des vergangenen Wochenendes waren uns noch deutlich anzumerken und so waren wir gezwungen nach zwei F\u00fchrungen zum 1:0 und 2:1 am Ende auf den letzten Dr\u00fccker doch noch einen 2:3 R\u00fcckstand auf ein Unentschieden drehen zu m\u00fcssen. Doch auch das sollte uns gelingen.<\/p>\n<p>Es folgte die kurzfristig angesetzte Generalprobe gegen einen weiteren Bezirksligisten. Wir traten im Pias-Sportpark gegen die JSG Neuenkirchen-V\u00f6rden an. Nach einer intensiven 1. Halbzeit stand es 1:2 f\u00fcr uns. Abgesehen von einer fast schon unversch\u00e4mt schwachen Chancenverwertung und einem etwas langsamen Start in die Partie gab es nur wenig zu kritisieren. Und das Thema der Chancenverwertung sollte sich in H\u00e4lfte zwei (mit fast ausschlie\u00dflich Spielern der 2. A) noch weiter durchziehen. Die Gastgeber konnten sich bei unseren Spielern bedanken, dass wir gn\u00e4dig beste Chancen auslie\u00dfen. So blieb es am Ende beim knappen Sieg. Generalprobe gegl\u00fcckt.<\/p>\n<p>Nun starten wir mit der 1. A am kommenden Wochenende in Lindern zum ersten Spiel der OM-Liga. Am Samstag, dem 15.03. um 16:30 Uhr sto\u00dfen wir gegen die JSG Lindern\/L\u00f6ningen\/Vrees an. Eine Woche sp\u00e4ter geht es dann auch f\u00fcr unsere 2. A in Kroge gegen den SV SW Kroge-Ehrendorf los.<\/p>\n<p>Wir freuen uns auf eine intensive R\u00fcckrunde und geben alles daf\u00fcr unseren Verein im Jubil\u00e4umsjahr w\u00fcrdig zu vertreten. Alle Interessierten sind herzlich zu den Spielen eingeladen. Es lohnt sich die Zukunft des OSV auf dem Platz zu beobachten!<\/p>\n<p>Mit freundlichen Gr\u00fc\u00dfen<\/p>\n<p>Coach P.<\/p>\n","protected":false},"excerpt":{"rendered":"<p>Wir haben es geschafft! Die Zeit ohne Pflichtspiele hat endlich ihr Ende erreicht. Nach der langen Winterpause startet die Fu\u00dfball A-Jugend nun offiziell in die R\u00fcckrunde. Nachdem wir mit beiden Teams den sportlichen Aufstieg in die sogenannte OM-Liga, in der sich die besten Kreisligateams der Landkreise Vechta, Cloppenburg und Oldenburg Land\/Delmenhorst treffen, erreicht hatten, ging [&hellip;]<\/p>\n","protected":false},"author":3,"featured_media":0,"comment_status":"closed","ping_status":"closed","sticky":false,"template":"","format":"standard","meta":{"footnotes":""},"categories":[3],"tags":[],"_links":{"self":[{"href":"https:\/\/sw-osterfeine.de\/index.php?rest_route=\/wp\/v2\/posts\/36079"}],"collection":[{"href":"https:\/\/sw-osterfeine.de\/index.php?rest_route=\/wp\/v2\/posts"}],"about":[{"href":"https:\/\/sw-osterfeine.de\/index.php?rest_route=\/wp\/v2\/types\/post"}],"author":[{"embeddable":true,"href":"https:\/\/sw-osterfeine.de\/index.php?rest_route=\/wp\/v2\/users\/3"}],"replies":[{"embeddable":true,"href":"https:\/\/sw-osterfeine.de\/index.php?rest_route=%2Fwp%2Fv2%2Fcomments&post=36079"}],"version-history":[{"count":1,"href":"https:\/\/sw-osterfeine.de\/index.php?rest_route=\/wp\/v2\/posts\/36079\/revisions"}],"predecessor-version":[{"id":36080,"href":"https:\/\/sw-osterfeine.de\/index.php?rest_route=\/wp\/v2\/posts\/36079\/revisions\/36080"}],"wp:attachment":[{"href":"https:\/\/sw-osterfeine.de\/index.php?rest_route=%2Fwp%2Fv2%2Fmedia&parent=36079"}],"wp:term":[{"taxonomy":"category","embeddable":true,"href":"https:\/\/sw-osterfeine.de\/index.php?rest_route=%2Fwp%2Fv2%2Fcategories&post=36079"},{"taxonomy":"post_tag","embeddable":true,"href":"https:\/\/sw-osterfeine.de\/index.php?rest_route=%2Fwp%2Fv2%2Ftags&post=36079"}],"curies":[{"name":"wp","href":"https:\/\/api.w.org\/{rel}","templated":true}]}}