{"id":36135,"date":"2025-03-17T10:49:52","date_gmt":"2025-03-17T09:49:52","guid":{"rendered":"https:\/\/sw-osterfeine.de\/?p=36135"},"modified":"2025-03-17T10:49:54","modified_gmt":"2025-03-17T09:49:54","slug":"spielbericht-fussball-b-jugend","status":"publish","type":"post","link":"https:\/\/sw-osterfeine.de\/?p=36135","title":{"rendered":"Spielbericht Fussball B-Jugend"},"content":{"rendered":"\n<p>SW Osterfeine \u2013 JSG Cappeln\/Sevelten\/Elsten 1:1<\/p>\n<p>Am vergangenen Samstag rollte der Ball auch bei unserer B-Jugend wieder. Nach fast 8 Wochen Vorbereitung sollte es zum ersten Spiel in der OM-Liga kommen. F\u00fcr viele Spieler ist die OM-Liga, also die besten Mannschaften der Kreisligen Vechta, Cloppenburg und Delmenhorst, ein v\u00f6llig neues Terrain. Und um es dem eifrigen Leser nochmal zu verdeutlichen, f\u00fchlt sich fast jedes Spiel in dieser Liga an, wie ein Spiel gegen eine Topmannschaft aus der Bezirksliga.<\/p>\n<p>Mit dem n\u00f6tigen bisschen Demut aber auch einer gro\u00dfen Portion Vorfreude konnten wir in dieses Spiel gehen. Die Kader-Situation ist aktuell besser denn je. Mit Jonathan Rake kommt ein Spieler aus der Dammer B-Jugend und mit Paulus Meyer konnte ein weiterer Spieler animiert werden zum ohnehin schon gro\u00dfen Kader hinzuzusto\u00dfen. Sch\u00f6n dass ihr da seid! Somit sa\u00dfen Samstagnachmittag um 15:15 Uhr 20 Spieler in der Osterfeiner Kabine. F\u00fcr die Trainer eine komfortable Situation, da aus dem Vollen gesch\u00f6pft werden kann.<\/p>\n<p>Das Spiel begann p\u00fcnktlich bei gutem Wetter mit Temperaturen leicht \u00fcber dem Gefrierpunkt. Der Unparteiische aus Vechta, bekannt f\u00fcr seine harten Entscheidungen, sollte bereits in der vierten Minute eine weitere Aufgabe f\u00fcr unsere Jungs parat haben. In einem Laufduell resultierend aus einer etwas zu weit aufger\u00fcckten Abwehrkette, folgte ein Elfmeterpfiff. So richtig verstehen konnte diesen Pfiff niemand, sowohl auf Heim- als auch Gegnerseite, aber das Geschenk nahmen die Fusionierten dankend an und stellten fr\u00fch auf 0:1. Aufgrund der Erfahrungen mit dem Mann in Gelb lie\u00dfen wir uns aber auch von diesem R\u00fcckstand nicht unterkriegen und versuchten uns wieder auf unser Spiel zu konzentrieren. Daraus folgten Chancen und Abschl\u00fcsse die teilweise noch zu ungenau waren oder durch die Hintermannschaft gekl\u00e4rt werden konnten. Nach 10 Minuten belohnten wir uns aber. Eine Ecke von der rechten Seite, getreten durch Arne St\u00e4rk, landete direkt im Raum um den 11m-Punkt und Carl konnte relativ unbedr\u00e4ngt zum 1:1 eink\u00f6pfen. In der Vorbereitung wurden solche Aktionen fast schon w\u00f6chentlich einstudiert, sodass es umso sch\u00f6ner ist jetzt die Fr\u00fcchte zu tragen. Im weiteren Verlauf der ersten Halbzeit h\u00e4uften sich die Chancen aber weder Arne oder Tom noch Jonathan konnten ihre Chancen in z\u00e4hlbares umm\u00fcnzen. Erw\u00e4hnenswert ist hier aber der Einsatz und Aufwand, den die Jungs betrieben haben. Jeder Zweikampf wurde bejubelt und die Spieler haben sich zu H\u00f6chstleistungen gepusht.<\/p>\n<p>F\u00fcr die zweite Halbzeit erhofften wir uns mehr Erfolg, doch auch der Gegner versuchte alles um noch ein Tor zu erzielen. Chancen gab es auf beiden Seiten, doch Tore sollten nicht mehr fallen. Aber auch hier gilt es den Hut vor der Leistung der Jungs zu ziehen. Das diese Mannschaft, vornehmlich durch den j\u00fcngeren Jahrgang besetzt, ein solches Spiel durchhalten kann ist schon aller Ehren wert. Auch wenn es keine Tore gab, gab es f\u00fcr die Zuschauer ein Spiel das eigentlich alles hatte was den Fu\u00dfball auszeichnet\u2026 Au\u00dfer vielleicht einen Sieger. ;-)<\/p>\n<p>Mit diesem Punkt starten wir die Mission OM-Liga, welche bereits Samstag in Neuenkirchen fortgesetzt wird. Diese Liga ist wie eingangs beschrieben ein Haifischbecken und jeder Fehler, jede Unachtsamkeit wird bestraft, daher werden wir alles tun und die Spiele mit vollem Einsatz zu bestreiten. Wer wei\u00df wohin die Reise f\u00fchrt. Wir halten euch auf jeden Fall auf dem Laufenden oder vielleicht verirrt sich ja der ein oder andere mal zu einem Spiel und \u00fcberzeugt sich selbst davon.<\/p>\n<p>Sportliche Gr\u00fc\u00dfe<\/p>\n<p>Eure B-Jugend<\/p>\n","protected":false},"excerpt":{"rendered":"<p>SW Osterfeine \u2013 JSG Cappeln\/Sevelten\/Elsten 1:1 Am vergangenen Samstag rollte der Ball auch bei unserer B-Jugend wieder. Nach fast 8 Wochen Vorbereitung sollte es zum ersten Spiel in der OM-Liga kommen. F\u00fcr viele Spieler ist die OM-Liga, also die besten Mannschaften der Kreisligen Vechta, Cloppenburg und Delmenhorst, ein v\u00f6llig neues Terrain. Und um es dem [&hellip;]<\/p>\n","protected":false},"author":3,"featured_media":0,"comment_status":"closed","ping_status":"closed","sticky":false,"template":"","format":"standard","meta":{"footnotes":""},"categories":[3],"tags":[],"_links":{"self":[{"href":"https:\/\/sw-osterfeine.de\/index.php?rest_route=\/wp\/v2\/posts\/36135"}],"collection":[{"href":"https:\/\/sw-osterfeine.de\/index.php?rest_route=\/wp\/v2\/posts"}],"about":[{"href":"https:\/\/sw-osterfeine.de\/index.php?rest_route=\/wp\/v2\/types\/post"}],"author":[{"embeddable":true,"href":"https:\/\/sw-osterfeine.de\/index.php?rest_route=\/wp\/v2\/users\/3"}],"replies":[{"embeddable":true,"href":"https:\/\/sw-osterfeine.de\/index.php?rest_route=%2Fwp%2Fv2%2Fcomments&post=36135"}],"version-history":[{"count":1,"href":"https:\/\/sw-osterfeine.de\/index.php?rest_route=\/wp\/v2\/posts\/36135\/revisions"}],"predecessor-version":[{"id":36136,"href":"https:\/\/sw-osterfeine.de\/index.php?rest_route=\/wp\/v2\/posts\/36135\/revisions\/36136"}],"wp:attachment":[{"href":"https:\/\/sw-osterfeine.de\/index.php?rest_route=%2Fwp%2Fv2%2Fmedia&parent=36135"}],"wp:term":[{"taxonomy":"category","embeddable":true,"href":"https:\/\/sw-osterfeine.de\/index.php?rest_route=%2Fwp%2Fv2%2Fcategories&post=36135"},{"taxonomy":"post_tag","embeddable":true,"href":"https:\/\/sw-osterfeine.de\/index.php?rest_route=%2Fwp%2Fv2%2Ftags&post=36135"}],"curies":[{"name":"wp","href":"https:\/\/api.w.org\/{rel}","templated":true}]}}