{"id":36137,"date":"2025-03-17T16:05:26","date_gmt":"2025-03-17T15:05:26","guid":{"rendered":"https:\/\/sw-osterfeine.de\/?p=36137"},"modified":"2025-03-17T16:05:28","modified_gmt":"2025-03-17T15:05:28","slug":"spielbericht-1-damen-5","status":"publish","type":"post","link":"https:\/\/sw-osterfeine.de\/?p=36137","title":{"rendered":"Spielbericht 1. Damen"},"content":{"rendered":"\n<p>Heimsieg gegen Haren!! \ud83e\udd29<\/p>\n<p>Am Samstagabend empfingen wir die Damen vom TuS Haren.<\/p>\n<p>Nachdem wir im Hinspiel nur einen Punkt holen konnten, waren wir umso motivierter, die \u270c\ud83c\udffcPunkte diesmal in Osterfeine zu behalten!<\/p>\n<p>Nach einem ausgeglichenen Start konnten wir uns in der zweiten H\u00e4lfte der ersten Halbzeit einen Vorsprung von 6 Toren erarbeiten, sodass es zur Pause 19:13 stand.<\/p>\n<p>Diesen Vorsprung konnten wir auch in Halbzeit 2 weitestgehend beibehalten und auch wenn es am Ende noch mal kurz spannend wurde, konnten wir das Spiel letztendlich mit 40:37 f\u00fcr uns entscheiden! \ud83d\ude80\ud83e\udd29<\/p>\n<p>Ein gro\u00dfes Dankesch\u00f6n geht an Toni aus der A-Jugend, die uns tatkr\u00e4ftig unterst\u00fctzt hat! \ud83e\udef6\ud83c\udffc\ud83e\udef6\ud83c\udffc<\/p>\n<p>Tore: Hannah (9\/6), Lulu (6), Charly (5), Anna W. &amp; Thessy (4), Toni (3), Julia (2\/2), Lena, K\u00e4the &amp; Pauline (2), Greta (1)<\/p>\n<p><a href=\"https:\/\/sw-osterfeine.de\/wp-content\/uploads\/2025\/03\/6a524e67-1233-4ac4-9f33-6b5f59846bd3.jpeg\" data-rel=\"lightbox-image-0\" data-rl_title=\"\" data-rl_caption=\"\" title=\"\"><img loading=\"lazy\" decoding=\"async\" class=\"alignleft wp-image-36138 size-large\" src=\"https:\/\/sw-osterfeine.de\/wp-content\/uploads\/2025\/03\/6a524e67-1233-4ac4-9f33-6b5f59846bd3-768x1024.jpeg\" alt=\"\" width=\"768\" height=\"1024\" srcset=\"https:\/\/sw-osterfeine.de\/wp-content\/uploads\/2025\/03\/6a524e67-1233-4ac4-9f33-6b5f59846bd3-768x1024.jpeg 768w, https:\/\/sw-osterfeine.de\/wp-content\/uploads\/2025\/03\/6a524e67-1233-4ac4-9f33-6b5f59846bd3-225x300.jpeg 225w, https:\/\/sw-osterfeine.de\/wp-content\/uploads\/2025\/03\/6a524e67-1233-4ac4-9f33-6b5f59846bd3-1152x1536.jpeg 1152w, https:\/\/sw-osterfeine.de\/wp-content\/uploads\/2025\/03\/6a524e67-1233-4ac4-9f33-6b5f59846bd3.jpeg 1200w\" sizes=\"(max-width: 768px) 100vw, 768px\" \/><\/a><\/p>\n\n\n","protected":false},"excerpt":{"rendered":"<p>Heimsieg gegen Haren!! \ud83e\udd29 Am Samstagabend empfingen wir die Damen vom TuS Haren. Nachdem wir im Hinspiel nur einen Punkt holen konnten, waren wir umso motivierter, die \u270c\ud83c\udffcPunkte diesmal in Osterfeine zu behalten! Nach einem ausgeglichenen Start konnten wir uns in der zweiten H\u00e4lfte der ersten Halbzeit einen Vorsprung von 6 Toren erarbeiten, sodass es [&hellip;]<\/p>\n","protected":false},"author":3,"featured_media":0,"comment_status":"closed","ping_status":"closed","sticky":false,"template":"","format":"standard","meta":{"footnotes":""},"categories":[1],"tags":[],"_links":{"self":[{"href":"https:\/\/sw-osterfeine.de\/index.php?rest_route=\/wp\/v2\/posts\/36137"}],"collection":[{"href":"https:\/\/sw-osterfeine.de\/index.php?rest_route=\/wp\/v2\/posts"}],"about":[{"href":"https:\/\/sw-osterfeine.de\/index.php?rest_route=\/wp\/v2\/types\/post"}],"author":[{"embeddable":true,"href":"https:\/\/sw-osterfeine.de\/index.php?rest_route=\/wp\/v2\/users\/3"}],"replies":[{"embeddable":true,"href":"https:\/\/sw-osterfeine.de\/index.php?rest_route=%2Fwp%2Fv2%2Fcomments&post=36137"}],"version-history":[{"count":1,"href":"https:\/\/sw-osterfeine.de\/index.php?rest_route=\/wp\/v2\/posts\/36137\/revisions"}],"predecessor-version":[{"id":36139,"href":"https:\/\/sw-osterfeine.de\/index.php?rest_route=\/wp\/v2\/posts\/36137\/revisions\/36139"}],"wp:attachment":[{"href":"https:\/\/sw-osterfeine.de\/index.php?rest_route=%2Fwp%2Fv2%2Fmedia&parent=36137"}],"wp:term":[{"taxonomy":"category","embeddable":true,"href":"https:\/\/sw-osterfeine.de\/index.php?rest_route=%2Fwp%2Fv2%2Fcategories&post=36137"},{"taxonomy":"post_tag","embeddable":true,"href":"https:\/\/sw-osterfeine.de\/index.php?rest_route=%2Fwp%2Fv2%2Ftags&post=36137"}],"curies":[{"name":"wp","href":"https:\/\/api.w.org\/{rel}","templated":true}]}}