{"id":36148,"date":"2025-03-21T14:09:13","date_gmt":"2025-03-21T13:09:13","guid":{"rendered":"https:\/\/sw-osterfeine.de\/?p=36148"},"modified":"2025-03-21T14:09:15","modified_gmt":"2025-03-21T13:09:15","slug":"fuba-1-a-jugend-4","status":"publish","type":"post","link":"https:\/\/sw-osterfeine.de\/?p=36148","title":{"rendered":"Fuba 1. A-Jugend"},"content":{"rendered":"\n<p>JSG Lindern\/L\u00f6ningen\/Vrees \u2013 SW Osterfeine 2:1<\/p>\n<p>Das lange warten hatte ein Ende und die 1. A-Jugend startete mit einem echten Topspiel in die OM-Liga. Mit der JSG Lindern\/L\u00f6ningen\/Vrees wartete der Tabellenerste des Landkreises Cloppenburg auf den Tabellenersten aus dem Landkreis Vechta.<\/p>\n<p>Die Gastgeber liefen von Beginn an sehr hoch an und versuchten uns bereits an unserem Strafraum im Spielaufbau unter Druck zu setzen. Die konsequente und bisweilen ruppige Spielweise stellte uns insbesondere in den Anfangsminuten durchaus vor eine Herausforderung. Unser ansonsten sicheres Kombinationsspiel kam nur selten zur Geltung und befreien konnten wir uns in dieser Phase fast nur mit langen B\u00e4llen.<\/p>\n<p>Dass unsere Kontrahenten das Pensum kein ganzes Spiel \u00fcber durchhalten w\u00fcrden war uns zwar bewusst, aber dennoch mussten wir es so lange erstmal m\u00f6glichst unbeschadet aushalten. Die wahrscheinlich unangenehmste Begegnung machte in dieser Phase Mattes Glandorf, der nach einer starken Balleroberung zun\u00e4chst einen deutlichen Tritt in die Wade und direkt im Anschluss in der gleichen Aktion eine weitere heftige Attacke von hinten seitlich gegen das Schienbein bekam. Die Proteste von Trainerbank und Zuschauern konnten den Schiedsrichter nicht dazu bewegen in dieser Situation auch eine pers\u00f6nliche Strafe zu verteilen. Dieser hatte sich offensichtlich vorgenommen ohne Karten auszukommen, komme was da wolle. Anders l\u00e4sst sich nicht erkl\u00e4ren, warum insbesondere in dieser Situation, aber auch ansonsten im gesamten Spiel keine Karte gezogen wurde.<\/p>\n<p>Je l\u00e4nger das Spiel dauerte, desto mehr R\u00e4ume entstanden f\u00fcr uns und wir agierten nun merklich sicherer. Erste Chancen wurden herausgespielt, am Abschluss haperte es jedoch noch etwas, weil wir uns in einigen Situationen einfach nicht zutrauten den Ball auf das Tor zu bringen.<!--more--><\/p>\n<p>Mitten in diese Phase hinein fiel dann aber der bittere Gegentreffer. Nach Ballverlust in der Vorw\u00e4rtsbewegung wurde der Ball aus dem Mittelfeldzentrum in den Halbraum Richtung Grundlinie gespielt. Von dort aus wurde der Versuch quer vor das Tor zu legen so ungl\u00fccklich von Moritz Otte auf das eigene Tor abgef\u00e4lscht, dass Moritz Sonnen den Ball in der Gegenbewegung beim Versuch noch zu retten ins eigene Tor wischte (42. Minute).<\/p>\n<p>Mit dem R\u00fcckstand ging es in die Pause, in der wir uns noch einmal auf unsere St\u00e4rken besinnen wollten, um selbstbewusst die Mission \u201eSpiel drehen\u201c anzugehen. Mehr Abschl\u00fcsse und weniger lange B\u00e4lle sollten uns zum Ziel f\u00fchren.<\/p>\n<p>Dass dieser Plan aufgehen k\u00f6nnte zeigte sich bereits fr\u00fch. Die zweite Halbzeit konnte man fast schon als Spiel auf ein Tor bezeichnen. Die Gastgeber konnten nur noch selten f\u00fcr echte Entlastung sorgen und wir liefen kontinuierlich auf das Tor zu. Einzig ein Treffer wollte einfach noch nicht fallen. Unsere Angriffe endeten knapp im Toraus, am Aluminium oder in den H\u00e4nden des Torh\u00fcters. Und wenn der einmal geschlagen war stand da immer noch irgendein Abwehrbein, das das Tor verhinderte.<\/p>\n<p>Und wie es im Fu\u00dfball so ist: Wenn du sie vorne nicht machst bekommst du sie hinten rein. Nach einem Steckball ins Zentrum war der Angreifer in \u00e4u\u00dferst abseitsverd\u00e4chtiger Position frei durch und stellte auf 2:0 (68. Minute). Unsere Nachl\u00e4ssigkeit in der Chancenverwertung wurde eiskalt bestraft.<\/p>\n<p>Die Zeit lief nun allm\u00e4hlich davon und nachvollziehbarerweise versuchten wir in dieser Situation h\u00e4ufig den Ball schnell lang nach vorne zu bringen. Dieser Weg hatte sich allerdings auch zuvor nicht als besonders erfolgreich erwiesen. Nach einem kurzen Hinweis auf diese Tatsache und der R\u00fcckbesinnung auf unsere St\u00e4rken zogen wir nun wieder unseren gewohnten Spielaufbau auf und kamen weiter zu besten Gelegenheiten. Es war an diesem Tag aber wie verhext. Der Ball wollte einfach nicht ins Netz.<\/p>\n<p>Den Bann konnte kurz vor dem Abpfiff dann doch noch Moritz Otte brechen. Nach einer Ecke von Harry stieg er im Strafraum am h\u00f6chsten und brachte den Ball in den Maschen unter (90.+1). Warum es nach einigen Unterbrechungen der Partie keine l\u00e4ngere Nachspielzeit gab bleibt wohl das Geheimnis des Unparteiischen. Aber am Ende m\u00fcssen wir uns eingestehen, dass es nicht an diesem gelegen hat, sondern an unserem fahrl\u00e4ssigen Umgang mit den zahlreichen Torgelegenheiten. So blieb es bei der knappen und ungl\u00fccklichen Niederlage im ersten Spiel der OM-Liga.<\/p>\n<p>Positiv mitnehmen werden wir, dass unsere Spielweise auch gegen die Topmannschaften dieser Liga funktioniert. Wir stehen defensiv \u00fcber weite Strecken sicher und erspielen uns in der Offensive mitunter beste Torgelegenheiten. Wir sind zuversichtlich, dass wir von diesen in den kommenden Spielen auch einen h\u00f6heren Prozentsatz in Tore umwandeln werden.<\/p>\n<p>Besser machen kann es nun am kommenden Wochenende erstmal die 2. A. Um 16:30 Uhr bestreitet diese das erste Spiel der Kreisklassenfr\u00fchjahrsrunde in Kroge. Hier wollen wir zeigen, dass wir auch in dieser Liga zu den Favoriten z\u00e4hlen.<\/p>\n<p>\u00a0<\/p>\n<p>Mit freundlichen Gr\u00fc\u00dfen<\/p>\n<p>Coach P.<\/p>\n<p>Tore: \u00a0\u00a0\u00a0 1:0 Styrz<\/p>\n<p>\u00a0\u00a0\u00a0\u00a0\u00a0\u00a0\u00a0\u00a0\u00a0\u00a0\u00a0\u00a0\u00a0\u00a0\u00a0 2:0 Styrz<\/p>\n<p>\u00a0\u00a0\u00a0\u00a0\u00a0\u00a0\u00a0\u00a0\u00a0\u00a0\u00a0\u00a0\u00a0\u00a0\u00a0 2:1 M. Otte (Nordmann)<\/p>\n<p><a href=\"https:\/\/sw-osterfeine.de\/wp-content\/uploads\/2025\/03\/A-Jugend.png\" data-rel=\"lightbox-image-0\" data-rl_title=\"\" data-rl_caption=\"\" title=\"\"><img loading=\"lazy\" decoding=\"async\" class=\"alignleft size-full wp-image-36149\" src=\"https:\/\/sw-osterfeine.de\/wp-content\/uploads\/2025\/03\/A-Jugend.png\" alt=\"\" width=\"454\" height=\"691\" srcset=\"https:\/\/sw-osterfeine.de\/wp-content\/uploads\/2025\/03\/A-Jugend.png 454w, https:\/\/sw-osterfeine.de\/wp-content\/uploads\/2025\/03\/A-Jugend-197x300.png 197w\" sizes=\"(max-width: 454px) 100vw, 454px\" \/><\/a><\/p>\n\n\n\n\n\n\n","protected":false},"excerpt":{"rendered":"<p>JSG Lindern\/L\u00f6ningen\/Vrees \u2013 SW Osterfeine 2:1 Das lange warten hatte ein Ende und die 1. A-Jugend startete mit einem echten Topspiel in die OM-Liga. Mit der JSG Lindern\/L\u00f6ningen\/Vrees wartete der Tabellenerste des Landkreises Cloppenburg auf den Tabellenersten aus dem Landkreis Vechta. Die Gastgeber liefen von Beginn an sehr hoch an und versuchten uns bereits an [&hellip;]<\/p>\n","protected":false},"author":3,"featured_media":0,"comment_status":"closed","ping_status":"closed","sticky":false,"template":"","format":"standard","meta":{"footnotes":""},"categories":[3],"tags":[],"_links":{"self":[{"href":"https:\/\/sw-osterfeine.de\/index.php?rest_route=\/wp\/v2\/posts\/36148"}],"collection":[{"href":"https:\/\/sw-osterfeine.de\/index.php?rest_route=\/wp\/v2\/posts"}],"about":[{"href":"https:\/\/sw-osterfeine.de\/index.php?rest_route=\/wp\/v2\/types\/post"}],"author":[{"embeddable":true,"href":"https:\/\/sw-osterfeine.de\/index.php?rest_route=\/wp\/v2\/users\/3"}],"replies":[{"embeddable":true,"href":"https:\/\/sw-osterfeine.de\/index.php?rest_route=%2Fwp%2Fv2%2Fcomments&post=36148"}],"version-history":[{"count":1,"href":"https:\/\/sw-osterfeine.de\/index.php?rest_route=\/wp\/v2\/posts\/36148\/revisions"}],"predecessor-version":[{"id":36150,"href":"https:\/\/sw-osterfeine.de\/index.php?rest_route=\/wp\/v2\/posts\/36148\/revisions\/36150"}],"wp:attachment":[{"href":"https:\/\/sw-osterfeine.de\/index.php?rest_route=%2Fwp%2Fv2%2Fmedia&parent=36148"}],"wp:term":[{"taxonomy":"category","embeddable":true,"href":"https:\/\/sw-osterfeine.de\/index.php?rest_route=%2Fwp%2Fv2%2Fcategories&post=36148"},{"taxonomy":"post_tag","embeddable":true,"href":"https:\/\/sw-osterfeine.de\/index.php?rest_route=%2Fwp%2Fv2%2Ftags&post=36148"}],"curies":[{"name":"wp","href":"https:\/\/api.w.org\/{rel}","templated":true}]}}