{"id":36211,"date":"2025-04-07T15:38:20","date_gmt":"2025-04-07T13:38:20","guid":{"rendered":"https:\/\/sw-osterfeine.de\/?p=36211"},"modified":"2025-04-07T15:38:22","modified_gmt":"2025-04-07T13:38:22","slug":"neues-vom-osvneues-vom-osv-2","status":"publish","type":"post","link":"https:\/\/sw-osterfeine.de\/?p=36211","title":{"rendered":"Neues vom OSV!!Neues vom OSV!!"},"content":{"rendered":"\n<p><strong>Einen sportlichen Krimi der besonderen Art lieferten unsere Damenhandballerinnen am vergangenen Donnerstag in der Osterfeiner Sporthalle im vorletzten Punktspiel in der Landesliga gegen die G\u00e4ste von Eintracht Ihlow. Gegen die Mannschaft aus der Umgebung von Aurich sah es lange nach einer deutlichen F\u00fchrung ganz gut aus, doch im Endspurt kamen die G\u00e4ste deutlich n\u00e4her an einen Punktgewinn heran, doch zum Schluss konnte unsere Mannschaft mit 33:31 gewinnen und die Tabellenspitze verteidigen!!!!! Am Samstag, den 26.4.2025 kommt es um 18.30 Uhr in der OSV-Vereinssporthalle nun zum finalen Showdown gegen die Handballerinnen aus Dalum. Bitte also den Termin schon mal vormerken!!!!!!!!<\/strong><strong>\u00a0<\/strong><\/p>\n<p><strong>Am vergangenen Wochenende beendete unsere Oberliga A-Jugend im Handball die Spielserie 2024\/25. Die Akteure von Trainerin Jutta Hillmann konnten renommierte Handballteams aus Friesoythe, Nordhorn und Hunte-Aue-L\u00f6wen hinter sich lassen und belegten einen guten Platz 6!! Nun geht es f\u00fcr die Mannschaft in den n\u00e4chsten Wochen wieder in die Relegation zur Oberliga. Viel Gl\u00fcck dabei!!<\/strong><strong>\u00a0<\/strong><\/p>\n<p><strong>Seit heute l\u00e4uft wieder die total angesagte Ferienbetreuung f\u00fcr unsere Kinder im Grundschulalter. \u00dcber 100 Kinder sind t\u00e4glich in der tollen OSV-Vereinssporthalle bei Spiel, Spa\u00df und Sport aktiv. Ca 15 Betreuer\/innen versuchen den Kindern tolle Tage in den Osterferien erleben zu lassen. Wer an diesen Tagen mal einen l\u00e4ngeren und intensiven Blick in die Sporthalle wirft, wird begeistert sein, wie unser Nachwuchs die Sporthalle mit Leben f\u00fcllt. Sp\u00e4testens nach dem Besuch der Sporthalle d\u00fcrfte jegliche schlechte Laune verflogen sein.<\/strong><strong>\u00a0<\/strong><\/p>\n<p><strong>Mit Elan arbeiten flei\u00dfige Helfer unter der Regie von Frank Lamping derzeit an den Ballfangz\u00e4unen auf Platz I. Richtung Parkplatz erschein der Fangzaun bereits in den Vereinsfarben Schwarz und Wei\u00df. Richtung Platz II wird vermutlich am kommenden Wochenende f\u00fcr neunen Halt im Zaun und eine frische Optik gesorgt werden. Schon jetzt ein riesiges Danke an die flei\u00dfigen Helfer!!<\/strong><strong>\u00a0<\/strong><\/p>\n<p><strong>Auf Hochtouren laufen momentan die Vorbereitungen f\u00fcr die Jubil\u00e4umsfeiern am 30.4.2025 und am 1. Mai 2025 auf der OSV-Sportanlage in Kl\u00fcnenberg. Zum offiziellen Fest in der Sporthalle Osterfeine kommen in diesen Tagen die Anmeldungen zur Feier bei den Vereinsorganisatoren an. Die Resonanz der G\u00e4ste bei den Anmeldungen ist \u00fcberragend und viele OSVer freuen sich auf ein Wiedersehen mit den alten und vergangenen Mannschaftskameraden und Sportler\/innen. Schon jetzt zeichnet sich eine tolle Beteiligung ab, schlie\u00dflich haben in den vergangenen Jahren unz\u00e4hlige Sportler und Sportlerinnen ihren Beitrag zum Vereinsleben von SW Osterfeine beigetragen. Bei aktuell \u00fcber 1850 Mitgliedern und bei einem Vereinsbestehen von fast 100 Jahren ist uns sehr wohl bewusst, dass nicht alle OSVer zum Festabend eingeladen werden k\u00f6nnen. Aber die Organisatoren haben alles Erdenkliche versucht, den OSV in der Jubil\u00e4umsfeier ad\u00e4quat abzubilden, daher freuen wir uns au\u00dferordentlich \u00fcber die extrem positive Resonanz.\u00a0<\/strong><\/p>\n<p><strong>Vermutlich zum Pokalspiel unserer I-Herrenmannschaft am Ostersamstag k\u00f6nnte das Jubil\u00e4umsbuch 2025 schon vorliegen. Allen Beteiligten gilt ein gro\u00dfes Dankesch\u00f6n f\u00fcr die gelungene Vereinschronik 2025. Also Daumen dr\u00fccken, dass der Buchdruck wie geplant verl\u00e4uft, dann k\u00f6nnte der Osterhase vielleicht schon ein OSV-Buch ins Osternest legen!!!<\/strong><\/p>\n<p>\u00a0<\/p>\n","protected":false},"excerpt":{"rendered":"<p>Einen sportlichen Krimi der besonderen Art lieferten unsere Damenhandballerinnen am vergangenen Donnerstag in der Osterfeiner Sporthalle im vorletzten Punktspiel in der Landesliga gegen die G\u00e4ste von Eintracht Ihlow. Gegen die Mannschaft aus der Umgebung von Aurich sah es lange nach einer deutlichen F\u00fchrung ganz gut aus, doch im Endspurt kamen die G\u00e4ste deutlich n\u00e4her an [&hellip;]<\/p>\n","protected":false},"author":3,"featured_media":0,"comment_status":"closed","ping_status":"closed","sticky":false,"template":"","format":"standard","meta":{"footnotes":""},"categories":[92],"tags":[],"_links":{"self":[{"href":"https:\/\/sw-osterfeine.de\/index.php?rest_route=\/wp\/v2\/posts\/36211"}],"collection":[{"href":"https:\/\/sw-osterfeine.de\/index.php?rest_route=\/wp\/v2\/posts"}],"about":[{"href":"https:\/\/sw-osterfeine.de\/index.php?rest_route=\/wp\/v2\/types\/post"}],"author":[{"embeddable":true,"href":"https:\/\/sw-osterfeine.de\/index.php?rest_route=\/wp\/v2\/users\/3"}],"replies":[{"embeddable":true,"href":"https:\/\/sw-osterfeine.de\/index.php?rest_route=%2Fwp%2Fv2%2Fcomments&post=36211"}],"version-history":[{"count":1,"href":"https:\/\/sw-osterfeine.de\/index.php?rest_route=\/wp\/v2\/posts\/36211\/revisions"}],"predecessor-version":[{"id":36212,"href":"https:\/\/sw-osterfeine.de\/index.php?rest_route=\/wp\/v2\/posts\/36211\/revisions\/36212"}],"wp:attachment":[{"href":"https:\/\/sw-osterfeine.de\/index.php?rest_route=%2Fwp%2Fv2%2Fmedia&parent=36211"}],"wp:term":[{"taxonomy":"category","embeddable":true,"href":"https:\/\/sw-osterfeine.de\/index.php?rest_route=%2Fwp%2Fv2%2Fcategories&post=36211"},{"taxonomy":"post_tag","embeddable":true,"href":"https:\/\/sw-osterfeine.de\/index.php?rest_route=%2Fwp%2Fv2%2Ftags&post=36211"}],"curies":[{"name":"wp","href":"https:\/\/api.w.org\/{rel}","templated":true}]}}