{"id":36266,"date":"2025-04-14T08:33:57","date_gmt":"2025-04-14T06:33:57","guid":{"rendered":"https:\/\/sw-osterfeine.de\/?p=36266"},"modified":"2025-04-14T08:33:57","modified_gmt":"2025-04-14T06:33:57","slug":"fuba-1-a-jugend-5","status":"publish","type":"post","link":"https:\/\/sw-osterfeine.de\/?p=36266","title":{"rendered":"Fuba 1. A-Jugend"},"content":{"rendered":"\n<p><strong>JSG B\u00f6sel\/Th\u00fcle\/Markhausen \u2013 SW Osterfeine 3:3<\/strong><\/p>\n<p>Aufgrund einer Spielverlegung mussten wir auch unser zweites Spiel der diesj\u00e4hrigen OM-Liga in der Fremde bestreiten. In B\u00f6sel wartete ein Konkurrent, dessen Tabellensituation in der Hinrunde leicht dazu f\u00fchren konnte, dass man ihn untersch\u00e4tzt. Nur knapp war unser Gegner in die Aufstiegsr\u00e4nge gerutscht. Das Spiel sollte jedoch zeigen, dass dies wahrscheinlich in erster Linie einer Verletzungspause des Kapit\u00e4ns der Gastgeber geschuldet war.<\/p>\n<p>Dieser machte direkt zu Beginn deutlich, wie wichtig er f\u00fcr seine Mannschaft ist. In der vierten Minute war die Situation nach einem Einwurf eigentlich schon bereinigt, als Clemens zu wenig Sch\u00e4rfe in den R\u00fcckpass zu Moritz Sonnen bekam. Dieser bekam den Ball unter Druck nicht richtig gekl\u00e4rt, sodass besagter Kapit\u00e4n den Ball abfangen und im freien Tor unterbringen konnte. Auch im weiteren Verlauf des Spiels sollte uns dieser Spieler mit seiner K\u00f6rperlichkeit und seinen F\u00e4higkeiten im Bereich Ballbehauptung immer wieder vor Aufgaben stellen.<\/p>\n<p>Nach der bitteren Niederlage in Lindern lagen wir nun erneut hinten. Dennoch wollten wir an diesem Tag mit verbesserter Chancenverwertung verdeutlichen, dass dieses erste Spiel nur ein Ausrutscher war. Gegen die gut gestaffelten Reihen des Heimteams hatten wir allerdings unsere M\u00fche \u00fcberhaupt Chancen zu kreieren. Zu lethargisch wirkten unsere Angriffe und wenn wir einmal bis in die Angriffsreihe kombinieren konnten warteten dort konsequente Verteidiger, die keinen Zweifel daran lie\u00dfen, dass sie alles daf\u00fcr tun w\u00fcrden uns nicht vorbeikommen zu lassen.<!--more--><\/p>\n<p>Und wie bereits in L\u00f6ningen gaben wir auch hier nach relativ kurzer Zeit unser Kombinationsspiel mehrheitlich auf und verlegten uns auf lange B\u00e4lle, mit denen wir unsere Mitspieler in unangenehme Laufduelle mit ebendiesen beinharten Verteidigern schickten. Dass dies nicht von Erfolg gekr\u00f6nt sein w\u00fcrde hatte schon die Niederlage zwei Wochen zuvor gezeigt.<\/p>\n<p>Darauf wurde auch in der Halbzeitpause noch einmal explizit hingewiesen. Wir mussten in Halbzeit zwei nicht nur k\u00f6rperlich st\u00e4rker dagegenhalten und in den Zweik\u00e4mpfen pr\u00e4senter sein, sondern auch das Fu\u00dfballspielen f\u00fcr uns wiederentdecken.<\/p>\n<p>Zu Beginn der zweiten H\u00e4lfte sollte uns dies auch deutlich besser gelingen. Wir hatten nun nicht mehr nur Ballbesitz, sondern gef\u00fchlt auch mehr Kontrolle im Spiel. Das brachte uns zwar noch nicht die gew\u00fcnschten Chancen, doch unser Gegner musste nun wesentlich mehr tun, um uns davon abzuhalten und das w\u00fcrde \u00fcber kurz oder lang K\u00f6rner kosten.<\/p>\n<p>Den n\u00e4chsten Nackenschlag gab es dann allerdings f\u00fcr uns. Einen langen Ball fingen wir zun\u00e4chst ab, der zweite Ball wurde jedoch direkt durch die Schnittstelle gespielt und so tauchte der Kapit\u00e4n frei vor Sonne auf und erzielte seinen zweiten Treffer (57. Minute).<\/p>\n<p>Abgezeichnet hatte sich dieser Treffer nicht, aber es sollte noch schlimmer kommen. Knapp zehn Minuten sp\u00e4ter versuchte Noah einen langen Kl\u00e4rungsversuch der Gastgeber seinerseits durch den Gegner hindurch zu kl\u00e4ren, wurde dabei jedoch geblockt und der St\u00fcrmer konnte aus 40 Metern den Ball \u00fcber den hoch stehenden Sonne hinweg ins Netz bef\u00f6rdern (65. Minute).<\/p>\n<p>Nun liefen wir also einem 3:0 hinterher. Dies schien uns aber zumindest endg\u00fcltig wach zu r\u00fctteln. Nun rollte eine Angriffswelle nach der n\u00e4chsten auf das B\u00f6seler Tor zu. Defensiv waren wir ebenfalls wesentlich sch\u00e4rfer und erzielten so nach Ballverlusten schnelle Ballgewinne, um wieder mit Tempo auf das gegnerische Geh\u00e4use zu spielen.<\/p>\n<p>Nur drei Minuten nach dem 3:0 war es Paul Kreinest, der ein Laufduell an der rechten Seitenlinie f\u00fcr sich entschied und den Ball hoch Richtung zweiten Posten brachte. Was alle f\u00fcr eine Flanke auf den einlaufenden Clemens hielten stellte sich als perfekter Torschuss in den Winkel heraus (68. Minute).<\/p>\n<p>Der Anschlusstreffer gab und neuen Hoffnung und verlieh unseren Angriffen noch mehr Durchschlagskraft. Keine zehn Minuten sp\u00e4ter marschierte Arne nach einem Einwurf dynamisch in den Strafraum und legte dort quer zu Henry Nordmann, der nicht lange fackelte und den Ball \u00fcberlegt in die lange Ecke bugsierte (77. Minute).<\/p>\n<p>Und nur zwei Minuten sp\u00e4ter konnten wir den Ausgleich erzielen. Harry behauptete stark den Ball und spielte Arne an. Der wiederum legte kurz ab auf Tim, der den halben Strafraum entlang marschierte, ehe er die Kugel von dessen Grenze gegen die Laufbewegung \u00fcber den Torwart hinweg in die Maschen hob (79. Minute).<\/p>\n<p>Die \u00fcbrigen zehn Minuten versuchten wir alles, um dieses Spiel noch komplett zu drehen und wenn es noch ein wenig l\u00e4nger gedauert h\u00e4tte w\u00e4ren wir damit sicher auch noch erfolgreich gewesen. So aber mussten wir uns mit dem 3:3 am Ende zufriedengeben.<\/p>\n<p>Nun gilt es aufzuarbeiten, warum wir aktuell immer erst einen Weckruf ben\u00f6tigen, um richtig loszulegen und warum wir das Spiel, was und jahrelang ausgezeichnet hat ohne Not f\u00fcr die einfache, aber erfolglose Variante der langen B\u00e4lle opfern. Daran wird in den kommenden Wochen zu arbeiten sein.<\/p>\n<p>Aufgrund von Spielverlegungen und den Osterferien folgt nun eine l\u00e4ngere Pause, ehe am 26.04. mit dem JFV Cloppenburg II der n\u00e4chste Brocken aus dem Kreis Cloppenburg auf uns wartet. Ansto\u00df ist um 16:00 Uhr in Emstekerfeld.<\/p>\n<p>Mit freundlichen Gr\u00fc\u00dfen<\/p>\n<p>Coach P.<\/p>\n<p><a href=\"https:\/\/sw-osterfeine.de\/wp-content\/uploads\/2025\/04\/Aufstellung-scaled.jpg\" data-rel=\"lightbox-image-0\" data-rl_title=\"\" data-rl_caption=\"\" title=\"\"><img loading=\"lazy\" decoding=\"async\" class=\"alignleft size-full wp-image-36267\" src=\"https:\/\/sw-osterfeine.de\/wp-content\/uploads\/2025\/04\/Aufstellung-scaled.jpg\" alt=\"\" width=\"1810\" height=\"2560\" srcset=\"https:\/\/sw-osterfeine.de\/wp-content\/uploads\/2025\/04\/Aufstellung-scaled.jpg 1810w, https:\/\/sw-osterfeine.de\/wp-content\/uploads\/2025\/04\/Aufstellung-212x300.jpg 212w, https:\/\/sw-osterfeine.de\/wp-content\/uploads\/2025\/04\/Aufstellung-724x1024.jpg 724w, https:\/\/sw-osterfeine.de\/wp-content\/uploads\/2025\/04\/Aufstellung-768x1086.jpg 768w, https:\/\/sw-osterfeine.de\/wp-content\/uploads\/2025\/04\/Aufstellung-1086x1536.jpg 1086w, https:\/\/sw-osterfeine.de\/wp-content\/uploads\/2025\/04\/Aufstellung-1448x2048.jpg 1448w\" sizes=\"(max-width: 1810px) 100vw, 1810px\" \/><\/a><\/p>\n","protected":false},"excerpt":{"rendered":"<p>JSG B\u00f6sel\/Th\u00fcle\/Markhausen \u2013 SW Osterfeine 3:3 Aufgrund einer Spielverlegung mussten wir auch unser zweites Spiel der diesj\u00e4hrigen OM-Liga in der Fremde bestreiten. In B\u00f6sel wartete ein Konkurrent, dessen Tabellensituation in der Hinrunde leicht dazu f\u00fchren konnte, dass man ihn untersch\u00e4tzt. Nur knapp war unser Gegner in die Aufstiegsr\u00e4nge gerutscht. Das Spiel sollte jedoch zeigen, dass [&hellip;]<\/p>\n","protected":false},"author":3,"featured_media":0,"comment_status":"closed","ping_status":"closed","sticky":false,"template":"","format":"standard","meta":{"footnotes":""},"categories":[3],"tags":[],"_links":{"self":[{"href":"https:\/\/sw-osterfeine.de\/index.php?rest_route=\/wp\/v2\/posts\/36266"}],"collection":[{"href":"https:\/\/sw-osterfeine.de\/index.php?rest_route=\/wp\/v2\/posts"}],"about":[{"href":"https:\/\/sw-osterfeine.de\/index.php?rest_route=\/wp\/v2\/types\/post"}],"author":[{"embeddable":true,"href":"https:\/\/sw-osterfeine.de\/index.php?rest_route=\/wp\/v2\/users\/3"}],"replies":[{"embeddable":true,"href":"https:\/\/sw-osterfeine.de\/index.php?rest_route=%2Fwp%2Fv2%2Fcomments&post=36266"}],"version-history":[{"count":2,"href":"https:\/\/sw-osterfeine.de\/index.php?rest_route=\/wp\/v2\/posts\/36266\/revisions"}],"predecessor-version":[{"id":36279,"href":"https:\/\/sw-osterfeine.de\/index.php?rest_route=\/wp\/v2\/posts\/36266\/revisions\/36279"}],"wp:attachment":[{"href":"https:\/\/sw-osterfeine.de\/index.php?rest_route=%2Fwp%2Fv2%2Fmedia&parent=36266"}],"wp:term":[{"taxonomy":"category","embeddable":true,"href":"https:\/\/sw-osterfeine.de\/index.php?rest_route=%2Fwp%2Fv2%2Fcategories&post=36266"},{"taxonomy":"post_tag","embeddable":true,"href":"https:\/\/sw-osterfeine.de\/index.php?rest_route=%2Fwp%2Fv2%2Ftags&post=36266"}],"curies":[{"name":"wp","href":"https:\/\/api.w.org\/{rel}","templated":true}]}}