{"id":36302,"date":"2025-04-24T18:42:14","date_gmt":"2025-04-24T16:42:14","guid":{"rendered":"https:\/\/sw-osterfeine.de\/?p=36302"},"modified":"2025-04-24T18:42:16","modified_gmt":"2025-04-24T16:42:16","slug":"1-und-2-herren-im-pokalfinale","status":"publish","type":"post","link":"https:\/\/sw-osterfeine.de\/?p=36302","title":{"rendered":"1. und 2. Herren im Pokalfinale!"},"content":{"rendered":"\n<p>Am Oster-Wochenende konnten die 1. und 2. Herren in das Kreispokal- bzw. Kreisklassen-Pokalfinale einziehen!<\/p>\n<p>Kurios: Beide Endspielgegner lauten SW Bakum!!<\/p>\n<p>Am 28.05. um 19:30 Uhr empf\u00e4ngt die zweite Herren die Mannschaft von SW Bakum II.<\/p>\n<p>Einen Tag sp\u00e4ter, am 29.05., wird sich unsere 1. Herren-Mannschaft mit hoffentlich vielen OSV-Fans auf den Weg nach Bakum begeben, um ab 15 Uhr das Projekt &#8222;Ausw\u00e4rts-Kreispokal-Sieg&#8220; in Angriff zu nehmen.<\/p>\n<p>In den Halbfinal-Spielen konnten sich unsere beiden Mannschaften jeweils verdient das Final-Ticket sichern. Die 1. Herren war \u00fcber die gesamte Spielzeit gegen VFL Oythe II feld\u00fcberlegen und S\u00f6ren Kohlosser kr\u00f6nte mit seinem Tor circa 15 Minuten vor Spielschlu\u00df die intensiven Bem\u00fchungen.<\/p>\n<p>Die zweite Herren gewann gegen RW Visbek III mit einem unglaublichen Ergebnis von 13:0 !!! Carl-Bernd St\u00e4rk, Lukas Grote und Lennardt Wempe erzielten hierbei jeweils 3 Tore!<\/p>\n<p>Zwei Pokalsiege auf Kreisebene im Jahr des 100-j\u00e4hrigen Jubil\u00e4ums w\u00e4ren eine tolle Geschichte!!<\/p>\n<p><strong>Deshalb lautet schon jetzt der Aufruf an die OSV-Fans: Am 28. und 29.05. ist Pokalfinale und unsere Mannschaften brauchen Eure Unterst\u00fctzung !!\u00a0<\/strong> <\/p>\n<p>\u00a0<\/p>\n<p>\u00a0<\/p>\n","protected":false},"excerpt":{"rendered":"<p>Am Oster-Wochenende konnten die 1. und 2. Herren in das Kreispokal- bzw. Kreisklassen-Pokalfinale einziehen! Kurios: Beide Endspielgegner lauten SW Bakum!! Am 28.05. um 19:30 Uhr empf\u00e4ngt die zweite Herren die Mannschaft von SW Bakum II. Einen Tag sp\u00e4ter, am 29.05., wird sich unsere 1. Herren-Mannschaft mit hoffentlich vielen OSV-Fans auf den Weg nach Bakum begeben, [&hellip;]<\/p>\n","protected":false},"author":3,"featured_media":0,"comment_status":"closed","ping_status":"closed","sticky":false,"template":"","format":"standard","meta":{"footnotes":""},"categories":[3],"tags":[],"_links":{"self":[{"href":"https:\/\/sw-osterfeine.de\/index.php?rest_route=\/wp\/v2\/posts\/36302"}],"collection":[{"href":"https:\/\/sw-osterfeine.de\/index.php?rest_route=\/wp\/v2\/posts"}],"about":[{"href":"https:\/\/sw-osterfeine.de\/index.php?rest_route=\/wp\/v2\/types\/post"}],"author":[{"embeddable":true,"href":"https:\/\/sw-osterfeine.de\/index.php?rest_route=\/wp\/v2\/users\/3"}],"replies":[{"embeddable":true,"href":"https:\/\/sw-osterfeine.de\/index.php?rest_route=%2Fwp%2Fv2%2Fcomments&post=36302"}],"version-history":[{"count":1,"href":"https:\/\/sw-osterfeine.de\/index.php?rest_route=\/wp\/v2\/posts\/36302\/revisions"}],"predecessor-version":[{"id":36303,"href":"https:\/\/sw-osterfeine.de\/index.php?rest_route=\/wp\/v2\/posts\/36302\/revisions\/36303"}],"wp:attachment":[{"href":"https:\/\/sw-osterfeine.de\/index.php?rest_route=%2Fwp%2Fv2%2Fmedia&parent=36302"}],"wp:term":[{"taxonomy":"category","embeddable":true,"href":"https:\/\/sw-osterfeine.de\/index.php?rest_route=%2Fwp%2Fv2%2Fcategories&post=36302"},{"taxonomy":"post_tag","embeddable":true,"href":"https:\/\/sw-osterfeine.de\/index.php?rest_route=%2Fwp%2Fv2%2Ftags&post=36302"}],"curies":[{"name":"wp","href":"https:\/\/api.w.org\/{rel}","templated":true}]}}