{"id":36842,"date":"2025-06-16T11:59:10","date_gmt":"2025-06-16T09:59:10","guid":{"rendered":"https:\/\/sw-osterfeine.de\/?p=36842"},"modified":"2025-06-16T12:01:08","modified_gmt":"2025-06-16T10:01:08","slug":"osv-teams-am-wochenende-von-tour","status":"publish","type":"post","link":"https:\/\/sw-osterfeine.de\/?p=36842","title":{"rendered":"OSV-Teams am Wochenende on Tour!"},"content":{"rendered":"\n<p>Sind unsere Handballteams mal nicht im Spielbetrieb involviert, legen sie nicht die H\u00e4nde in den Schoss. Am Freitag machen sich 4 Handballmannschaften von SW Osterfeine auf den 3 t\u00e4gigen Trip zu einem Beachhandballturnier in Cuxhaven. Nach langer und sorgf\u00e4ltiger Planung durch unsere Gesch\u00e4ftsstelle geht es nunmehr los!<\/p>\n<p>Die Wettervorhersage stimmt schon mal. Also Sonnencreme und unsere hei\u00dfbegehrten Fischerh\u00fcte nicht vergessen! Wer noch keinen hat, darf sich gerne melden. Noch sind welche da!<\/p>\n<p><a href=\"https:\/\/sw-osterfeine.de\/wp-content\/uploads\/2025\/06\/Fischerhut.jpg\" data-rel=\"lightbox-image-0\" data-rl_title=\"\" data-rl_caption=\"\" title=\"\"><img loading=\"lazy\" decoding=\"async\" class=\"alignleft size-full wp-image-36757\" src=\"https:\/\/sw-osterfeine.de\/wp-content\/uploads\/2025\/06\/Fischerhut.jpg\" alt=\"\" width=\"1600\" height=\"715\" srcset=\"https:\/\/sw-osterfeine.de\/wp-content\/uploads\/2025\/06\/Fischerhut.jpg 1600w, https:\/\/sw-osterfeine.de\/wp-content\/uploads\/2025\/06\/Fischerhut-300x134.jpg 300w, https:\/\/sw-osterfeine.de\/wp-content\/uploads\/2025\/06\/Fischerhut-1024x458.jpg 1024w, https:\/\/sw-osterfeine.de\/wp-content\/uploads\/2025\/06\/Fischerhut-768x343.jpg 768w, https:\/\/sw-osterfeine.de\/wp-content\/uploads\/2025\/06\/Fischerhut-1536x686.jpg 1536w\" sizes=\"(max-width: 1600px) 100vw, 1600px\" \/><\/a><\/p>\n<p>\u00a0<\/p>\n<p>\u00a0<\/p>\n<p>\u00a0<\/p>\n<p>\u00a0<\/p>\n<p>\u00a0<\/p>\n<p>\u00a0<\/p>\n<p>\u00a0<\/p>\n<p>\u00a0<\/p>\n<p>\u00a0<\/p>\n<p>\u00a0<\/p>\n<p>\u00a0<\/p>\n<p>An dieser Stelle aber vorweg ein riesiges Dankesch\u00f6n an unsere Trainer und Betreuer!!! Danke f\u00fcr Eure Bereitschaft mit den Osterfeiner und R\u00fcschendorfer Kinder ein unvergessliches Wochenende zu verbringen. Es ist bewundernswert, wieviel Zeit Ihr f\u00fcr unsere Kinder investiert!!! DANKE!<\/p>\n<p><a href=\"https:\/\/sw-osterfeine.de\/wp-content\/uploads\/2025\/06\/Cuxhaven-Arena.jpg\" data-rel=\"lightbox-image-1\" data-rl_title=\"\" data-rl_caption=\"\" title=\"\"><img loading=\"lazy\" decoding=\"async\" class=\"alignleft size-full wp-image-36843\" src=\"https:\/\/sw-osterfeine.de\/wp-content\/uploads\/2025\/06\/Cuxhaven-Arena.jpg\" alt=\"\" width=\"1386\" height=\"1040\" srcset=\"https:\/\/sw-osterfeine.de\/wp-content\/uploads\/2025\/06\/Cuxhaven-Arena.jpg 1386w, https:\/\/sw-osterfeine.de\/wp-content\/uploads\/2025\/06\/Cuxhaven-Arena-300x225.jpg 300w, https:\/\/sw-osterfeine.de\/wp-content\/uploads\/2025\/06\/Cuxhaven-Arena-1024x768.jpg 1024w, https:\/\/sw-osterfeine.de\/wp-content\/uploads\/2025\/06\/Cuxhaven-Arena-768x576.jpg 768w\" sizes=\"(max-width: 1386px) 100vw, 1386px\" \/><\/a><\/p>\n<p>\u00a0<\/p>\n<p>\u00a0<\/p>\n","protected":false},"excerpt":{"rendered":"<p>Sind unsere Handballteams mal nicht im Spielbetrieb involviert, legen sie nicht die H\u00e4nde in den Schoss. Am Freitag machen sich 4 Handballmannschaften von SW Osterfeine auf den 3 t\u00e4gigen Trip zu einem Beachhandballturnier in Cuxhaven. Nach langer und sorgf\u00e4ltiger Planung durch unsere Gesch\u00e4ftsstelle geht es nunmehr los! Die Wettervorhersage stimmt schon mal. Also Sonnencreme und [&hellip;]<\/p>\n","protected":false},"author":3,"featured_media":0,"comment_status":"closed","ping_status":"closed","sticky":false,"template":"","format":"standard","meta":{"footnotes":""},"categories":[1],"tags":[],"_links":{"self":[{"href":"https:\/\/sw-osterfeine.de\/index.php?rest_route=\/wp\/v2\/posts\/36842"}],"collection":[{"href":"https:\/\/sw-osterfeine.de\/index.php?rest_route=\/wp\/v2\/posts"}],"about":[{"href":"https:\/\/sw-osterfeine.de\/index.php?rest_route=\/wp\/v2\/types\/post"}],"author":[{"embeddable":true,"href":"https:\/\/sw-osterfeine.de\/index.php?rest_route=\/wp\/v2\/users\/3"}],"replies":[{"embeddable":true,"href":"https:\/\/sw-osterfeine.de\/index.php?rest_route=%2Fwp%2Fv2%2Fcomments&post=36842"}],"version-history":[{"count":4,"href":"https:\/\/sw-osterfeine.de\/index.php?rest_route=\/wp\/v2\/posts\/36842\/revisions"}],"predecessor-version":[{"id":36847,"href":"https:\/\/sw-osterfeine.de\/index.php?rest_route=\/wp\/v2\/posts\/36842\/revisions\/36847"}],"wp:attachment":[{"href":"https:\/\/sw-osterfeine.de\/index.php?rest_route=%2Fwp%2Fv2%2Fmedia&parent=36842"}],"wp:term":[{"taxonomy":"category","embeddable":true,"href":"https:\/\/sw-osterfeine.de\/index.php?rest_route=%2Fwp%2Fv2%2Fcategories&post=36842"},{"taxonomy":"post_tag","embeddable":true,"href":"https:\/\/sw-osterfeine.de\/index.php?rest_route=%2Fwp%2Fv2%2Ftags&post=36842"}],"curies":[{"name":"wp","href":"https:\/\/api.w.org\/{rel}","templated":true}]}}