{"id":38333,"date":"2025-12-01T11:58:33","date_gmt":"2025-12-01T10:58:33","guid":{"rendered":"https:\/\/sw-osterfeine.de\/?p=38333"},"modified":"2025-12-01T11:58:35","modified_gmt":"2025-12-01T10:58:35","slug":"fussball-b-jugend-7","status":"publish","type":"post","link":"https:\/\/sw-osterfeine.de\/?p=38333","title":{"rendered":"Fussball B-Jugend"},"content":{"rendered":"\n<h1><span style=\"color: windowtext;\">Relegation SWO \u2013 JSG Garrel\/Varrelbusch 0:1<\/span><\/h1>\n<p>Mit dem vergangenen Samstag stand f\u00fcr unsere B-Jugend das letzte Spiel des Jahres an. Bei traumhaften Temperaturen sollte es vor mehr als 100 Zuschauern zum entscheidenden Relegationsspiel gegen den Cloppenburger Vertreter, die JSG Garrel\/Varrelbusch gehen. Durch unseren Sieg in Harpstedt letzte Woche (wir berichteten), war die Ausgangslage nahezu perfekt. Selbst eine Niederlage mit einem Tor Unterschied gen\u00fcgte, um im Fr\u00fchjahr als Bezirksligist auflaufen zu d\u00fcrfen.<\/p>\n<p>Bis auf den kurzfristig erkrankten Kilian und den langzeitverletzten Niklas, war der Kader vollst\u00e4ndig und bereit diese letzte Aufgabe zu bew\u00e4ltigen. Die G\u00e4ste aus Garrel und Varrelbusch sollten aber eine ganz andere Qualit\u00e4t mitbringen als Harpstedt letzte Woche. Ab der ersten Minute machten sie einen sehr robusten Eindruck und setzten uns so unter Druck. Echte Torchancen kreierten sie aber nicht, sodass es nach knapp 15 Minuten ein Entlastungsangriff unsererseits war, in dem \u00dcber Jonathan und Tom, Paul freigespielt wird und der Torwart einen Schritt schneller war und so den Einschlag verhindern konnte. Ein erstes Lebenszeichen und auch das Zeichen, dass hier etwas geht. Die G\u00e4ste kamen im weiteren Verlauf der ersten Halbzeit auch immer n\u00e4her an unser Tor heran und es war eine mannschaftlich geschlossene Defensivleistung, die den Gegentreffer verhindern sollte.<\/p>\n<p>Nach dem Pausentee wurde das Spiel ausgeglichener und es wurde ein munteres Auf und Ab. Doch echte Torchancen waren weiterhin Mangelware. Doch mit zunehmender Spielzeit kristallisierte sich auf unserer Seite Hanno als Mann des Spiels heraus. Mal war es ein verdeckter Freisto\u00df, den er mit einer Flugshow verhinderte, mal war es das geschickte Rauskommen, welches den Abschluss verhindern konnte. In der 53. Minute war allerdings auch er Chancenlos. Ein abgelegter Ball wurde aus 20m perfekt in die Maschen gejagt und sorgte f\u00fcr das 1:0. V\u00f6llig unbeeindruckt von dem Tor wurde das Spiel nun zunehmend auf das Tor der G\u00e4ste verlagert, doch den absoluten Willen das Tor zu machen lie\u00dfen wir heute vermissen. So richtig bewusst waren sich unsere Spieler nicht, dass dieses Ergebnis f\u00fcr den Aufstieg reichen sollte. Selbst die zahlreichen defensiven Wechsel schien keiner so recht wahrzunehmen und mit dem Abpfiff \u00fcberwog die Trauer in den Gesichtern der Spieler, w\u00e4hrend die Trainerteams beider Mannschaften am Rand in Jubel ausbrachen.<\/p>\n<p>W\u00e4hrend wir uns auf das Elfmeterschie\u00dfen vorbereiteten, wurde den Spielern und teilweise auch Eltern am Rand klargemacht, was mit dem Endergebnis nun sicher war. Apropos, das Elfmeterschie\u00dfen gewannen wir noch mit 3:2. Hanno hielt zwei Elfmeter und war somit der Held dieser Partie.<\/p>\n<p>Im Anschluss wurde der Aufstieg noch ausgelassen gefeiert und nun haben wir mit unserer Fussball B-Jugend endlich wieder eine Mannschaft auf Bezirksebene. Am kommenden Wochenende kann unsere C-Jugend ebenfalls nachziehen und die k\u00f6nnen sich sicher sein, dass alle Daumen gedr\u00fcckt sind!<\/p>\n<p>So ganz vorbei ist das Jahr noch nicht. Am 14.12. steht bereits die Hallenrunde an, von der wir nat\u00fcrlich auch berichten werden.<\/p>\n<p>Wir m\u00f6chten uns an dieser Stelle nochmal ausdr\u00fccklich bei allen bedanken, die den Aufstieg in dieser Form m\u00f6glich gemacht haben. Seien es die Eltern, die immer an unserer Seite stehen. Die Sponsoren die uns in diesem Jahr wieder Top ausgestattet haben. Der Sportverein, der immer f\u00fcr perfekte Trainings- und Spielbedingungen sorgt. Und jedem Fan, der uns an Spielen oder auch hier in den Berichten gefolgt ist, gilt absoluter Dank.<\/p>\n<p>Abschlie\u00dfen m\u00f6chten wir das Ganze mit einem passenden ber\u00fchmten fussballerischen Zitat: \u201eWir legen uns jetzt erstmal 3 Tage in die Eistonne und dann geht\u2019s wieder los\u201c<\/p>\n<p>Sportliche Gr\u00fc\u00dfe<\/p>\n<p>Eure B-Jugend<\/p>\n<p><a href=\"https:\/\/sw-osterfeine.de\/wp-content\/uploads\/2025\/12\/B-Jugend.jpg\" data-rel=\"lightbox-image-0\" data-rl_title=\"\" data-rl_caption=\"\" title=\"\"><img loading=\"lazy\" decoding=\"async\" class=\"alignleft size-full wp-image-38334\" src=\"https:\/\/sw-osterfeine.de\/wp-content\/uploads\/2025\/12\/B-Jugend.jpg\" alt=\"\" width=\"1600\" height=\"1204\" srcset=\"https:\/\/sw-osterfeine.de\/wp-content\/uploads\/2025\/12\/B-Jugend.jpg 1600w, https:\/\/sw-osterfeine.de\/wp-content\/uploads\/2025\/12\/B-Jugend-300x226.jpg 300w, https:\/\/sw-osterfeine.de\/wp-content\/uploads\/2025\/12\/B-Jugend-1024x771.jpg 1024w, https:\/\/sw-osterfeine.de\/wp-content\/uploads\/2025\/12\/B-Jugend-768x578.jpg 768w, https:\/\/sw-osterfeine.de\/wp-content\/uploads\/2025\/12\/B-Jugend-1536x1156.jpg 1536w\" sizes=\"(max-width: 1600px) 100vw, 1600px\" \/><\/a><\/p>\n","protected":false},"excerpt":{"rendered":"<p>Relegation SWO \u2013 JSG Garrel\/Varrelbusch 0:1 Mit dem vergangenen Samstag stand f\u00fcr unsere B-Jugend das letzte Spiel des Jahres an. Bei traumhaften Temperaturen sollte es vor mehr als 100 Zuschauern zum entscheidenden Relegationsspiel gegen den Cloppenburger Vertreter, die JSG Garrel\/Varrelbusch gehen. Durch unseren Sieg in Harpstedt letzte Woche (wir berichteten), war die Ausgangslage nahezu perfekt. [&hellip;]<\/p>\n","protected":false},"author":3,"featured_media":0,"comment_status":"closed","ping_status":"closed","sticky":false,"template":"","format":"standard","meta":{"footnotes":""},"categories":[3],"tags":[],"_links":{"self":[{"href":"https:\/\/sw-osterfeine.de\/index.php?rest_route=\/wp\/v2\/posts\/38333"}],"collection":[{"href":"https:\/\/sw-osterfeine.de\/index.php?rest_route=\/wp\/v2\/posts"}],"about":[{"href":"https:\/\/sw-osterfeine.de\/index.php?rest_route=\/wp\/v2\/types\/post"}],"author":[{"embeddable":true,"href":"https:\/\/sw-osterfeine.de\/index.php?rest_route=\/wp\/v2\/users\/3"}],"replies":[{"embeddable":true,"href":"https:\/\/sw-osterfeine.de\/index.php?rest_route=%2Fwp%2Fv2%2Fcomments&post=38333"}],"version-history":[{"count":1,"href":"https:\/\/sw-osterfeine.de\/index.php?rest_route=\/wp\/v2\/posts\/38333\/revisions"}],"predecessor-version":[{"id":38335,"href":"https:\/\/sw-osterfeine.de\/index.php?rest_route=\/wp\/v2\/posts\/38333\/revisions\/38335"}],"wp:attachment":[{"href":"https:\/\/sw-osterfeine.de\/index.php?rest_route=%2Fwp%2Fv2%2Fmedia&parent=38333"}],"wp:term":[{"taxonomy":"category","embeddable":true,"href":"https:\/\/sw-osterfeine.de\/index.php?rest_route=%2Fwp%2Fv2%2Fcategories&post=38333"},{"taxonomy":"post_tag","embeddable":true,"href":"https:\/\/sw-osterfeine.de\/index.php?rest_route=%2Fwp%2Fv2%2Ftags&post=38333"}],"curies":[{"name":"wp","href":"https:\/\/api.w.org\/{rel}","templated":true}]}}