{"id":38450,"date":"2026-01-19T08:24:24","date_gmt":"2026-01-19T07:24:24","guid":{"rendered":"https:\/\/sw-osterfeine.de\/?p=38450"},"modified":"2026-01-19T08:25:37","modified_gmt":"2026-01-19T07:25:37","slug":"fussball-c-jugend-2","status":"publish","type":"post","link":"https:\/\/sw-osterfeine.de\/?p=38450","title":{"rendered":"Fussball C-Jugend"},"content":{"rendered":"\n<p>Fu\u00dfball C-Jugend gewinnt Futsalkreismeisterschaft<\/p>\n<p>3 Tage vor Heiligabend hatten sich unsere Jungs der C-Jugend als Vorrundensieger f\u00fcr das Finale der Futsalkreismeisterschaften in Steinfeld qualifiziert. 6 Mannschaften k\u00e4mpften in einer Runde Jeder gegen Jeden um den Titel. Das 1.Spiel bestritten unsere Jungs gegen die Spielgemeinschaft Arminia Rechterfeld\/Frisia Goldenstedt\/TUS Lutten und konnten sich durch ein Tor ihres Kapit\u00e4ns Felix Lange mit 1:0 durchsetzen. In den n\u00e4chsten drei Spielen hie\u00df das Ergebnis jeweils 0:0. In der Reihenfolge SG Neuenkichen\/V\u00f6rden, GW Brockdorf und VFL Oythe konnte unsere Mannschaft keinen Treffer erzielen \u2013 trotz gut herausgespielter Chancen -, aber sie kassierte auch keinen Gegentreffer. Hierf\u00fcr zeichneten im Tor Mats und Johann Otte verantwortlich. Insgesamt gab es im Turnier zahlreiche Unentschieden, dadurch hatte unsere Mannschaft in ihrem letzten Spiel die M\u00f6glichkeit, noch das Treppchen zu erreichen. Doch das Spiel gegen die Spielgemeinschaft BW Langf\u00f6rden\/RW Visbek\/BV B\u00fchren begann mit dem 1. Gegentreffer im Turnier in der 1. Spielminute. Aber unsere Jungs gaben nicht auf, erspielten sich zunehmend Torchancen und dann platzte durch den Treffer von Ole von der Heide der Torknoten. Doch die Jungs wollten mehr. Mit gro\u00dfem Willen spielten sie nach vorne und dann war es Paul Enneking, der mit seinem Siegtreffer \u2013 ein tolles Tor &#8211; zum 2:1 f\u00fcr eine gro\u00dfe Stimmung in der Steinfelder Sporthalle sorgte. Die letzten 2 Minuten wurden \u00fcberstanden und nun durfte GW Brockdorf im letzten Turnierspiel gegen Neuenkirchen\/V\u00f6rden nicht gewinnen. Und, auf die Jungs aus Neuenkirchen\/V\u00f6rden war Verlass. Sie siegten mit 1:0 und SW Osterfeine ist der neue Kreismeister im Futsal.<\/p>\n<ol>\n<li>SW Osterfeine\u00a0 \u00a0 \u00a0 \u00a0 \u00a0 \u00a0 \u00a0 \u00a0 \u00a0 \u00a0 \u00a0 \u00a0 \u00a0 \u00a0 \u00a0 \u00a03:1 Tore\u00a0\u00a0\u00a0\u00a0\u00a0\u00a0\u00a0\u00a0\u00a0\u00a0\u00a0\u00a0\u00a0\u00a0\u00a0\u00a0\u00a0\u00a0\u00a0\u00a0\u00a0\u00a0 9 Punkte<\/li>\n<li>JSG ViLaB\u00fc\u00a0 \u00a0 \u00a0 \u00a0 \u00a0 \u00a0 \u00a0 \u00a0 \u00a0 \u00a0 \u00a0 \u00a0 \u00a0 \u00a0 \u00a0 \u00a0 \u00a0 \u00a0 7:5 Tore\u00a0\u00a0\u00a0\u00a0\u00a0\u00a0\u00a0\u00a0\u00a0\u00a0\u00a0\u00a0\u00a0\u00a0\u00a0\u00a0\u00a0\u00a0\u00a0\u00a0\u00a0\u00a0 8 Punkte<\/li>\n<li>VFL Oythe\u00a0 \u00a0 \u00a0 \u00a0 \u00a0 \u00a0 \u00a0 \u00a0 \u00a0 \u00a0 \u00a0 \u00a0 \u00a0 \u00a0 \u00a0 \u00a0 \u00a0 \u00a0 \u00a05:3 Tore\u00a0\u00a0\u00a0\u00a0\u00a0\u00a0\u00a0\u00a0\u00a0\u00a0\u00a0\u00a0\u00a0\u00a0\u00a0\u00a0\u00a0\u00a0\u00a0\u00a0\u00a0\u00a0 8 Punkte<\/li>\n<li>GW Brockdorf\u00a0 \u00a0 \u00a0 \u00a0 \u00a0 \u00a0 \u00a0 \u00a0 \u00a0 \u00a0 \u00a0 \u00a0 \u00a0 \u00a0 \u00a0 \u00a04:4 Tore\u00a0\u00a0\u00a0\u00a0\u00a0\u00a0\u00a0\u00a0\u00a0\u00a0\u00a0\u00a0\u00a0\u00a0\u00a0\u00a0\u00a0\u00a0\u00a0\u00a0\u00a0\u00a0 6 Punkte<\/li>\n<li>JSG Neuenkichen\/V\u00f6rden\u00a0 \u00a0 \u00a0 \u00a0 \u00a0 \u00a0 \u00a03:5 Tore\u00a0\u00a0\u00a0\u00a0\u00a0\u00a0\u00a0\u00a0\u00a0\u00a0\u00a0\u00a0\u00a0\u00a0\u00a0\u00a0\u00a0\u00a0\u00a0\u00a0\u00a0\u00a0 5 Punkte<\/li>\n<li>JSG Re\/Go\/Lu\u00a0 \u00a0 \u00a0 \u00a0 \u00a0 \u00a0 \u00a0 \u00a0 \u00a0 \u00a0 \u00a0 \u00a0 \u00a0 \u00a0 \u00a0 \u00a0 2:6 Tore\u00a0\u00a0\u00a0\u00a0\u00a0\u00a0\u00a0\u00a0\u00a0\u00a0\u00a0\u00a0\u00a0\u00a0\u00a0\u00a0\u00a0\u00a0\u00a0\u00a0\u00a0\u00a0 2 Punkte<\/li>\n<\/ol>\n<p>Aus den H\u00e4nden von Kreisjugendwart Patrick Zinke konnten unsere Jungs dann die Gl\u00fcckw\u00fcnsche, den Siegerpokal und den Ehrenteller entgegennehmen. Und zus\u00e4tzlich schaffte unsere Mannschaft noch die Qualifikation f\u00fcr die Bezirksmeisterschaft im Futsal am 7.2.26!!!<\/p>\n<p>Obwohl unsere Mannschaft k\u00f6rperlich sicherlich nicht zu den st\u00e4rksten Teams z\u00e4hlte, spielte sie einen guten Hallenfu\u00dfball. Diesen Erfolg haben sich die Jungs durch ein gutes Hallentraining der ganzen Mannschaft in der Winterpause verdient. Die vereinseigene Halle macht flexible Hallentermine m\u00f6glich, und wenn es dann noch Jungs gibt, die Bock auf Fu\u00dfball haben, dann kann ein Ort wie SW Osterfeine sogar die Kreismeisterschaft gewinnen.<\/p>\n<p>Folgende Spieler waren am Coup in Steinfeld beteiligt:<\/p>\n<p>Mats und Johann Otte<\/p>\n<p>Jan und Ole von der Heide<\/p>\n<p>Geburtstagskind Luis Klanke \u2013 Danke f\u00fcr den Kuchen und sogar f\u00fcr die Trainer blieb ein St\u00fcck \u00fcbrig.<\/p>\n<p>Ismail Saleem, Carlo Kamps, Jasper Lapke<\/p>\n<p>Moritz Lamping, Anton Schmutte<\/p>\n<p>Paul Enneking und Felix Lange<\/p>\n<p>Die n\u00e4chsten Wochen werden nun f\u00fcr die Jungs der C-I und C-II Jugend zu einem Wechselspiel zwischen Hallenfu\u00dfball und Rasenfu\u00dfball werden. Mittlerweile hat schon die R\u00fcckrundenvorbereitung begonnen und einen Tag vor dem Futsal in Steinfeld spielte die Mannschaft schon um 10.30 Uhr in Bersenbr\u00fcck ein Freundschaftsspiel. Der Gastgeber siegte 2:1 und konnte die OSV-F\u00fchrung durch Ismail Saleem noch umbiegen.<\/p>\n<p>Dennoch ein wichtiger Test im Rahmen der Vorbereitung auf die bevorstehende Bezirksligasaison.<\/p>\n<p>Wie unsere Mannschaft sich in der Vorbereitung und beim Hallenfu\u00dfball weiter schl\u00e4gt, wir werden dar\u00fcber berichten\u2026\u2026..<\/p>\n<p><a href=\"https:\/\/sw-osterfeine.de\/wp-content\/uploads\/2026\/01\/WhatsApp-Image-2026-01-19-at-08.18.19.jpeg\" data-rel=\"lightbox-image-0\" data-rl_title=\"\" data-rl_caption=\"\" title=\"\"><img loading=\"lazy\" decoding=\"async\" class=\"alignleft wp-image-38451 size-medium\" src=\"https:\/\/sw-osterfeine.de\/wp-content\/uploads\/2026\/01\/WhatsApp-Image-2026-01-19-at-08.18.19-225x300.jpeg\" alt=\"\" width=\"225\" height=\"300\" srcset=\"https:\/\/sw-osterfeine.de\/wp-content\/uploads\/2026\/01\/WhatsApp-Image-2026-01-19-at-08.18.19-225x300.jpeg 225w, https:\/\/sw-osterfeine.de\/wp-content\/uploads\/2026\/01\/WhatsApp-Image-2026-01-19-at-08.18.19-768x1024.jpeg 768w, https:\/\/sw-osterfeine.de\/wp-content\/uploads\/2026\/01\/WhatsApp-Image-2026-01-19-at-08.18.19-1152x1536.jpeg 1152w, https:\/\/sw-osterfeine.de\/wp-content\/uploads\/2026\/01\/WhatsApp-Image-2026-01-19-at-08.18.19.jpeg 1200w\" sizes=\"(max-width: 225px) 100vw, 225px\" \/><\/a> <a href=\"https:\/\/sw-osterfeine.de\/wp-content\/uploads\/2026\/01\/WhatsApp-Image-2026-01-19-at-08.18.20.jpeg\" data-rel=\"lightbox-image-1\" data-rl_title=\"\" data-rl_caption=\"\" title=\"\"><img loading=\"lazy\" decoding=\"async\" class=\"alignleft wp-image-38452 size-medium\" src=\"https:\/\/sw-osterfeine.de\/wp-content\/uploads\/2026\/01\/WhatsApp-Image-2026-01-19-at-08.18.20-225x300.jpeg\" alt=\"\" width=\"225\" height=\"300\" srcset=\"https:\/\/sw-osterfeine.de\/wp-content\/uploads\/2026\/01\/WhatsApp-Image-2026-01-19-at-08.18.20-225x300.jpeg 225w, https:\/\/sw-osterfeine.de\/wp-content\/uploads\/2026\/01\/WhatsApp-Image-2026-01-19-at-08.18.20-768x1024.jpeg 768w, https:\/\/sw-osterfeine.de\/wp-content\/uploads\/2026\/01\/WhatsApp-Image-2026-01-19-at-08.18.20-1152x1536.jpeg 1152w, https:\/\/sw-osterfeine.de\/wp-content\/uploads\/2026\/01\/WhatsApp-Image-2026-01-19-at-08.18.20.jpeg 1200w\" sizes=\"(max-width: 225px) 100vw, 225px\" \/><\/a> <a href=\"https:\/\/sw-osterfeine.de\/wp-content\/uploads\/2026\/01\/WhatsApp-Image-2026-01-19-at-08.18.40.jpeg\" data-rel=\"lightbox-image-2\" data-rl_title=\"\" data-rl_caption=\"\" title=\"\"><img loading=\"lazy\" decoding=\"async\" class=\"alignleft wp-image-38453 size-medium\" src=\"https:\/\/sw-osterfeine.de\/wp-content\/uploads\/2026\/01\/WhatsApp-Image-2026-01-19-at-08.18.40-225x300.jpeg\" alt=\"\" width=\"225\" height=\"300\" srcset=\"https:\/\/sw-osterfeine.de\/wp-content\/uploads\/2026\/01\/WhatsApp-Image-2026-01-19-at-08.18.40-225x300.jpeg 225w, https:\/\/sw-osterfeine.de\/wp-content\/uploads\/2026\/01\/WhatsApp-Image-2026-01-19-at-08.18.40-768x1024.jpeg 768w, https:\/\/sw-osterfeine.de\/wp-content\/uploads\/2026\/01\/WhatsApp-Image-2026-01-19-at-08.18.40-1152x1536.jpeg 1152w, https:\/\/sw-osterfeine.de\/wp-content\/uploads\/2026\/01\/WhatsApp-Image-2026-01-19-at-08.18.40.jpeg 1200w\" sizes=\"(max-width: 225px) 100vw, 225px\" \/><\/a><\/p>\n","protected":false},"excerpt":{"rendered":"<p>Fu\u00dfball C-Jugend gewinnt Futsalkreismeisterschaft 3 Tage vor Heiligabend hatten sich unsere Jungs der C-Jugend als Vorrundensieger f\u00fcr das Finale der Futsalkreismeisterschaften in Steinfeld qualifiziert. 6 Mannschaften k\u00e4mpften in einer Runde Jeder gegen Jeden um den Titel. Das 1.Spiel bestritten unsere Jungs gegen die Spielgemeinschaft Arminia Rechterfeld\/Frisia Goldenstedt\/TUS Lutten und konnten sich durch ein Tor ihres [&hellip;]<\/p>\n","protected":false},"author":3,"featured_media":0,"comment_status":"closed","ping_status":"closed","sticky":false,"template":"","format":"standard","meta":{"footnotes":""},"categories":[3],"tags":[],"_links":{"self":[{"href":"https:\/\/sw-osterfeine.de\/index.php?rest_route=\/wp\/v2\/posts\/38450"}],"collection":[{"href":"https:\/\/sw-osterfeine.de\/index.php?rest_route=\/wp\/v2\/posts"}],"about":[{"href":"https:\/\/sw-osterfeine.de\/index.php?rest_route=\/wp\/v2\/types\/post"}],"author":[{"embeddable":true,"href":"https:\/\/sw-osterfeine.de\/index.php?rest_route=\/wp\/v2\/users\/3"}],"replies":[{"embeddable":true,"href":"https:\/\/sw-osterfeine.de\/index.php?rest_route=%2Fwp%2Fv2%2Fcomments&post=38450"}],"version-history":[{"count":2,"href":"https:\/\/sw-osterfeine.de\/index.php?rest_route=\/wp\/v2\/posts\/38450\/revisions"}],"predecessor-version":[{"id":38455,"href":"https:\/\/sw-osterfeine.de\/index.php?rest_route=\/wp\/v2\/posts\/38450\/revisions\/38455"}],"wp:attachment":[{"href":"https:\/\/sw-osterfeine.de\/index.php?rest_route=%2Fwp%2Fv2%2Fmedia&parent=38450"}],"wp:term":[{"taxonomy":"category","embeddable":true,"href":"https:\/\/sw-osterfeine.de\/index.php?rest_route=%2Fwp%2Fv2%2Fcategories&post=38450"},{"taxonomy":"post_tag","embeddable":true,"href":"https:\/\/sw-osterfeine.de\/index.php?rest_route=%2Fwp%2Fv2%2Ftags&post=38450"}],"curies":[{"name":"wp","href":"https:\/\/api.w.org\/{rel}","templated":true}]}}