{"id":38665,"date":"2026-03-02T08:12:03","date_gmt":"2026-03-02T07:12:03","guid":{"rendered":"https:\/\/sw-osterfeine.de\/?p=38665"},"modified":"2026-03-02T08:12:05","modified_gmt":"2026-03-02T07:12:05","slug":"vorbereitungsbericht-winterpause-fussball-a-jugend","status":"publish","type":"post","link":"https:\/\/sw-osterfeine.de\/?p=38665","title":{"rendered":"Vorbereitungsbericht Winterpause Fu\u00dfball A-Jugend"},"content":{"rendered":"\n<p>Alle Jahre wieder unterbricht die Winterpause die Fu\u00dfballsaison. Das Wetter zwingt die Mannschaften in die Halle (in diesem Jahr noch etwas l\u00e4nger, als sonst) und stellt damit die Vereinsf\u00fchrung und insbesondere Petra vor eine gewaltige organisatorische Herausforderung. Umso erstaunlicher ist es, dass Jahr f\u00fcr Jahr alle Teams die M\u00f6glichkeit haben auch in dieser Zeit ihren Sport aus\u00fcben zu k\u00f6nnen. Sei es in der Halle oder in den Fitnessr\u00e4umen\u2026 wochenlang zuhause bleiben muss keiner. Daf\u00fcr zun\u00e4chst einmal ein riesiges DANKESCH\u00d6N!<\/p>\n<p>Auch die Fu\u00dfball A-Jugend machte davon regen Gebrauch. Zun\u00e4chst bereiteten wir uns mit den Hallenterminen auf die Futsal Vorrunde vor, in der zwar noch etwas Sand im Getriebe war, die aber dennoch f\u00fcr die Qualifikation f\u00fcr die Endrunde in Lutten ausgereicht hat. Einige Wochen und Trainingseinheiten sp\u00e4ter konnten wird dort dann unser K\u00f6nnen beweisen und auf einem starken dritten Platz abschlie\u00dfen. Mehr Punkte sammelten nur die Gastgeber aus Lutten, sowie Turniersieger SFN Vechta. Letztere konnten sich anschlie\u00dfend sogar noch in den Bezirksmeisterschaften durchsetzen und r\u00fcckten so bis in die Landesmeisterschaften vor. Auf Kreisebene lie\u00dfen sie nur gegen eine Mannschaft Punkte liegen\u2026 gegen SW Osterfeine war nicht mehr, als ein 1:1 drin. Vielen Dank an dieser Stelle an Bubble, der kurzfristig als Coach f\u00fcr die ersten drei Spiele einsprang.<\/p>\n<p>Neben dem Futsal stand in erster Linie Fitnesstraining auf dem Programm. In Fitnessraum 1 brannten h\u00e4ufig Licht und Muskeln, um sich sobald es auf den Rasen gehen w\u00fcrde voll auf den Fu\u00dfball konzentrieren zu k\u00f6nnen. Die wohl h\u00e4rteste Einheit des Winters (und bei einigen &#8211; Trainer eingeschlossen &#8211; wahrscheinlich des ganze Lebens) brachte \u00dcberraschungsgast Dawid Wadulla auf die Matte. Das fiel schon in die Kategorie \u201eCharaktertest\u201c. Diesen hat die Mannschaft mit Bravour bestanden. Vielen Dank f\u00fcr deine Unterst\u00fctzung, Dawid!<\/p>\n<p>Nach der Carnevals-Unterbrechung konnten wir endlich auch wieder die Pl\u00e4tze nutzen. Die Krankheitswelle lie\u00df die Trainingsgruppe allerdings deutlich zusammenschrumpfen. Pl\u00f6tzlich war nur noch die halbe Mannschaft spielf\u00e4hig und so mussten wir f\u00fcr unser erstes Testspiel in Holdorf auf Pepe aus der B-Jugend, Mats Otte aus der C-Jugend (!) und Tim Kreinest, sowie Mattes Glandorf aus dem Herrenbereich zur\u00fcckgreifen. Vielen Dank Jungs, ohne euch h\u00e4tte nicht nur dieses Spiel abgesagt werden m\u00fcssen, sondern auch einiges an Stabilit\u00e4t gefehlt! Bei der 5:1-Niederlage gegen die Bezirksligatruppe der JSG HoDiLa zeigten wir uns insbesondere im Defensivverhalten mit sehr guten Ans\u00e4tzen und stellten unsere Kontrahenten vor einige Aufgaben. Torwart Mats Otte und seine Vorderleute machten ein richtig gutes Spiel. Die Gastgeber wussten allerdings Mats&#8216; L\u00e4ngennachteil und 2 Stellungsfehler in der Viererkette gut auszunutzen und in Tore umzum\u00fcnzen. Den Ehrentreffer erzielte Tim K in bester Tim K Manier. Nach einem strammen Abschluss von Arne Jacob, den der Torh\u00fcter nur zur Seite abwehren konnte stand er goldrichtig und staubte ab.<\/p>\n<p>Als n\u00e4chstes testeten wir gegen unsere III. Herren. Auch hier waren wir im Tor auf Hilfe angewiesen. Dieses Mal probierte sich Tim Fischer auf ungewohnter Position (auch Dir vielen Dank!). Die anf\u00e4ngliche Stabilit\u00e4t und souver\u00e4ne F\u00fchrung lie\u00df gegen Ende in der zweiten Halbzeit doch noch den Schlendrian ins Spiel einkehren. Am Ende stand es durch Tore von Arne St\u00e4rk (3x) und Jannis Otte, sowie Pawel Kubik, Mika Steinkamp und Leo Pieper auf Seiten der III. Herren 4:3 f\u00fcr die A-Jungend.<\/p>\n<p>Dritter Testspielgegner war am vergangenen Wochenende Bezirksligaabsteiger JSG Rieste\/Alfhausen. Auf dem Bersenbr\u00fccker Kunstrasen wollten wir in die Erfolgsspirale einsteigen: Motivation \u00e0 Einsatzbereitschaft \u00e0 Erfolg \u00e0 Motivation \u00e0 Einsatzbereitschaft \u00e0 und so weiter\u2026 Zun\u00e4chst sah es auch ganz danach aus, als w\u00fcrde dieser Plan aufgehen. Durch eine konzentrierte Leistung und gut herausgespielte Tore von Arne Jacob (2x) und Jan-Bernd Putthoff f\u00fchrten wir fr\u00fch mit 0:3. Als die Gastgeber dann jedoch begannen ihre Zweik\u00e4mpfe etwas ernsthafter zu f\u00fchren und uns fr\u00fcher zu attackieren wich die anf\u00e4ngliche Einsatzbereitschaft schnell blanker Panik. Drei Gegentore noch vor der Halbzeit waren die logische Folge. Der Hinweis in der Halbzeit, dass wir \u00fcber den Punkt Einsatzbereitschaft wieder in die Erfolgsspirale zur\u00fcckfinden k\u00f6nnen trug Fr\u00fcchte und in H\u00e4lfte zwei kontrollierten wir wieder das Geschehen auf dem Platz. Wir unterst\u00fctzten uns gegenseitig, sicherten uns gegenseitig ab und waren deutlich mutiger, als in der ersten Halbzeit. Dies resultierte in deutlich mehr Ballgewinnen, Umschaltmomenten, Passsicherheit und zwei Tore durch den eingewechselten Arne St\u00e4rk. Und wenn wir ehrlich sind w\u00e4ren sogar noch mehr Tore drin gewesen. Diese Leistung war eine starke Basis f\u00fcr die kommende R\u00fcckrunde!<\/p>\n<p>Als n\u00e4chster Testspiel-Gegner wartet auf uns nun die JSG Mittwald auf uns (Ansto\u00df Dienstag, 03.03. 20:00 Uhr in Espelkamp), bevor wir am kommenden Samstag (07.03. 14:00 Uhr) die JSG Emstek\/Bethen\/H\u00f6ltinghausen zur Generalprobe erwarten. Viel Zeit bleibt uns damit nicht, um uns auf die OM-Liga Saison vorzubereiten, mit der notwendigen Motivation und Einsatzbereitschaft sollte das aber ausreichen, um den Grundstein f\u00fcr eine erfolgreiche R\u00fcckrunde zu legen.<\/p>\n<p>Mit freundlichen Gr\u00fc\u00dfen<\/p>\n<p>Coach P.<\/p>\n","protected":false},"excerpt":{"rendered":"<p>Alle Jahre wieder unterbricht die Winterpause die Fu\u00dfballsaison. Das Wetter zwingt die Mannschaften in die Halle (in diesem Jahr noch etwas l\u00e4nger, als sonst) und stellt damit die Vereinsf\u00fchrung und insbesondere Petra vor eine gewaltige organisatorische Herausforderung. Umso erstaunlicher ist es, dass Jahr f\u00fcr Jahr alle Teams die M\u00f6glichkeit haben auch in dieser Zeit ihren [&hellip;]<\/p>\n","protected":false},"author":3,"featured_media":0,"comment_status":"closed","ping_status":"closed","sticky":false,"template":"","format":"standard","meta":{"footnotes":""},"categories":[3],"tags":[],"_links":{"self":[{"href":"https:\/\/sw-osterfeine.de\/index.php?rest_route=\/wp\/v2\/posts\/38665"}],"collection":[{"href":"https:\/\/sw-osterfeine.de\/index.php?rest_route=\/wp\/v2\/posts"}],"about":[{"href":"https:\/\/sw-osterfeine.de\/index.php?rest_route=\/wp\/v2\/types\/post"}],"author":[{"embeddable":true,"href":"https:\/\/sw-osterfeine.de\/index.php?rest_route=\/wp\/v2\/users\/3"}],"replies":[{"embeddable":true,"href":"https:\/\/sw-osterfeine.de\/index.php?rest_route=%2Fwp%2Fv2%2Fcomments&post=38665"}],"version-history":[{"count":1,"href":"https:\/\/sw-osterfeine.de\/index.php?rest_route=\/wp\/v2\/posts\/38665\/revisions"}],"predecessor-version":[{"id":38666,"href":"https:\/\/sw-osterfeine.de\/index.php?rest_route=\/wp\/v2\/posts\/38665\/revisions\/38666"}],"wp:attachment":[{"href":"https:\/\/sw-osterfeine.de\/index.php?rest_route=%2Fwp%2Fv2%2Fmedia&parent=38665"}],"wp:term":[{"taxonomy":"category","embeddable":true,"href":"https:\/\/sw-osterfeine.de\/index.php?rest_route=%2Fwp%2Fv2%2Fcategories&post=38665"},{"taxonomy":"post_tag","embeddable":true,"href":"https:\/\/sw-osterfeine.de\/index.php?rest_route=%2Fwp%2Fv2%2Ftags&post=38665"}],"curies":[{"name":"wp","href":"https:\/\/api.w.org\/{rel}","templated":true}]}}