{"id":38667,"date":"2026-03-02T08:19:43","date_gmt":"2026-03-02T07:19:43","guid":{"rendered":"https:\/\/sw-osterfeine.de\/?p=38667"},"modified":"2026-03-02T08:19:44","modified_gmt":"2026-03-02T07:19:44","slug":"fussball-beide-c-jugendteams-im-einsatz","status":"publish","type":"post","link":"https:\/\/sw-osterfeine.de\/?p=38667","title":{"rendered":"Fu\u00dfball, beide C-Jugendteams im Einsatz"},"content":{"rendered":"\n<p>Nach der bereits beschriebenen gew\u00f6hnungsbed\u00fcrftigen Vorbereitungsphase konnten unsere C-Jugendmannschaften in der vergangenen Woche wieder etwas besser trainieren und auch am Samstag konnten die Spiele wie geplant durchgef\u00fchrt werden:<\/p>\n<p>Unsere C-II-Jugend konnte gegen den Staffelgef\u00e4hrten Falke Steinfeld\/GW M\u00fchlen\/SV Kroge II unter der Leitung von Schiedsrichter J\u00fcrgen Kreinest (Danke, J\u00fcrgen) endlich wieder spielen und testen. Der Start ins Spiel war nicht gerade vielversprechend und ein fr\u00fcher 1:0 R\u00fcckstand war die Folge. Doch mit zunehmender Spielzeit k\u00e4mpfte sich unsere Mannschaft ins Spiel. Durch Tore von Lukas St\u00e4rk und einem sch\u00f6nen Treffer von Kimi Schurr konnte das Ergebnis auf 2:1 f\u00fcr Osterfeine II gestellt werden. Der Gast blieb weiterhin \u00fcberlegen, aber mit vereinten Kr\u00e4ften konnten unsere Jungs das Vorbereitungsspiel mit 2:1 f\u00fcr sich entscheiden. Bereits am Mittwoch bestreitet unsere C-II-Jugend ein weiteres Freundschaftsspiel um 18.00 Uhr in Osterfeine gegen die SG Rieste\/Alfhausen.<\/p>\n<p>Ihr 1.Punktspiel in der Bezirksliga bestritt unsere C-I-Jugend am Samstag nun gegen die Spielgemeinschaft von BV Garrel\/BV Varrelbusch. Und gleich im 1. Spiel musste unsere Mannschaft erfahren, welche Herausforderungen in der Bezirksliga auf unsere Jungs warten. Der k\u00f6rperlich \u00fcberlegene Gegner \u00fcbernahm sofort mit Vehemenz und mit Windunterst\u00fctzung die Initiative und unsere Mannschaft wehrte sich mit vereinten Kr\u00e4ften einigerma\u00dfen gut gegen die Angriffe der G\u00e4ste. Aber auch der Pfosten musste in Halbzeit 1 mithelfen, um nicht zu fr\u00fch in R\u00fcckstand zu geraten. Doch in der 25. Minute konnte unsere Mannschaft einen Angriff der G\u00e4ste nicht kompakt genug verteidigen, der Gegner hatte zu viel Platz und konnte mit einem Distanzschuss in F\u00fchrung gehen. So hie\u00df es in der Pause in vielen Bereichen die Wunden zu lecken, waren neben dem R\u00fcckstand auch mehrere Jungs angeschlagen oder durch diverse Krankheiten noch nicht wieder topfit. Aber aufgeben war auch keine Alternative, also mobilisierte unsere Mannschaft f\u00fcr den 2.Durchgang alle Kr\u00e4fte und versuchte ins Spiel zu finden. Und das gelang zunehmend und wurde belohnt durch einen Treffer von Luis Klanke, der nach einem vom Gegner abgewehrten Freisto\u00df von Ismail Saleem zur Stelle war und \u00fcberlegt zum 1:1 vollendete. Mit zunehmender Spieldauer erlahmten die Kr\u00e4fte unserer Jungs gegen den spielstarken Gegner und mit M\u00fche und Not konnte das Remis \u00fcber die Zeit gerettet werden. Von Kr\u00e4mpfen gezeichnet und mit erlittenen Verletzungen schleppten sich unsere Jungs \u00fcber die Ziellinie und konnten sich \u00fcber einen erk\u00e4mpften Punkt am Ende freuen. Hoffen wir, dass Felix, Ismail, Paul, Moritz, Ole usw. bis zum n\u00e4chsten Spiel wieder im Vollbesitz ihrer Kr\u00e4fte sind.<\/p>\n<p>Ein Sonderlob f\u00fcr sein energisches Spiel verdiente sich Carl Wessel, der sich mit Vehemenz gegen die k\u00f6rperliche \u00dcberlegenheit der G\u00e4ste wehrte und mit klarem Spiel f\u00fcr Entlastung sorgte.<\/p>\n<p>Insgesamt ein interessanter Bezirksligastart f\u00fcr unsere Mannschaft gegen einen starken Gegner, in einem fairen Spiel und mit einem guten Schiedsrichter und einem am Ende etwas gl\u00fccklichen Punktgewinn.<\/p>\n<p>F\u00fcr unsere Jungs hei\u00dft es nun, sich in den n\u00e4chsten Wochen an die Bezirksliga zu gew\u00f6hnen und leistungsm\u00e4\u00dfig sich zu steigern. Den n\u00e4chsten Anlauf dazu nehmen unsere Jungs am Samstag gegen die Spielgemeinschaft vom SC Bakum\/BW L\u00fcsche\/SV Carum um 15.00 Uhr in Carum.<\/p>\n<p>Wie sich unsere Jungs gegen dieses Mal 3 Vereine in einem Spiel aus der Aff\u00e4re ziehen konnten, \u2026\u2026..wir werden dar\u00fcber berichten.<\/p>\n","protected":false},"excerpt":{"rendered":"<p>Nach der bereits beschriebenen gew\u00f6hnungsbed\u00fcrftigen Vorbereitungsphase konnten unsere C-Jugendmannschaften in der vergangenen Woche wieder etwas besser trainieren und auch am Samstag konnten die Spiele wie geplant durchgef\u00fchrt werden: Unsere C-II-Jugend konnte gegen den Staffelgef\u00e4hrten Falke Steinfeld\/GW M\u00fchlen\/SV Kroge II unter der Leitung von Schiedsrichter J\u00fcrgen Kreinest (Danke, J\u00fcrgen) endlich wieder spielen und testen. Der Start [&hellip;]<\/p>\n","protected":false},"author":3,"featured_media":0,"comment_status":"closed","ping_status":"closed","sticky":false,"template":"","format":"standard","meta":{"footnotes":""},"categories":[3],"tags":[],"_links":{"self":[{"href":"https:\/\/sw-osterfeine.de\/index.php?rest_route=\/wp\/v2\/posts\/38667"}],"collection":[{"href":"https:\/\/sw-osterfeine.de\/index.php?rest_route=\/wp\/v2\/posts"}],"about":[{"href":"https:\/\/sw-osterfeine.de\/index.php?rest_route=\/wp\/v2\/types\/post"}],"author":[{"embeddable":true,"href":"https:\/\/sw-osterfeine.de\/index.php?rest_route=\/wp\/v2\/users\/3"}],"replies":[{"embeddable":true,"href":"https:\/\/sw-osterfeine.de\/index.php?rest_route=%2Fwp%2Fv2%2Fcomments&post=38667"}],"version-history":[{"count":1,"href":"https:\/\/sw-osterfeine.de\/index.php?rest_route=\/wp\/v2\/posts\/38667\/revisions"}],"predecessor-version":[{"id":38668,"href":"https:\/\/sw-osterfeine.de\/index.php?rest_route=\/wp\/v2\/posts\/38667\/revisions\/38668"}],"wp:attachment":[{"href":"https:\/\/sw-osterfeine.de\/index.php?rest_route=%2Fwp%2Fv2%2Fmedia&parent=38667"}],"wp:term":[{"taxonomy":"category","embeddable":true,"href":"https:\/\/sw-osterfeine.de\/index.php?rest_route=%2Fwp%2Fv2%2Fcategories&post=38667"},{"taxonomy":"post_tag","embeddable":true,"href":"https:\/\/sw-osterfeine.de\/index.php?rest_route=%2Fwp%2Fv2%2Ftags&post=38667"}],"curies":[{"name":"wp","href":"https:\/\/api.w.org\/{rel}","templated":true}]}}