{"id":38672,"date":"2026-03-03T12:42:35","date_gmt":"2026-03-03T11:42:35","guid":{"rendered":"https:\/\/sw-osterfeine.de\/?p=38672"},"modified":"2026-03-03T12:42:37","modified_gmt":"2026-03-03T11:42:37","slug":"handball-1-damen-27","status":"publish","type":"post","link":"https:\/\/sw-osterfeine.de\/?p=38672","title":{"rendered":"Handball 1. Damen"},"content":{"rendered":"\n<p class=\"p1\" style=\"margin: 0cm 0cm 2.25pt 0cm;\"><span class=\"s1\"><b><span style=\"font-size: 19.5pt;\">Keine Punkte gegen Empelde<\/span><\/b><\/span><span style=\"font-size: 13.5pt;\">\u00a0<\/span><\/p>\n<p class=\"p3\" style=\"margin: 0cm; margin-bottom: .0001pt; font-width: normal; font-size-adjust: none; font-kerning: auto; font-variant-alternates: normal; font-variant-ligatures: normal; font-variant-numeric: normal; font-variant-east-asian: normal; font-variant-position: normal; font-feature-settings: normal; font-optical-sizing: auto; font-variation-settings: normal; -webkit-text-size-adjust: auto;\"><span class=\"s2\">Am Samstag war die Mannschaft aus Empelde bei uns zu Gast.<\/span><\/p>\n<p class=\"p3\" style=\"margin: 0cm; margin-bottom: .0001pt; font-width: normal; font-size-adjust: none; font-kerning: auto; font-variant-alternates: normal; font-variant-ligatures: normal; font-variant-numeric: normal; font-variant-east-asian: normal; font-variant-position: normal; font-feature-settings: normal; font-optical-sizing: auto; font-variation-settings: normal; -webkit-text-size-adjust: auto;\"><span class=\"s2\">Nach verpatztem Start (4:8, 10. Minute) fanden wir besser ins Spiel und konnten in der 18. Minute zum 10:10 ausgleichen. Bis zur 25. Minute blieben wir dran und glichen erneut aus (15:15). Doch durch zu viele vergebene Chancen und viel zu wenig Zugriff in der Abwehr, gelang es uns nie, die F\u00fchrung zu \u00fcbernehmen. In die Halbzeitpause gingen wir mit einem 16:18 R\u00fcckstand.<\/span><\/p>\n<p class=\"p3\" style=\"margin: 0cm; margin-bottom: .0001pt; font-width: normal; font-size-adjust: none; font-kerning: auto; font-variant-alternates: normal; font-variant-ligatures: normal; font-variant-numeric: normal; font-variant-east-asian: normal; font-variant-position: normal; font-feature-settings: normal; font-optical-sizing: auto; font-variation-settings: normal; -webkit-text-size-adjust: auto;\"><span style=\"font-size: 13.5pt;\">\u00a0<\/span><\/p>\n<p class=\"p3\" style=\"margin: 0cm; margin-bottom: .0001pt; font-width: normal; font-size-adjust: none; font-kerning: auto; font-variant-alternates: normal; font-variant-ligatures: normal; font-variant-numeric: normal; font-variant-east-asian: normal; font-variant-position: normal; font-feature-settings: normal; font-optical-sizing: auto; font-variation-settings: normal; -webkit-text-size-adjust: auto;\"><span class=\"s2\">F\u00fcr einen Sieg war klar, wir m\u00fcssen unsere Abwehr stabilisieren.<\/span><\/p>\n<p class=\"p3\" style=\"margin: 0cm; margin-bottom: .0001pt; font-width: normal; font-size-adjust: none; font-kerning: auto; font-variant-alternates: normal; font-variant-ligatures: normal; font-variant-numeric: normal; font-variant-east-asian: normal; font-variant-position: normal; font-feature-settings: normal; font-optical-sizing: auto; font-variation-settings: normal; -webkit-text-size-adjust: auto;\"><span class=\"s2\">Wie zu Beginn erwischte Empelde den besseren Start in Halbzeit 2 und konnte auf 16:20 wegziehen (32. Minute). Doch wir lie\u00dfen nicht locker und in der 38. Minute trennten uns nur 2 Tore (22:24). Aber erneut schafften wir es nicht, das Spiel auf unsere Seite zu drehen. Im Gegenteil, wir vergaben unz\u00e4hlige Chancen und agierten vor allem in der Abwehr einfach nicht clever genug. Empelde konnte sich folglich immer weiter absetzen. Eine fr\u00fche Verletzung von Anna W., durch einen Schlag ins Gesicht und eine rote Karte (45. Minute) schw\u00e4chte unseren Kader zus\u00e4tzlich, sodass uns im Laufe des Spiels die M\u00f6glichkeiten ausgingen. Nach einem zwischenzeitlichen 9-Tore-R\u00fcckstand (26:35, 29:38) verk\u00fcrzten wir zum Ende immerhin nochmal auf 33:39.<\/span><span style=\"font-size: 13.5pt;\">\u00a0<\/span><\/p>\n<p class=\"p3\" style=\"margin: 0cm; margin-bottom: .0001pt; font-width: normal; font-size-adjust: none; font-kerning: auto; font-variant-alternates: normal; font-variant-ligatures: normal; font-variant-numeric: normal; font-variant-east-asian: normal; font-variant-position: normal; font-feature-settings: normal; font-optical-sizing: auto; font-variation-settings: normal; -webkit-text-size-adjust: auto;\"><span class=\"s2\">Am Samstag sind wir dann wieder ausw\u00e4rts gefragt. Es geht zur HSG Hannover-West. Bis dahin gilt es, die Fehler der letzten Spiele nochmal aufzuarbeiten und dann umso mehr f\u00fcr 2 Punkte zu k\u00e4mpfen.<\/span><\/p>\n<p class=\"p3\" style=\"margin: 0cm; margin-bottom: .0001pt; font-width: normal; font-size-adjust: none; font-kerning: auto; font-variant-alternates: normal; font-variant-ligatures: normal; font-variant-numeric: normal; font-variant-east-asian: normal; font-variant-position: normal; font-feature-settings: normal; font-optical-sizing: auto; font-variation-settings: normal; -webkit-text-size-adjust: auto;\"><span style=\"font-size: 13.5pt;\">\u00a0<\/span><\/p>\n<p class=\"p3\" style=\"margin: 0cm; margin-bottom: .0001pt; font-width: normal; font-size-adjust: none; font-kerning: auto; font-variant-alternates: normal; font-variant-ligatures: normal; font-variant-numeric: normal; font-variant-east-asian: normal; font-variant-position: normal; font-feature-settings: normal; font-optical-sizing: auto; font-variation-settings: normal; -webkit-text-size-adjust: auto;\"><span class=\"s2\">Tore: Julia (7\/1), Lena (6), Hannah (5\/2), Lulu (4), Hanna &amp; Anna B. (je 3), Pauline (2), K\u00e4the, Thessy &amp; Anna W. (je 1)<\/span><\/p>\n<p>\u00a0<\/p>\n","protected":false},"excerpt":{"rendered":"<p>Keine Punkte gegen Empelde\u00a0 Am Samstag war die Mannschaft aus Empelde bei uns zu Gast. Nach verpatztem Start (4:8, 10. Minute) fanden wir besser ins Spiel und konnten in der 18. Minute zum 10:10 ausgleichen. Bis zur 25. Minute blieben wir dran und glichen erneut aus (15:15). Doch durch zu viele vergebene Chancen und viel [&hellip;]<\/p>\n","protected":false},"author":3,"featured_media":0,"comment_status":"closed","ping_status":"closed","sticky":false,"template":"","format":"standard","meta":{"footnotes":""},"categories":[1],"tags":[],"_links":{"self":[{"href":"https:\/\/sw-osterfeine.de\/index.php?rest_route=\/wp\/v2\/posts\/38672"}],"collection":[{"href":"https:\/\/sw-osterfeine.de\/index.php?rest_route=\/wp\/v2\/posts"}],"about":[{"href":"https:\/\/sw-osterfeine.de\/index.php?rest_route=\/wp\/v2\/types\/post"}],"author":[{"embeddable":true,"href":"https:\/\/sw-osterfeine.de\/index.php?rest_route=\/wp\/v2\/users\/3"}],"replies":[{"embeddable":true,"href":"https:\/\/sw-osterfeine.de\/index.php?rest_route=%2Fwp%2Fv2%2Fcomments&post=38672"}],"version-history":[{"count":1,"href":"https:\/\/sw-osterfeine.de\/index.php?rest_route=\/wp\/v2\/posts\/38672\/revisions"}],"predecessor-version":[{"id":38673,"href":"https:\/\/sw-osterfeine.de\/index.php?rest_route=\/wp\/v2\/posts\/38672\/revisions\/38673"}],"wp:attachment":[{"href":"https:\/\/sw-osterfeine.de\/index.php?rest_route=%2Fwp%2Fv2%2Fmedia&parent=38672"}],"wp:term":[{"taxonomy":"category","embeddable":true,"href":"https:\/\/sw-osterfeine.de\/index.php?rest_route=%2Fwp%2Fv2%2Fcategories&post=38672"},{"taxonomy":"post_tag","embeddable":true,"href":"https:\/\/sw-osterfeine.de\/index.php?rest_route=%2Fwp%2Fv2%2Ftags&post=38672"}],"curies":[{"name":"wp","href":"https:\/\/api.w.org\/{rel}","templated":true}]}}