{"id":39080,"date":"2026-04-21T11:02:10","date_gmt":"2026-04-21T09:02:10","guid":{"rendered":"https:\/\/sw-osterfeine.de\/?p=39080"},"modified":"2026-04-21T11:02:11","modified_gmt":"2026-04-21T09:02:11","slug":"handbal-1-d-jugend","status":"publish","type":"post","link":"https:\/\/sw-osterfeine.de\/?p=39080","title":{"rendered":"Handbal 1. D-Jugend"},"content":{"rendered":"\n<p>Die 1. WJD des SW Osterfeine darf sich \u00fcber neue Trainingsanz\u00fcge freuen. Erm\u00f6glicht wurde dies durch die gro\u00dfz\u00fcgige Unterst\u00fctzung des <strong>Austing Mischfutterwerks<\/strong>.<\/p>\n<p>Die Mannschaft und das Trainerteam haben sich sehr gefreut und bedanken sich herzlich bei Simon und Annika f\u00fcr dieses Engagement zugunsten des Nachwuchssports.\u00a0<\/p>\n<p><a href=\"https:\/\/sw-osterfeine.de\/wp-content\/uploads\/2026\/04\/Verena.jpg\" data-rel=\"lightbox-image-0\" data-rl_title=\"\" data-rl_caption=\"\" title=\"\"><img loading=\"lazy\" decoding=\"async\" class=\"alignleft size-full wp-image-39081\" src=\"https:\/\/sw-osterfeine.de\/wp-content\/uploads\/2026\/04\/Verena.jpg\" alt=\"\" width=\"1189\" height=\"1085\" srcset=\"https:\/\/sw-osterfeine.de\/wp-content\/uploads\/2026\/04\/Verena.jpg 1189w, https:\/\/sw-osterfeine.de\/wp-content\/uploads\/2026\/04\/Verena-300x274.jpg 300w, https:\/\/sw-osterfeine.de\/wp-content\/uploads\/2026\/04\/Verena-1024x934.jpg 1024w, https:\/\/sw-osterfeine.de\/wp-content\/uploads\/2026\/04\/Verena-768x701.jpg 768w\" sizes=\"(max-width: 1189px) 100vw, 1189px\" \/><\/a><\/p>\n","protected":false},"excerpt":{"rendered":"<p>Die 1. WJD des SW Osterfeine darf sich \u00fcber neue Trainingsanz\u00fcge freuen. Erm\u00f6glicht wurde dies durch die gro\u00dfz\u00fcgige Unterst\u00fctzung des Austing Mischfutterwerks. Die Mannschaft und das Trainerteam haben sich sehr gefreut und bedanken sich herzlich bei Simon und Annika f\u00fcr dieses Engagement zugunsten des Nachwuchssports.\u00a0<\/p>\n","protected":false},"author":3,"featured_media":0,"comment_status":"closed","ping_status":"closed","sticky":false,"template":"","format":"standard","meta":{"footnotes":""},"categories":[1],"tags":[],"_links":{"self":[{"href":"https:\/\/sw-osterfeine.de\/index.php?rest_route=\/wp\/v2\/posts\/39080"}],"collection":[{"href":"https:\/\/sw-osterfeine.de\/index.php?rest_route=\/wp\/v2\/posts"}],"about":[{"href":"https:\/\/sw-osterfeine.de\/index.php?rest_route=\/wp\/v2\/types\/post"}],"author":[{"embeddable":true,"href":"https:\/\/sw-osterfeine.de\/index.php?rest_route=\/wp\/v2\/users\/3"}],"replies":[{"embeddable":true,"href":"https:\/\/sw-osterfeine.de\/index.php?rest_route=%2Fwp%2Fv2%2Fcomments&post=39080"}],"version-history":[{"count":1,"href":"https:\/\/sw-osterfeine.de\/index.php?rest_route=\/wp\/v2\/posts\/39080\/revisions"}],"predecessor-version":[{"id":39082,"href":"https:\/\/sw-osterfeine.de\/index.php?rest_route=\/wp\/v2\/posts\/39080\/revisions\/39082"}],"wp:attachment":[{"href":"https:\/\/sw-osterfeine.de\/index.php?rest_route=%2Fwp%2Fv2%2Fmedia&parent=39080"}],"wp:term":[{"taxonomy":"category","embeddable":true,"href":"https:\/\/sw-osterfeine.de\/index.php?rest_route=%2Fwp%2Fv2%2Fcategories&post=39080"},{"taxonomy":"post_tag","embeddable":true,"href":"https:\/\/sw-osterfeine.de\/index.php?rest_route=%2Fwp%2Fv2%2Ftags&post=39080"}],"curies":[{"name":"wp","href":"https:\/\/api.w.org\/{rel}","templated":true}]}}