{"id":39091,"date":"2026-04-23T08:38:53","date_gmt":"2026-04-23T06:38:53","guid":{"rendered":"https:\/\/sw-osterfeine.de\/?p=39091"},"modified":"2026-04-23T08:38:55","modified_gmt":"2026-04-23T06:38:55","slug":"2-damen-17","status":"publish","type":"post","link":"https:\/\/sw-osterfeine.de\/?p=39091","title":{"rendered":"2. Damen"},"content":{"rendered":"\n<p>Erneute Niederlage<\/p>\n<p>Wir verlieren am Wochenende leider gegen TSV Wallenhorst mit 34:27 \ud83e\udd72<\/p>\n<p>Dabei hatten wir eine starke erste H\u00e4lfte und machten es dem Gegner sehr schwer ins Spiel zu kommen. Mit einem 14:14 ging es in die Kabine. Uns war eigentlich klar, dass ein Sieg drin sitzt. Leider haben wir in der zweiten H\u00e4lfte das Spiel aus der Hand gegeben. Wallenhorst kam \u00fcber das Tempo immer wieder zu einfachen Toren, w\u00e4hrend wir nicht mehr richtig rankamen.<\/p>\n<p>Unsere Torh\u00fcterin Caro stand vorerst zum letzten Mal im Tor und hat nochmal alles rausgehauen \ud83d\udcaa\ud83c\udffc<\/p>\n<p>Am Samstag steht f\u00fcr uns dann das letzte Spiel an. In der eigenen Halle spielen wir gegen SV Eversburg. Da hei\u00dft es nochmal alles geben, denn wir k\u00e4mpfen noch um den Klassenerhalt! \ud83e\udd1e\ud83c\udffc\ud83d\udd25<\/p>\n<p><a href=\"https:\/\/sw-osterfeine.de\/wp-content\/uploads\/2026\/04\/Endstand-Auswaerts-1.png\" data-rel=\"lightbox-image-0\" data-rl_title=\"\" data-rl_caption=\"\" title=\"\"><img loading=\"lazy\" decoding=\"async\" class=\"alignleft wp-image-39092 size-medium\" src=\"https:\/\/sw-osterfeine.de\/wp-content\/uploads\/2026\/04\/Endstand-Auswaerts-1-240x300.png\" alt=\"\" width=\"240\" height=\"300\" srcset=\"https:\/\/sw-osterfeine.de\/wp-content\/uploads\/2026\/04\/Endstand-Auswaerts-1-240x300.png 240w, https:\/\/sw-osterfeine.de\/wp-content\/uploads\/2026\/04\/Endstand-Auswaerts-1-819x1024.png 819w, https:\/\/sw-osterfeine.de\/wp-content\/uploads\/2026\/04\/Endstand-Auswaerts-1-768x960.png 768w, https:\/\/sw-osterfeine.de\/wp-content\/uploads\/2026\/04\/Endstand-Auswaerts-1.png 1080w\" sizes=\"(max-width: 240px) 100vw, 240px\" \/><\/a><\/p>\n<p>\u00a0<\/p>\n","protected":false},"excerpt":{"rendered":"<p>Erneute Niederlage Wir verlieren am Wochenende leider gegen TSV Wallenhorst mit 34:27 \ud83e\udd72 Dabei hatten wir eine starke erste H\u00e4lfte und machten es dem Gegner sehr schwer ins Spiel zu kommen. Mit einem 14:14 ging es in die Kabine. Uns war eigentlich klar, dass ein Sieg drin sitzt. Leider haben wir in der zweiten H\u00e4lfte [&hellip;]<\/p>\n","protected":false},"author":3,"featured_media":0,"comment_status":"closed","ping_status":"closed","sticky":false,"template":"","format":"standard","meta":{"footnotes":""},"categories":[1],"tags":[],"_links":{"self":[{"href":"https:\/\/sw-osterfeine.de\/index.php?rest_route=\/wp\/v2\/posts\/39091"}],"collection":[{"href":"https:\/\/sw-osterfeine.de\/index.php?rest_route=\/wp\/v2\/posts"}],"about":[{"href":"https:\/\/sw-osterfeine.de\/index.php?rest_route=\/wp\/v2\/types\/post"}],"author":[{"embeddable":true,"href":"https:\/\/sw-osterfeine.de\/index.php?rest_route=\/wp\/v2\/users\/3"}],"replies":[{"embeddable":true,"href":"https:\/\/sw-osterfeine.de\/index.php?rest_route=%2Fwp%2Fv2%2Fcomments&post=39091"}],"version-history":[{"count":1,"href":"https:\/\/sw-osterfeine.de\/index.php?rest_route=\/wp\/v2\/posts\/39091\/revisions"}],"predecessor-version":[{"id":39093,"href":"https:\/\/sw-osterfeine.de\/index.php?rest_route=\/wp\/v2\/posts\/39091\/revisions\/39093"}],"wp:attachment":[{"href":"https:\/\/sw-osterfeine.de\/index.php?rest_route=%2Fwp%2Fv2%2Fmedia&parent=39091"}],"wp:term":[{"taxonomy":"category","embeddable":true,"href":"https:\/\/sw-osterfeine.de\/index.php?rest_route=%2Fwp%2Fv2%2Fcategories&post=39091"},{"taxonomy":"post_tag","embeddable":true,"href":"https:\/\/sw-osterfeine.de\/index.php?rest_route=%2Fwp%2Fv2%2Ftags&post=39091"}],"curies":[{"name":"wp","href":"https:\/\/api.w.org\/{rel}","templated":true}]}}