{"id":39101,"date":"2026-04-27T08:19:32","date_gmt":"2026-04-27T06:19:32","guid":{"rendered":"https:\/\/sw-osterfeine.de\/?p=39101"},"modified":"2026-04-27T08:20:50","modified_gmt":"2026-04-27T06:20:50","slug":"1-damen-51","status":"publish","type":"post","link":"https:\/\/sw-osterfeine.de\/?p=39101","title":{"rendered":"1. Damen"},"content":{"rendered":"\n<p class=\"p1\" style=\"margin: 0cm 0cm 2.25pt 0cm;\">Sieg im letzten Heimspiel<\/p>\n<p class=\"p1\" style=\"font-width: normal; font-size-adjust: none; font-kerning: auto; font-variant-alternates: normal; font-variant-ligatures: normal; font-variant-numeric: normal; font-variant-east-asian: normal; font-variant-position: normal; font-feature-settings: normal; font-optical-sizing: auto; font-variation-settings: normal; -webkit-text-size-adjust: auto; margin: 0cm 0cm 2.25pt 0cm;\">\u00a0<\/p>\n<p class=\"p1\" style=\"font-width: normal; font-size-adjust: none; font-kerning: auto; font-variant-alternates: normal; font-variant-ligatures: normal; font-variant-numeric: normal; font-variant-east-asian: normal; font-variant-position: normal; font-feature-settings: normal; font-optical-sizing: auto; font-variation-settings: normal; -webkit-text-size-adjust: auto; margin: 0cm 0cm 2.25pt 0cm;\">Am Samstag war es schon wieder soweit. Das letzte Heimspiel der Saison stand an. Ein erneutes Kellerduell gegen die HSG Auhagen\/Stadthagen. Die zwei Punkte mussten also her und jedes Tor z\u00e4hlte.\u00a0<\/p>\n<p class=\"p3\" style=\"margin: 0cm; margin-bottom: .0001pt; font-width: normal; font-size-adjust: none; font-kerning: auto; font-variant-alternates: normal; font-variant-ligatures: normal; font-variant-numeric: normal; font-variant-east-asian: normal; font-variant-position: normal; font-feature-settings: normal; font-optical-sizing: auto; font-variation-settings: normal; min-height: 21px; -webkit-text-size-adjust: auto;\"><span class=\"s2\">Mit Unterst\u00fctzung unserer Minis und prall gef\u00fcllter Halle starten wir mit gutem Tempospiel und einer starken Frauke ins Spiel. Doch in der 8. Minute kam dann direkt der n\u00e4chste Schock. Als w\u00e4ren zwei Kreuzbandverletzungen diese Saison nicht genug, verletzte sich nun auch Julia ohne Fremdeinwirkung am Knie. Wir dr\u00fccken dir alle fest die Daumen, dass es nicht allzu schlimm ist!!! Danach war klar: nun erst recht zusammen k\u00e4mpfen und f\u00fcr Julia die 2 Punkte holen! In der 25. Minute konnten wir unsere F\u00fchrung auf 5 Tore erh\u00f6hen (13:8). Doch in den letzten 5 Minuten der 1. H\u00e4lfte verloren wir etwas die Konzentration und Auhagen konnte zur Halbzeit auf 15:13 verk\u00fcrzen.\u00a0<\/span><\/p>\n<p>\u00a0<\/p>\n<p class=\"p3\" style=\"margin: 0cm; margin-bottom: .0001pt; font-width: normal; font-size-adjust: none; font-kerning: auto; font-variant-alternates: normal; font-variant-ligatures: normal; font-variant-numeric: normal; font-variant-east-asian: normal; font-variant-position: normal; font-feature-settings: normal; font-optical-sizing: auto; font-variation-settings: normal; -webkit-text-size-adjust: auto;\"><span class=\"s2\">F\u00fcr die 2. Halbzeit galt es, wieder an die Anfangsphase anzukn\u00fcpfen. Bis zur 50. Minute konnten wir immer 1 bis 2 Tore vorlegen (20:18, 42. Minute) doch es gelang uns nicht, uns weiter abzusetzen. So glichen unsere G\u00e4ste zum 23:23 aus (53. Minute) und die Schlussphase konnte spannender nicht werden. Erneut gingen wir mit 2 Toren in F\u00fchrung (26:24, 57. Minute) und erneut glich Auhagen zum 26:26 aus (58. Minute). Am Ende behielten wir die Oberhand und Anna traf 15 Sekunden vor Schluss zum 28:27 Siegtreffer!!!\u00a0<\/span><\/p>\n<p class=\"p3\" style=\"margin: 0cm; margin-bottom: .0001pt; font-width: normal; font-size-adjust: none; font-kerning: auto; font-variant-alternates: normal; font-variant-ligatures: normal; font-variant-numeric: normal; font-variant-east-asian: normal; font-variant-position: normal; font-feature-settings: normal; font-optical-sizing: auto; font-variation-settings: normal; -webkit-text-size-adjust: auto;\"><span class=\"s2\">2 ganz wichtige Punkte, die uns weiter im Kampf um den Klassenerhalt halten. Durch die Niederlage im Hinspiel (26:24) verlieren wir jedoch den direkten Vergleich, sodass es erst n\u00e4chste Woche am letzten Spieltag zur Entscheidung kommen wird. Ein Sieg beim TV Dinklage und wir bleiben in der Verbandsliga. Merkt euch also unbedingt vor: N\u00e4chste Woche Samstag um 16:30 in Dinklage!!<\/span><\/p>\n<p class=\"p2\" style=\"margin: 0cm; margin-bottom: .0001pt; font-width: normal; font-size-adjust: none; font-kerning: auto; font-variant-alternates: normal; font-variant-ligatures: normal; font-variant-numeric: normal; font-variant-east-asian: normal; font-variant-position: normal; font-feature-settings: normal; font-optical-sizing: auto; font-variation-settings: normal; min-height: 21px; -webkit-text-size-adjust: auto;\"><span style=\"font-size: 13.5pt;\">\u00a0<\/span><\/p>\n<p class=\"p3\" style=\"margin: 0cm; margin-bottom: .0001pt; font-width: normal; font-size-adjust: none; font-kerning: auto; font-variant-alternates: normal; font-variant-ligatures: normal; font-variant-numeric: normal; font-variant-east-asian: normal; font-variant-position: normal; font-feature-settings: normal; font-optical-sizing: auto; font-variation-settings: normal; -webkit-text-size-adjust: auto;\"><span class=\"s2\">Wie so oft bedeutet das letzte Heimspiel auch, sich von Spielerinnen zu verabschieden. Auf Iris, K\u00e4the, Hanna G., Frauke, Lena, Anna W., Marie und Inga m\u00fcssen wir ab n\u00e4chster Saison leider verzichten. Danke euch f\u00fcr die vielen Jahre, in denen ihr Woche f\u00fcr Woche mit uns geschwitzt, gelacht und gefeiert habt. Ihr werdet uns allen dolle fehlen, aber ihr wisst, ihr seid immer wieder ganz herzlich Willkommen, ob beim Training, Spielfeld, Trib\u00fcne oder bei der n\u00e4chsten Kabinenparty.\u00a0<\/span><\/p>\n<p class=\"p3\" style=\"margin: 0cm; margin-bottom: .0001pt; font-width: normal; font-size-adjust: none; font-kerning: auto; font-variant-alternates: normal; font-variant-ligatures: normal; font-variant-numeric: normal; font-variant-east-asian: normal; font-variant-position: normal; font-feature-settings: normal; font-optical-sizing: auto; font-variation-settings: normal; -webkit-text-size-adjust: auto;\"><span style=\"font-size: 13.5pt;\">\u00a0<\/span><\/p>\n<p class=\"p3\" style=\"margin: 0cm; margin-bottom: .0001pt; font-width: normal; font-size-adjust: none; font-kerning: auto; font-variant-alternates: normal; font-variant-ligatures: normal; font-variant-numeric: normal; font-variant-east-asian: normal; font-variant-position: normal; font-feature-settings: normal; font-optical-sizing: auto; font-variation-settings: normal; -webkit-text-size-adjust: auto;\"><span class=\"s2\">Danke auch an unsere Fans. Auf euch ist wirklich immer Verlass!<\/span><\/p>\n<p class=\"p3\" style=\"margin: 0cm; margin-bottom: .0001pt; font-width: normal; font-size-adjust: none; font-kerning: auto; font-variant-alternates: normal; font-variant-ligatures: normal; font-variant-numeric: normal; font-variant-east-asian: normal; font-variant-position: normal; font-feature-settings: normal; font-optical-sizing: auto; font-variation-settings: normal; -webkit-text-size-adjust: auto;\"><span style=\"font-size: 13.5pt;\">\u00a0<\/span><\/p>\n<p class=\"p3\" style=\"margin: 0cm; margin-bottom: .0001pt; font-width: normal; font-size-adjust: none; font-kerning: auto; font-variant-alternates: normal; font-variant-ligatures: normal; font-variant-numeric: normal; font-variant-east-asian: normal; font-variant-position: normal; font-feature-settings: normal; font-optical-sizing: auto; font-variation-settings: normal; -webkit-text-size-adjust: auto;\"><span class=\"s2\">Bis n\u00e4chste Woche in Dinklage,\u00a0<\/span><\/p>\n<p class=\"p3\" style=\"margin: 0cm; margin-bottom: .0001pt; font-width: normal; font-size-adjust: none; font-kerning: auto; font-variant-alternates: normal; font-variant-ligatures: normal; font-variant-numeric: normal; font-variant-east-asian: normal; font-variant-position: normal; font-feature-settings: normal; font-optical-sizing: auto; font-variation-settings: normal; -webkit-text-size-adjust: auto;\"><span class=\"s2\">Eure 1. Damen<\/span><\/p>\n<p><a href=\"https:\/\/sw-osterfeine.de\/wp-content\/uploads\/2026\/04\/image0-scaled.jpeg\" data-rel=\"lightbox-image-0\" data-rl_title=\"\" data-rl_caption=\"\" title=\"\"><img loading=\"lazy\" decoding=\"async\" class=\"alignleft size-full wp-image-39104\" src=\"https:\/\/sw-osterfeine.de\/wp-content\/uploads\/2026\/04\/image0-scaled.jpeg\" alt=\"\" width=\"1920\" height=\"2560\" srcset=\"https:\/\/sw-osterfeine.de\/wp-content\/uploads\/2026\/04\/image0-scaled.jpeg 1920w, https:\/\/sw-osterfeine.de\/wp-content\/uploads\/2026\/04\/image0-225x300.jpeg 225w, https:\/\/sw-osterfeine.de\/wp-content\/uploads\/2026\/04\/image0-768x1024.jpeg 768w, https:\/\/sw-osterfeine.de\/wp-content\/uploads\/2026\/04\/image0-1152x1536.jpeg 1152w, https:\/\/sw-osterfeine.de\/wp-content\/uploads\/2026\/04\/image0-1536x2048.jpeg 1536w\" sizes=\"(max-width: 1920px) 100vw, 1920px\" \/><\/a> <a href=\"https:\/\/sw-osterfeine.de\/wp-content\/uploads\/2026\/04\/image1-scaled.jpeg\" data-rel=\"lightbox-image-1\" data-rl_title=\"\" data-rl_caption=\"\" title=\"\"><img loading=\"lazy\" decoding=\"async\" class=\"alignleft size-full wp-image-39105\" src=\"https:\/\/sw-osterfeine.de\/wp-content\/uploads\/2026\/04\/image1-scaled.jpeg\" alt=\"\" width=\"2560\" height=\"1920\" srcset=\"https:\/\/sw-osterfeine.de\/wp-content\/uploads\/2026\/04\/image1-scaled.jpeg 2560w, https:\/\/sw-osterfeine.de\/wp-content\/uploads\/2026\/04\/image1-300x225.jpeg 300w, https:\/\/sw-osterfeine.de\/wp-content\/uploads\/2026\/04\/image1-1024x768.jpeg 1024w, https:\/\/sw-osterfeine.de\/wp-content\/uploads\/2026\/04\/image1-768x576.jpeg 768w, https:\/\/sw-osterfeine.de\/wp-content\/uploads\/2026\/04\/image1-1536x1152.jpeg 1536w, https:\/\/sw-osterfeine.de\/wp-content\/uploads\/2026\/04\/image1-2048x1536.jpeg 2048w\" sizes=\"(max-width: 2560px) 100vw, 2560px\" \/><\/a><\/p>\n<p class=\"p3\" style=\"margin: 0cm; margin-bottom: .0001pt; font-width: normal; font-size-adjust: none; font-kerning: auto; font-variant-alternates: normal; font-variant-ligatures: normal; font-variant-numeric: normal; font-variant-east-asian: normal; font-variant-position: normal; font-feature-settings: normal; font-optical-sizing: auto; font-variation-settings: normal; -webkit-text-size-adjust: auto;\"><span style=\"font-size: 13.5pt;\">\u00a0<\/span><\/p>\n","protected":false},"excerpt":{"rendered":"<p>Sieg im letzten Heimspiel \u00a0 Am Samstag war es schon wieder soweit. Das letzte Heimspiel der Saison stand an. Ein erneutes Kellerduell gegen die HSG Auhagen\/Stadthagen. Die zwei Punkte mussten also her und jedes Tor z\u00e4hlte.\u00a0 Mit Unterst\u00fctzung unserer Minis und prall gef\u00fcllter Halle starten wir mit gutem Tempospiel und einer starken Frauke ins Spiel. [&hellip;]<\/p>\n","protected":false},"author":3,"featured_media":0,"comment_status":"closed","ping_status":"closed","sticky":false,"template":"","format":"standard","meta":{"footnotes":""},"categories":[1],"tags":[],"_links":{"self":[{"href":"https:\/\/sw-osterfeine.de\/index.php?rest_route=\/wp\/v2\/posts\/39101"}],"collection":[{"href":"https:\/\/sw-osterfeine.de\/index.php?rest_route=\/wp\/v2\/posts"}],"about":[{"href":"https:\/\/sw-osterfeine.de\/index.php?rest_route=\/wp\/v2\/types\/post"}],"author":[{"embeddable":true,"href":"https:\/\/sw-osterfeine.de\/index.php?rest_route=\/wp\/v2\/users\/3"}],"replies":[{"embeddable":true,"href":"https:\/\/sw-osterfeine.de\/index.php?rest_route=%2Fwp%2Fv2%2Fcomments&post=39101"}],"version-history":[{"count":2,"href":"https:\/\/sw-osterfeine.de\/index.php?rest_route=\/wp\/v2\/posts\/39101\/revisions"}],"predecessor-version":[{"id":39106,"href":"https:\/\/sw-osterfeine.de\/index.php?rest_route=\/wp\/v2\/posts\/39101\/revisions\/39106"}],"wp:attachment":[{"href":"https:\/\/sw-osterfeine.de\/index.php?rest_route=%2Fwp%2Fv2%2Fmedia&parent=39101"}],"wp:term":[{"taxonomy":"category","embeddable":true,"href":"https:\/\/sw-osterfeine.de\/index.php?rest_route=%2Fwp%2Fv2%2Fcategories&post=39101"},{"taxonomy":"post_tag","embeddable":true,"href":"https:\/\/sw-osterfeine.de\/index.php?rest_route=%2Fwp%2Fv2%2Ftags&post=39101"}],"curies":[{"name":"wp","href":"https:\/\/api.w.org\/{rel}","templated":true}]}}