{"id":39107,"date":"2026-04-27T08:23:30","date_gmt":"2026-04-27T06:23:30","guid":{"rendered":"https:\/\/sw-osterfeine.de\/?p=39107"},"modified":"2026-04-27T08:23:32","modified_gmt":"2026-04-27T06:23:32","slug":"fussball-a-jugend-12","status":"publish","type":"post","link":"https:\/\/sw-osterfeine.de\/?p=39107","title":{"rendered":"Fu\u00dfball A-Jugend"},"content":{"rendered":"\n<p>JSG HaBaFehn \u2013 SW Osterfeine 2:5<\/p>\n<p>Nach zwei Niederlagen in Folge mussten wir am vergangenen Samstag wieder punkten, um den Anschluss an die Tabellenspitze nicht zu verlieren. Zwar sah die Tabelle nach Punkten sehr gut aus (ein Punkt R\u00fcckstand auf den Tabellenf\u00fchrer Lindern\/L\u00f6ningen\/Vrees), doch da wir bereits doppelt so viele Spiele bestritten hatten, wie unsere Verfolger k\u00f6nnen diese noch nachziehen.<\/p>\n<p>Unter der Woche hatte uns zudem die Nachricht erreicht, dass die JSG Lohne\/Brockdorf ihre Mannschaft nach drei gespielten Spielen und einem Nichtantritt vorzeitig aus der Liga zur\u00fcckgezogen hat. Dadurch werden die Spieler gegen das \u00fcbrige Teilnehmerfeld nat\u00fcrlich umso wichtiger.<\/p>\n<p>Unser Gegner aus HaBaFehn (Harkebr\u00fcgge\/Bar\u00dfel\/Elisabethfehn) hatte vor unserer Partie zwar nur 3 Punkte auf dem Konto, jedoch alle Spiele mit nur einem Tor Unterschied beendet, darunter ein 3:2 Sieg gegen die JSG Gro\u00dfenkneten, die uns vor zwei Wochen die erste Niederlage beibrachte. Die beiden Niederlagen kamen gegen die JSG Lindern\/L\u00f6ningen\/Vrees (bei Anpfiff Tabellenf\u00fchrer) und die JSG Cappeln\/Sevelten\/Elsten (besiegte uns letzte Woche) zustande.<\/p>\n<p>Verzichten mussten wir zus\u00e4tzlich zum nach wie vor verletzten Torh\u00fcter Kevin Gravemeyer zus\u00e4tzlich auf Jan-Bernd Putthoff und Malte Pieper, die jeweils mit kleineren Blessuren ausfielen, sowie Maximilian B\u00f6ckmann, den eine Krankheit niederstreckte. Wir sind jedoch optimistisch, dass alle im kommenden Pokalspiel gegen RW Damme II wieder mitwirken k\u00f6nnen.<!--more--><\/p>\n<p>Katze wurde, wie in dieser Saison bereits in einigen Spielen zuvor, durch Bagge vertreten zuverl\u00e4ssig vertreten, der nicht nur auf allen Positionen innerhalb der Viererkette einsetzbar ist, sondern auch einen unbestrittenen Wert als Ersatztorh\u00fcter hat. Die Bereitschaft auf dieser ungewohnten Position einzuspringen und die Art und Weise der Auftritte verdient absolutes Lob und gibt dem Team die Sicherheit, selbst im Tor ad\u00e4quaten Ersatz zu haben, auf den man sich verlassen kann. Maxi ersetzten wir in der Innenverteidigung durch Jarle, der \u2013 so viel sei vorweggenommen \u2013 ein richtig starkes Spiel auf den Rasen zauberte.<\/p>\n<p>Auf dem relativ schmalen, daf\u00fcr aber extrem langen Platz im fernen Bar\u00dfel gingen wir dementsprechend mit einigem Respekt, aber keinesfalls mit Angst in die Partie. Mit dem Anpfiff \u00fcbernahmen wir sofort die Kontrolle. Im Gegensatz zum Spiel am Samstag zuvor waren wir deutlich pr\u00e4senter in den Zweik\u00e4mpfen und durch eine erh\u00f6hte Einsatzbereitschaft in fast jeder Situation einen Schritt eher am Ball, als unsere Kontrahenten. Unsere Defensivreihe stach immer wieder im richtigen Moment aus der Kette, setzte so den Gegenspieler unter Druck und gab unserem Mittelfeld die M\u00f6glichkeit, die ber\u00fchmten zweiten B\u00e4lle zu erobern und anschlie\u00dfend auf Angriff umzuschalten. Nur der letzte Ball wollte noch nicht so recht im Ziel ankommen.<\/p>\n<p>Wir waren also drin in diesem Spiel\u2026 Bis in der 14. Minute Der Angreifer der Gastgeber clever von Bosche abgelaufen wurde, der Schiedsrichter jedoch f\u00e4lschlicherweise auf Ecksto\u00df entschied. Ein Fehler, der passieren kann, in diesem Fall jedoch in der Konsequenz den R\u00fcckstand f\u00fcr uns bedeutete, da der Ecksto\u00df hoch an den F\u00fcnfmeterraum segelte und dort per Kopf perfekt in den rechten Torwinkel platziert wurde.<\/p>\n<p>Es stand zu bef\u00fcrchten, dass dieses Gegentor unsere Moral erneut einbrechen lie\u00df, doch dazu gab es gar keine Zeit. Nur eine Minute sp\u00e4ter flog ein Abschlag von Bagge lang \u00fcber das Feld und kam bei Arne St\u00e4rk an, der die Kugel gef\u00fchlvoll \u00fcber den herauslaufenden Torh\u00fcter zum 1:1 Ausgleich ins Netz heben konnte. Wir fanden also eine direkte Antwort und das gab unserem Spiel weiteren Auftrieb.<\/p>\n<p>Insbesondere \u00fcber die linke Angriffsseite konnten wir nun beinahe min\u00fctlich durchbrechen. Clemens war \u2013 im R\u00fccken abgesichert durch Piening und Paul \u2013 mit seiner Dynamik im Zusammenspiel mit Arne St\u00e4rk kaum zu stoppen und wenn doch einmal das Tempo rausgenommen werden musste, wurde \u00fcber das Mittelfeldzentrum \u00fcber Paul, Herf oder Jannis verlagert und der auf der Gegenseite agierende Arne Jacob ins Spiel gebracht.<\/p>\n<p>In der 37. Minute waren wir so erneut erfolgreich. Clemens ging auf der linken Seite mit Tempo an seinem Gegenspieler vorbei zur Grundlinie, blieb mit seinem ersten Passversuch ins Zentrum h\u00e4ngen, bekam jedoch eine zweite Chance. Dieses Mal rutschte der Ball durch, Arne St\u00e4rk stand goldrichtig und konnte aus kurzer Distanz am ersten Pfosten zum 1:2 einschieben.<\/p>\n<p>Und unmittelbar danach gab es erneuten Grund zu jubeln. Paul gewann einen Zweikampf im Mittelfeld (und hatte in dieser Phase generell eine gef\u00fchlte Zweikampquote von 100%), schickte ohne zu z\u00f6gern Arne Jacob auf die Reise und dieser rannte seinem Kontrahenten davon, bevor er die Kugel aus halbrechter Position \u00fcber den Torh\u00fcter in die Maschen chippte (38. Minute).<\/p>\n<p>Dieses Tor gab uns weitere Sicherheit, doch vielleicht f\u00fchlten wir uns etwas zu sicher und waren gedanklich bereits in der Halbzeitpause. Anders l\u00e4sst sich der zweite Gegentreffer, unmittelbar vor dem Halbzeitpfiff, nicht erkl\u00e4ren. Nach einem Einwurf machte der Bar\u00dfeler St\u00fcrmer den Ball fest und wurde wie gewohnt aus der Innenverteidigung unter Druck gesetzt. Der Rest unserer Defensive schaltete allerdings komplett ab uns so reichte ein kurzer Steilpass, um drei Gegner hinter unserer Kette freizuspielen. Aus spitzem Winkel brachte der Angreifer den Ball an Bagge vorbei im langen Toreck unter (45. Minute).<\/p>\n<p>Wir hatten also wieder ein enges Ergebnis, obwohl wir das Spiel bis hierhin komplett kontrollierten. Dieses enge Ergebnis wollten wir nach dem Pausentee \u00e4ndern.<\/p>\n<p>Stattdessen \u00e4nderten wir allerdings nach Wiederanpfiff zun\u00e4chst unser Defensivverhalten. Wir liefen nicht mehr so konsequent an und bekamen so keinen Druck auf den gegnerischen Spielaufbau. Gleichzeitig stellten wir keine Kompaktheit mehr her und erm\u00f6glichten unserem Gegner so deutlich mehr Tempo im Mittelfeld aufzunehmen und auf unsere Kette zu laufen. Befreiungsschl\u00e4ge kamen unmittelbar zur\u00fcck und sorgten f\u00fcr die n\u00e4chste Gefahrensituation. HaBaFehn kam dadurch besser in dieses Spiel und das Trainerteam bekam Flashbacks zur Partie gegen die JSG Gro\u00dfenkneten.<\/p>\n<p>Gl\u00fccklicherweise fiel auch allen auf dem Platz auf, dass dieses passive Verteidigen am Ende deutlich mehr Kraft kostet, als die Anstrengung sauber zu verschieben und aus der Kompaktheit heraus aggressiv anzulaufen. Minute f\u00fcr Minute wurden wir wieder st\u00e4rker und strahlten mehr Gefahr aus. Gleichzeitig kamen jedoch auch die Gastgeber in einer gewissen Regelm\u00e4\u00dfigkeit in Abschlusssituationen.<\/p>\n<p>Die 72. Minute lie\u00df uns dann wieder etwas aufatmen. Arne St\u00e4rk lie\u00df auf den einige Minuten zuvor eingewechselten Mathis Pohlschneider klatschen und machte sich auf den Weg in die Tiefe. Mathis hielt das Tempo hoch und spielte kurz zu Jannis, der sich drehte und umgehend einen starken Steilpass auf den durchstartenden Arne spielte. Dieser war nicht mehr zu halten und stellte auf 2:4.<\/p>\n<p>Endg\u00fcltig den Deckel drauf machten wir in der 88. Minute, als Arne Jacob den Ball im Zentrum bekam, aufdrehte und in den Lauf von Clemens hob. Dieser zog in den Strafraum, ging im eins gegen eins am Torh\u00fcter vorbei und kr\u00f6nte seine gute Leistung mit dem 2:5 Endstand.<\/p>\n<p>Mit den drei Punkten im Gep\u00e4ck ging es als Tabellenzweiter wieder nach Hause. Zwar konnten wir an Lindern\/L\u00f6ningen\/Vrees vorbeiziehen, da diese ein spielfreies Wochenende hatten, doch das Team aus Cappeln\/Sevelten\/Elsten konnte seinerseits einen Kantersieg feiern und sich somit an die Spitze setzen.<\/p>\n<p>So geht es f\u00fcr uns dann nach unserem spielfreien Wochenende zun\u00e4chst zum Pokalspiel nach Damme (Mittwoch, 06.05., Ansto\u00df 19:00 Uhr), bevor wir am 09.05. um 16:30 Uhr den TUS Lutten zum Duell am Kl\u00fcnenberg erwarten. Bis dahin werden wir akribisch daran arbeiten unsere Siegchancen auf ein Maximum zu steigern und w\u00fcnschen in der Zwischenzeit unseren Abiturienten maximalen Erfolg in den letzten Pr\u00fcfungen!<\/p>\n<p>Mit freundlichen Gr\u00fc\u00dfen<\/p>\n<p>Coach P.<\/p>\n<p>Tore: \u00a0 1:0 Silas Kleemann; 14. Minute<\/p>\n<p>\u00a0\u00a0\u00a0\u00a0\u00a0\u00a0\u00a0\u00a0\u00a0\u00a0\u00a0 1:1 A. St\u00e4rk (P. Kreymborg); 15. Minute<\/p>\n<p>\u00a0\u00a0\u00a0\u00a0\u00a0\u00a0\u00a0\u00a0\u00a0\u00a0\u00a0 1:2 A. St\u00e4rk (C. Lapke); 37. Minute<\/p>\n<p>\u00a0\u00a0\u00a0\u00a0\u00a0\u00a0\u00a0\u00a0\u00a0\u00a0\u00a0 1:3 A. Jacob (P. Kreinest); 38. Minute<\/p>\n<p>\u00a0\u00a0\u00a0\u00a0\u00a0\u00a0\u00a0\u00a0\u00a0\u00a0\u00a0 2:3 Brian Claassen; 45. Minute<\/p>\n<p>\u00a0\u00a0\u00a0\u00a0\u00a0\u00a0\u00a0\u00a0\u00a0\u00a0\u00a0 2:4 A. St\u00e4rk (J. Otte); 72. Minute<\/p>\n<p>\u00a0\u00a0\u00a0\u00a0\u00a0\u00a0\u00a0\u00a0\u00a0\u00a0\u00a0 2:5 C. Lapke (A. Jacob); 88. Minute<\/p>\n<p><a href=\"https:\/\/sw-osterfeine.de\/wp-content\/uploads\/2026\/04\/A-Jugend-1.png\" data-rel=\"lightbox-image-0\" data-rl_title=\"\" data-rl_caption=\"\" title=\"\"><img loading=\"lazy\" decoding=\"async\" class=\"alignleft wp-image-39108 size-medium\" src=\"https:\/\/sw-osterfeine.de\/wp-content\/uploads\/2026\/04\/A-Jugend-1-202x300.png\" alt=\"\" width=\"202\" height=\"300\" srcset=\"https:\/\/sw-osterfeine.de\/wp-content\/uploads\/2026\/04\/A-Jugend-1-202x300.png 202w, https:\/\/sw-osterfeine.de\/wp-content\/uploads\/2026\/04\/A-Jugend-1.png 466w\" sizes=\"(max-width: 202px) 100vw, 202px\" \/><\/a><\/p>\n","protected":false},"excerpt":{"rendered":"<p>JSG HaBaFehn \u2013 SW Osterfeine 2:5 Nach zwei Niederlagen in Folge mussten wir am vergangenen Samstag wieder punkten, um den Anschluss an die Tabellenspitze nicht zu verlieren. Zwar sah die Tabelle nach Punkten sehr gut aus (ein Punkt R\u00fcckstand auf den Tabellenf\u00fchrer Lindern\/L\u00f6ningen\/Vrees), doch da wir bereits doppelt so viele Spiele bestritten hatten, wie unsere [&hellip;]<\/p>\n","protected":false},"author":3,"featured_media":0,"comment_status":"closed","ping_status":"closed","sticky":false,"template":"","format":"standard","meta":{"footnotes":""},"categories":[3],"tags":[],"_links":{"self":[{"href":"https:\/\/sw-osterfeine.de\/index.php?rest_route=\/wp\/v2\/posts\/39107"}],"collection":[{"href":"https:\/\/sw-osterfeine.de\/index.php?rest_route=\/wp\/v2\/posts"}],"about":[{"href":"https:\/\/sw-osterfeine.de\/index.php?rest_route=\/wp\/v2\/types\/post"}],"author":[{"embeddable":true,"href":"https:\/\/sw-osterfeine.de\/index.php?rest_route=\/wp\/v2\/users\/3"}],"replies":[{"embeddable":true,"href":"https:\/\/sw-osterfeine.de\/index.php?rest_route=%2Fwp%2Fv2%2Fcomments&post=39107"}],"version-history":[{"count":1,"href":"https:\/\/sw-osterfeine.de\/index.php?rest_route=\/wp\/v2\/posts\/39107\/revisions"}],"predecessor-version":[{"id":39109,"href":"https:\/\/sw-osterfeine.de\/index.php?rest_route=\/wp\/v2\/posts\/39107\/revisions\/39109"}],"wp:attachment":[{"href":"https:\/\/sw-osterfeine.de\/index.php?rest_route=%2Fwp%2Fv2%2Fmedia&parent=39107"}],"wp:term":[{"taxonomy":"category","embeddable":true,"href":"https:\/\/sw-osterfeine.de\/index.php?rest_route=%2Fwp%2Fv2%2Fcategories&post=39107"},{"taxonomy":"post_tag","embeddable":true,"href":"https:\/\/sw-osterfeine.de\/index.php?rest_route=%2Fwp%2Fv2%2Ftags&post=39107"}],"curies":[{"name":"wp","href":"https:\/\/api.w.org\/{rel}","templated":true}]}}