{"id":39130,"date":"2026-04-30T10:21:40","date_gmt":"2026-04-30T08:21:40","guid":{"rendered":"https:\/\/sw-osterfeine.de\/?p=39130"},"modified":"2026-04-30T10:21:42","modified_gmt":"2026-04-30T08:21:42","slug":"nfv-praesident-besucht-sw-osterfeine","status":"publish","type":"post","link":"https:\/\/sw-osterfeine.de\/?p=39130","title":{"rendered":"NFV-Pr\u00e4sident besucht SW Osterfeine"},"content":{"rendered":"\n<p>Ganz hoher Besuch hat sich f\u00fcr Samstag, den 2.5.2026 bei den Fu\u00dfballern von Schwarz-Wei\u00df Osterfeine angesagt. Im Rahmen des DFB-Masterplans m\u00f6chte der Pr\u00e4sident des Nieders\u00e4chsischen Fu\u00dfballverbandes, Ralph-Uwe Schaffert, unseren Verein bei einem Vereinsdialog kennenlernen und einen offenen Austausch \u00fcber aktuelle Herausforderungen, W\u00fcnsche und Ideen im Fu\u00dfball f\u00fchren.<\/p>\n<p>Ralph-Uwe Schaffert ist neben seiner Funktion als NFV-Pr\u00e4sident gleichzeitig DFB-Vizepr\u00e4sident und Vorsitzender des Norddeutschen Fu\u00dfballverbandes. Ralph-Uwe Schaffert wird von verschiedenen Kollegen aus dem NFV-Vorstand begleitet. U.a. wird der NFV-Vizepr\u00e4sident und Bezirk Weser-Ems Vorsitzender Bernd Kettmann der NFV-Delegation angeh\u00f6ren.<\/p>\n<p>Am sp\u00e4ten Samstagmittag wird die NFV-Delegation dann in Osterfeine auf dem Sportgel\u00e4nde erwartet. Gestartet wird mit einem Rundgang \u00fcber die komplette OSV-Sportanlage.<\/p>\n<p>Anschlie\u00dfend findet im OSV-Clubraum der Austausch von ausgew\u00e4hlten OSV-Vertretern mit den G\u00e4sten aus ganz Niedersachsen statt.<\/p>\n<p>Der Sportverein SW Osterfeine freut sich auf den Besuch aus der Landeshauptstadt, hei\u00dft alle G\u00e4ste bereits hiermit herzlich Willkommen und ist gespannt, welche Ideen und Ansichten die NFV-F\u00fchrungsspitze f\u00fcr unseren Verein parat h\u00e4lt\u2026\u2026<\/p>\n","protected":false},"excerpt":{"rendered":"<p>Ganz hoher Besuch hat sich f\u00fcr Samstag, den 2.5.2026 bei den Fu\u00dfballern von Schwarz-Wei\u00df Osterfeine angesagt. Im Rahmen des DFB-Masterplans m\u00f6chte der Pr\u00e4sident des Nieders\u00e4chsischen Fu\u00dfballverbandes, Ralph-Uwe Schaffert, unseren Verein bei einem Vereinsdialog kennenlernen und einen offenen Austausch \u00fcber aktuelle Herausforderungen, W\u00fcnsche und Ideen im Fu\u00dfball f\u00fchren. Ralph-Uwe Schaffert ist neben seiner Funktion als NFV-Pr\u00e4sident [&hellip;]<\/p>\n","protected":false},"author":3,"featured_media":0,"comment_status":"closed","ping_status":"closed","sticky":false,"template":"","format":"standard","meta":{"footnotes":""},"categories":[92],"tags":[],"_links":{"self":[{"href":"https:\/\/sw-osterfeine.de\/index.php?rest_route=\/wp\/v2\/posts\/39130"}],"collection":[{"href":"https:\/\/sw-osterfeine.de\/index.php?rest_route=\/wp\/v2\/posts"}],"about":[{"href":"https:\/\/sw-osterfeine.de\/index.php?rest_route=\/wp\/v2\/types\/post"}],"author":[{"embeddable":true,"href":"https:\/\/sw-osterfeine.de\/index.php?rest_route=\/wp\/v2\/users\/3"}],"replies":[{"embeddable":true,"href":"https:\/\/sw-osterfeine.de\/index.php?rest_route=%2Fwp%2Fv2%2Fcomments&post=39130"}],"version-history":[{"count":1,"href":"https:\/\/sw-osterfeine.de\/index.php?rest_route=\/wp\/v2\/posts\/39130\/revisions"}],"predecessor-version":[{"id":39131,"href":"https:\/\/sw-osterfeine.de\/index.php?rest_route=\/wp\/v2\/posts\/39130\/revisions\/39131"}],"wp:attachment":[{"href":"https:\/\/sw-osterfeine.de\/index.php?rest_route=%2Fwp%2Fv2%2Fmedia&parent=39130"}],"wp:term":[{"taxonomy":"category","embeddable":true,"href":"https:\/\/sw-osterfeine.de\/index.php?rest_route=%2Fwp%2Fv2%2Fcategories&post=39130"},{"taxonomy":"post_tag","embeddable":true,"href":"https:\/\/sw-osterfeine.de\/index.php?rest_route=%2Fwp%2Fv2%2Ftags&post=39130"}],"curies":[{"name":"wp","href":"https:\/\/api.w.org\/{rel}","templated":true}]}}