{"id":39716,"date":"2026-09-01T12:45:17","date_gmt":"2026-09-01T10:45:17","guid":{"rendered":"https:\/\/sw-osterfeine.de\/?p=39716"},"modified":"2026-09-01T12:45:19","modified_gmt":"2026-09-01T10:45:19","slug":"c-i-und-c-ii-jugend-starten-ordentlich","status":"publish","type":"post","link":"https:\/\/sw-osterfeine.de\/?p=39716","title":{"rendered":"C-I und C-II-Jugend starten ordentlich.."},"content":{"rendered":"\n<p><strong>Nach einer intensiven Vorbereitung haben unsere beiden C-Jugendteams den Punktspielbetrieb aufgenommen.<\/strong><\/p>\n\n\n\n<p><strong>F\u00fcr unsere C-II-Jugend ging es erstmal im Kreispokal gegen den Kreisligisten SG Neuenkirchen\/V\u00f6rden. F\u00fcr unsere junge Mannschaft ein schweres Auftaktspiel, doch mit einer guten Leistung konnte sie das Ergebnis in Grenzen halten und \u00fcberlie\u00df mit 1:5 den G\u00e4sten den Eintritt in die n\u00e4chste Pokalrunde.<\/strong><\/p>\n\n\n\n<p><strong>Das 1.Punktspiel fand dann in Osterfeine gegen die SG Visbek\/Langf\u00f6rden\/B\u00fcren II statt. Durch das entscheidende Tor von Jan-Mathis Heese konnte sich unsere Mannschaft die ersten Punkte sichern.<\/strong><\/p>\n\n\n\n<p><strong>Das 1.Ausw\u00e4rtsspiel f\u00fchrte unsere Mannschaft dann nach Kroge gegen die Spielgemeinschaft Steinfeld\/M\u00fchlen\/Kroge III. Durch 2 Tore von Max Runnebaum konnte unsere Mannschaft sich beim 2:2 einen sch\u00f6nen Ausw\u00e4rtspunkt sichern. Leider hat unsere Mannschaft in dieser Staffel in der Hinrunde nur 6 Punktspiele. Hier versuchen wir durch regelm\u00e4\u00dfiges Training und weitere Freundschaftsspiele den W\u00fcnschen der Jungs nach Fu\u00dfball bestm\u00f6glichst gerecht zu werden.<\/strong><\/p>\n\n\n\n<p><strong>Unsere C-I-Jugend hatte im Bezirkspokal in der 1.Runde ein Freilos und trifft nun in Runde 2 in einem Heimspiel auf den Landesligisten VFB Oldenburg II am 9.9.2026 um 18.30Uhr.<\/strong><\/p>\n\n\n\n<p><strong>Das 1.Punktspiel f\u00fchrte unsere Mannschaft zum TUS Bersenbr\u00fcck. Durch einen Treffer von Jan von der Heide konnten wir in einem umk\u00e4mpften Spiel durch einen 1:0 Sieg 3 Punkte mit nach Osterfeine nehmen. Am vergangenen Samstag lief nun die C-II-Jugend von BW Lohne in Osterfeine zum Punktspiel auf. Ein starker Gegner f\u00fcr unsere Jungs, aber in einer \u00fcberlegenen 1.Halbzeit konnten wir durch Jan und Ole von der Heide sowie Luis Klanke eine 3:0 Halbzeitf\u00fchrung erzielen. Dieses Ergebnis hatte dann auch am Ende bestand, weil unsere Mannschaft k\u00e4mpferisch eine gute Leistung brachte. Am Tag darauf kam es mit einer Kombination aus C-I und C-II zu einem Freundschaftsspiel gegen die U 14 des SC Wiedenbr\u00fcck, um m\u00f6glichst vielen Spielern Spielpraxis zu geben und sich weiter an den gro\u00dfen Platz in der C-Jugend zu gew\u00f6hnen. Mit 3:0 waren die G\u00e4ste erfolgreich, aber das Ergebnis war auch hier zweitranging, wichtig ist Spielpraxis in der Jugend!!!<\/strong><\/p>\n\n\n\n<p><strong>Bereits am Dienstag, den 1.9.2026 geht es im Punktspielbetrieb f\u00fcr die C-I-Jugend um 18.30 Uhr in Osterfeine weiter. Zu Gast am Kl\u00fcnenberg ist der gro\u00dfe Favorit SG Hollage\/Pye, die ihr letztes Spiel mit 7:0 gewinnen konnten.<\/strong><\/p>\n\n\n\n<p><strong>Wie unsere C-Jugendteams sich im weiteren Verlauf der Serie schlagen\u2026.wir werden dar\u00fcber berichten.<\/strong><strong><\/strong><\/p>\n","protected":false},"excerpt":{"rendered":"<p>Nach einer intensiven Vorbereitung haben unsere beiden C-Jugendteams den Punktspielbetrieb aufgenommen. F\u00fcr unsere C-II-Jugend ging es erstmal im Kreispokal gegen den Kreisligisten SG Neuenkirchen\/V\u00f6rden. F\u00fcr unsere junge Mannschaft ein schweres Auftaktspiel, doch mit einer guten Leistung konnte sie das Ergebnis in Grenzen halten und \u00fcberlie\u00df mit 1:5 den G\u00e4sten den Eintritt in die n\u00e4chste Pokalrunde. [&hellip;]<\/p>\n","protected":false},"author":3,"featured_media":0,"comment_status":"closed","ping_status":"closed","sticky":false,"template":"","format":"standard","meta":{"footnotes":""},"categories":[3],"tags":[],"_links":{"self":[{"href":"https:\/\/sw-osterfeine.de\/index.php?rest_route=\/wp\/v2\/posts\/39716"}],"collection":[{"href":"https:\/\/sw-osterfeine.de\/index.php?rest_route=\/wp\/v2\/posts"}],"about":[{"href":"https:\/\/sw-osterfeine.de\/index.php?rest_route=\/wp\/v2\/types\/post"}],"author":[{"embeddable":true,"href":"https:\/\/sw-osterfeine.de\/index.php?rest_route=\/wp\/v2\/users\/3"}],"replies":[{"embeddable":true,"href":"https:\/\/sw-osterfeine.de\/index.php?rest_route=%2Fwp%2Fv2%2Fcomments&post=39716"}],"version-history":[{"count":1,"href":"https:\/\/sw-osterfeine.de\/index.php?rest_route=\/wp\/v2\/posts\/39716\/revisions"}],"predecessor-version":[{"id":39717,"href":"https:\/\/sw-osterfeine.de\/index.php?rest_route=\/wp\/v2\/posts\/39716\/revisions\/39717"}],"wp:attachment":[{"href":"https:\/\/sw-osterfeine.de\/index.php?rest_route=%2Fwp%2Fv2%2Fmedia&parent=39716"}],"wp:term":[{"taxonomy":"category","embeddable":true,"href":"https:\/\/sw-osterfeine.de\/index.php?rest_route=%2Fwp%2Fv2%2Fcategories&post=39716"},{"taxonomy":"post_tag","embeddable":true,"href":"https:\/\/sw-osterfeine.de\/index.php?rest_route=%2Fwp%2Fv2%2Ftags&post=39716"}],"curies":[{"name":"wp","href":"https:\/\/api.w.org\/{rel}","templated":true}]}}