{"id":39721,"date":"2026-09-02T08:51:22","date_gmt":"2026-09-02T06:51:22","guid":{"rendered":"https:\/\/sw-osterfeine.de\/?p=39721"},"modified":"2026-09-02T08:51:24","modified_gmt":"2026-09-02T06:51:24","slug":"vorbereitung-2-a-jugend-handball","status":"publish","type":"post","link":"https:\/\/sw-osterfeine.de\/?p=39721","title":{"rendered":"Vorbereitung 2. A-Jugend Handball"},"content":{"rendered":"\n<p>Vorbereitung 2. A-Jugend auf die Saison 2026\/27<\/p>\n<p>\u00a0<\/p>\n<p>Nach der absolvierten Saison 2025\/2026, die wir auf dem 5. Platz beendeten, ging es f\u00fcr uns zun\u00e4chst in die Sommerpause. Nach dem sch\u00f6nen Saisonabschluss, den wir mit Kegeln bei Kuhlmann verbrachten, mussten wir uns leider auch von 3 Spielerinnen verabschieden, Rosalie, Karlotta und Verena spielen nun in der 1. A-Jugend, wir w\u00fcnschen Euch viel Erfolg in der kommenden Saison. Schlie\u00dflich starteten wir\u00a0 dann am 15.06. in unser erstes Training der Vorbereitung. Nach drei weiteren Einheiten auf dem Beachplatz stand f\u00fcr uns ein Beachturnier bei den SFN Vechta auf dem Programm. In den weiteren Trainingseinheiten konzentrierten wir uns zun\u00e4chst auf intensive Kraft- und Ausdauereinheiten, um die k\u00f6rperlichen Grundlagen f\u00fcr die neue Saison zu schaffen.<\/p>\n<p>Au\u00dferdem trafen wir uns einmal gemeinsam am Bergsee, um dort weiter an unserer Kondition zu arbeiten.<\/p>\n<p>\u00a0<\/p>\n<p>Am 14.08. ging es dann f\u00fcr uns f\u00fcr ein Wochenende nach Cuxhaven, wo sch\u00f6ne Erinnerungen gesammelt wurden. Nach weiteren Intervalll\u00e4ufen starteten wir mit den ersten Testpielen gegen unsere A- als auch B-Jugend. Damit beenden wir unsere Vorbereitung und starten mit gro\u00dfer Vorfreude in unser erstes Saisonspiel, am kommenden Samstag um 16 Uhr gegen den SV H\u00e4ltinghausen<\/p>\n","protected":false},"excerpt":{"rendered":"<p>Vorbereitung 2. A-Jugend auf die Saison 2026\/27 \u00a0 Nach der absolvierten Saison 2025\/2026, die wir auf dem 5. Platz beendeten, ging es f\u00fcr uns zun\u00e4chst in die Sommerpause. Nach dem sch\u00f6nen Saisonabschluss, den wir mit Kegeln bei Kuhlmann verbrachten, mussten wir uns leider auch von 3 Spielerinnen verabschieden, Rosalie, Karlotta und Verena spielen nun in [&hellip;]<\/p>\n","protected":false},"author":3,"featured_media":0,"comment_status":"closed","ping_status":"closed","sticky":false,"template":"","format":"standard","meta":{"footnotes":""},"categories":[1],"tags":[],"_links":{"self":[{"href":"https:\/\/sw-osterfeine.de\/index.php?rest_route=\/wp\/v2\/posts\/39721"}],"collection":[{"href":"https:\/\/sw-osterfeine.de\/index.php?rest_route=\/wp\/v2\/posts"}],"about":[{"href":"https:\/\/sw-osterfeine.de\/index.php?rest_route=\/wp\/v2\/types\/post"}],"author":[{"embeddable":true,"href":"https:\/\/sw-osterfeine.de\/index.php?rest_route=\/wp\/v2\/users\/3"}],"replies":[{"embeddable":true,"href":"https:\/\/sw-osterfeine.de\/index.php?rest_route=%2Fwp%2Fv2%2Fcomments&post=39721"}],"version-history":[{"count":1,"href":"https:\/\/sw-osterfeine.de\/index.php?rest_route=\/wp\/v2\/posts\/39721\/revisions"}],"predecessor-version":[{"id":39722,"href":"https:\/\/sw-osterfeine.de\/index.php?rest_route=\/wp\/v2\/posts\/39721\/revisions\/39722"}],"wp:attachment":[{"href":"https:\/\/sw-osterfeine.de\/index.php?rest_route=%2Fwp%2Fv2%2Fmedia&parent=39721"}],"wp:term":[{"taxonomy":"category","embeddable":true,"href":"https:\/\/sw-osterfeine.de\/index.php?rest_route=%2Fwp%2Fv2%2Fcategories&post=39721"},{"taxonomy":"post_tag","embeddable":true,"href":"https:\/\/sw-osterfeine.de\/index.php?rest_route=%2Fwp%2Fv2%2Ftags&post=39721"}],"curies":[{"name":"wp","href":"https:\/\/api.w.org\/{rel}","templated":true}]}}