{"id":39735,"date":"2026-09-03T11:21:33","date_gmt":"2026-09-03T09:21:33","guid":{"rendered":"https:\/\/sw-osterfeine.de\/?p=39735"},"modified":"2026-09-03T11:21:35","modified_gmt":"2026-09-03T09:21:35","slug":"fussball-1-c-jugend-6","status":"publish","type":"post","link":"https:\/\/sw-osterfeine.de\/?p=39735","title":{"rendered":"Fussball 1.C-Jugend"},"content":{"rendered":"\n<p><em><u>C-I-Jugend mit Heimsieg und vor Pokalspiel vs VFB Oldenburg<\/u><\/em><\/p>\n<p>In einem Nachholspiel empfing unsere C-Jugend in der Bezirksliga die G\u00e4ste der Spielgemeinschaft von BW Hollage und dem Piesberger SV.<\/p>\n<p>Die G\u00e4ste hatten sich am Wochenende mit 7:0 gegen Ankum durchgesetzt und gingen als Favorit ins Spiel. Schon schnell war die starke Angriffsreihe der G\u00e4ste zu erkennen und unsere Hintermannschaft musste permanent auf der Hut sein. Daher versuchte unsere Mannschaft ihr Heil in der Offensive, aber es war der Gast, der mit 1:0 durch seinen Sto\u00dfst\u00fcrmer in F\u00fchrung ging. Doch unsere Mannschaft spielte weiter vorw\u00e4rts und kam schnell durch Tore von Hannes Gieskemeyer und Paul Enneking zur 2:1 Halbzeitf\u00fchrung. Doch bereits mit der ersten Aktion konnte die Spielgemeinschaft nach der Pause ausgleichen. Das Spiel stand auf der Kippe, aber unsere Mannschaft hatte an diesem Tag eine tolle Moral, war laufstark und spielte nach vorne. 2 Tore von Luis Klanke sorgten f\u00fcr eine 4:2 F\u00fchrung, die Lukas St\u00e4rk und unser vorbildlicher Kapit\u00e4n Jan von der Heide auf 6:2 ausbauen konnten. In einem umk\u00e4mpften Spiel konnte sich unsere Mannschaft am Ende verdient durchsetzen. Unsere Mannschaft konnte \u00fcber 70 Minuten ihr hohes Tempo durchhalten und somit 3 wichtige Punkte f\u00fcr den Klassenerhalt in der Bezirksliga einfahren. Alle Spieler kamen in diesem Spiel zum Einsatz und die Mannschaftsleistung war am Ende f\u00fcr den Sieg ausschlaggebend.<\/p>\n<p>Am kommenden Wochenende ist unsere C-I-Jugend spielfrei und kann sich auf die kommenden Aufgaben in Pokal und Meisterschaft vorbereiten. Das n\u00e4chste Punktspiel f\u00fchrt unsere Mannschaft dann nach Ankum. Aber vorher wartet noch ein interessantes Spiel im Bezirkspokal auf unsere Jungs:<\/p>\n<p><em><u>Am Mittwoch, den 9.9.2026 empf\u00e4ngt unsere Mannschaft in Osterfeine um 18.30 Uhr den Landesligisten VFB Oldenburg II in der 2. Runde des C-Jugend Bezirkspokals!!!!!<\/u><\/em><\/p>\n","protected":false},"excerpt":{"rendered":"<p>C-I-Jugend mit Heimsieg und vor Pokalspiel vs VFB Oldenburg In einem Nachholspiel empfing unsere C-Jugend in der Bezirksliga die G\u00e4ste der Spielgemeinschaft von BW Hollage und dem Piesberger SV. Die G\u00e4ste hatten sich am Wochenende mit 7:0 gegen Ankum durchgesetzt und gingen als Favorit ins Spiel. Schon schnell war die starke Angriffsreihe der G\u00e4ste zu [&hellip;]<\/p>\n","protected":false},"author":3,"featured_media":0,"comment_status":"closed","ping_status":"closed","sticky":false,"template":"","format":"standard","meta":{"footnotes":""},"categories":[3],"tags":[],"_links":{"self":[{"href":"https:\/\/sw-osterfeine.de\/index.php?rest_route=\/wp\/v2\/posts\/39735"}],"collection":[{"href":"https:\/\/sw-osterfeine.de\/index.php?rest_route=\/wp\/v2\/posts"}],"about":[{"href":"https:\/\/sw-osterfeine.de\/index.php?rest_route=\/wp\/v2\/types\/post"}],"author":[{"embeddable":true,"href":"https:\/\/sw-osterfeine.de\/index.php?rest_route=\/wp\/v2\/users\/3"}],"replies":[{"embeddable":true,"href":"https:\/\/sw-osterfeine.de\/index.php?rest_route=%2Fwp%2Fv2%2Fcomments&post=39735"}],"version-history":[{"count":1,"href":"https:\/\/sw-osterfeine.de\/index.php?rest_route=\/wp\/v2\/posts\/39735\/revisions"}],"predecessor-version":[{"id":39736,"href":"https:\/\/sw-osterfeine.de\/index.php?rest_route=\/wp\/v2\/posts\/39735\/revisions\/39736"}],"wp:attachment":[{"href":"https:\/\/sw-osterfeine.de\/index.php?rest_route=%2Fwp%2Fv2%2Fmedia&parent=39735"}],"wp:term":[{"taxonomy":"category","embeddable":true,"href":"https:\/\/sw-osterfeine.de\/index.php?rest_route=%2Fwp%2Fv2%2Fcategories&post=39735"},{"taxonomy":"post_tag","embeddable":true,"href":"https:\/\/sw-osterfeine.de\/index.php?rest_route=%2Fwp%2Fv2%2Ftags&post=39735"}],"curies":[{"name":"wp","href":"https:\/\/api.w.org\/{rel}","templated":true}]}}