{"id":39743,"date":"2026-09-04T14:35:48","date_gmt":"2026-09-04T12:35:48","guid":{"rendered":"https:\/\/sw-osterfeine.de\/?p=39743"},"modified":"2026-09-04T14:36:20","modified_gmt":"2026-09-04T12:36:20","slug":"fuba-1-b-jugend-4","status":"publish","type":"post","link":"https:\/\/sw-osterfeine.de\/?p=39743","title":{"rendered":"Fuba 1. B-Jugend"},"content":{"rendered":"\n<p>JSG ReGoLu \u2013 SW Osterfeine 2:2<\/p>\n<p>Ligastart f\u00fcr die B-Jugend! Nach unserer weitgehend blutleeren Vorstellung im Pokalspiel konnten wir uns nun voll und ganz auf die Kreisliga konzentrieren und wollten hier zeigen, dass wir es besser k\u00f6nnen. Dazu reisten wir direkt in die Ferne zur JSG ReGoLu (Rechterfeld\/Goldenstedt\/Lutten).<\/p>\n<p>Mit einem leicht dezimierten Kader traten wir sonntags um 10:30 Uhr auf besten Platzverh\u00e4ltnissen zur ersten Ligapartie an. Beste Platzverh\u00e4ltnisse sollten eigentlich daf\u00fcr sorgen, dass es ein vern\u00fcnftiges Fu\u00dfballspiel zu sehen gibt, doch mit dem \u201ezu sehen geben\u201c nahmen wir es leider etwas zu w\u00f6rtlich. Wir schauten in den ersten Minuten nur zu, wie die Gastgeber ihr Spiel aufzogen.<\/p>\n<p>Folgerichtig klingelte es bereits nach wenigen Minuten in unserem Kasten. Das, was wir in der Vorbereitung noch h\u00e4ufig angesprochen und auch umgesetzt haben \u2013 nach vorne zu verteidigen und diagonal abzusichern \u2013 passierte zu langsam bis gar nicht und so war es ein Pass durch die Schnittstelle, der dem Au\u00dfenangreifer freie Bahn auf unser Tor erm\u00f6glichte und der hatte keine M\u00fche auf 1:0 zu stellen (02. Minute). Direkt eine eiskalte Dusche nach der langen Anreise.<\/p>\n<p>Auch in der Folge hatten wir unsere liebe M\u00fche, uns aus dem Dauerdruck unserer Kontrahenten zu befreien. Wir wirkten noch nicht richtig wach in der Defensive und regelrecht \u00e4ngstlich in unserem Offensivspiel. Mit zunehmender Spielzeit lie\u00dfen die K\u00f6rner der ReGoLu-Truppe allerdings nach und wir konnten uns langsam in dieses Spiel hineinarbeiten.<\/p>\n<p>Nach ca. 25 Minuten waren wir endg\u00fcltig auf Augenh\u00f6he. Gewonnene Zweik\u00e4mpfe und abgegebene Torsch\u00fcsse gaben uns Selbstvertrauen und die Auswechselspieler (ein Riesenlob an dieser Stelle) gaben alles, um ihre Mannschaftskameraden anzutreiben. Anfeuerungen, Anweisungen, Aufmunterungen\u2026 Es kam richtig Energie von der Bank! F\u00fcr den Ausgleichtreffer reichte es leider trotzdem nicht. Mit dem 1:0 R\u00fcckstand ging es in die Pause.<\/p>\n<p>In dieser machten wir uns zun\u00e4chst bewusst, dass wir die ersten Minuten zwar verpennt hatten, danach jedoch das Spiel nach und nach an uns ziehen konnten und der Ausgleichstreffer nicht mehr fern war. Die Jungs waren hochmotiviert ihr Spiel auf den Platz zu bringen und das Ding noch zu drehen.<!--more--><\/p>\n<p>Nach Wiederanpfiff \u00fcbernahmen wir direkt wieder das Kommando. Wir attackierten hoch und setzten die Gastgeber dadurch fr\u00fch unter Druck. Das Resultat waren Ballgewinne in der gegnerischen H\u00e4lfte, die uns schnell in Abschlusspositionen bringen konnten. Einzig der letzte Pass oder der Abschluss lie\u00df noch die letzte Pr\u00e4zision vermissen. Ein Tor war nun nur noch eine Frage der Zeit.<\/p>\n<p>In der 57. Minute platzte endlich der Knoten. Nach einem Einwurf gelang es uns den Ball tief in der gegnerischen H\u00e4lfte zu erobern, Ismail steckte geistesgegenw\u00e4rtig auf Paul in den Halbraum und der fackelte nicht lange, sondern h\u00e4mmerte die Kugel mit dem ersten Kontakt in die Maschen. Nun galt es nur genauso weiterzumachen, um dem Spiel noch die entscheidende Wendung zu geben.<\/p>\n<p>Nur wenige Minuten sp\u00e4ter sah es danach aus, als k\u00f6nnte uns dieses Vorhaben gelingen. In der 64. Minute lie\u00df Carlo im linken Mittelfeld auf Johann Balster klatschen und dieser hob den Ball in den rechten Halbraum. Dort war erneut Paul zu finden, der den Ball abermals mit dem ersten Kontakt verwandelte. Dieses Mal war es ein gef\u00fchlvoller Heber, der auf 1:2 stellte.<\/p>\n<p>Auch in der Folge behielten wir die Oberhand. Allenfalls \u00fcber Kontersituationen konnte man uns noch gef\u00e4hrlich werden. Eine solche war es dann auch, die uns den n\u00e4chsten R\u00fcckschlag versetzte. Einen langen Ball in unser Defensivzentrum lief Moritz unter Gegnerdruck ab und spielte den Ball zur\u00fcck zu Hanno. F\u00fcr diesen sah es allerdings so aus, als w\u00e4re das Spielger\u00e4t vom Gegenspieler gekommen und so nahm er wie selbstverst\u00e4ndlich den Ball auf. Gem\u00e4\u00df R\u00fcckpassregel f\u00fchrte dies leider folgerichtig zu einem indirekten Freisto\u00df innerhalb des Strafraums, der letztendlich im Netz untergebracht werden konnte (68. Minute). Nat\u00fcrlich war das \u00e4rgerlich, sch\u00f6n war in dieser Hinsicht jedoch, dass niemand Hanno einen Vorwurf machte, sondern stattdessen aufmunternde Worte gefunden wurden. Wir sind uns alle sicher, dass ihm ein solcher Fauxpas nicht noch einmal unterlaufen wird.<\/p>\n<p>Statt nun die K\u00f6pfe h\u00e4ngen zu lassen oder in Panik das 2:2 zu verteidigen versuchten wir nun mit aller Macht erneut in F\u00fchrung zu gehen. Chancen dazu waren da, am Ende scheiterten wir jedoch knapp am Torh\u00fcter oder unserer mangelnden Pr\u00e4zision. So stand am Ende ein \u00e4rgerliches, aber aufgrund unserer fehlenden Treffsicherheit insgesamt verdientes Unentschieden.<\/p>\n<p>Der erste Punkt ist damit auf unserem Konto. Nun wollen wir weiter flei\u00dfig sammeln, um uns f\u00fcr die OM-Liga zu qualifizieren. Weiter geht es bereits am kommenden Wochenende (30.08. 10:30 Uhr) mit dem n\u00e4chsten Knaller. Wir empfangen die JSG Neuenkirchen-V\u00f6rden zur Revanche und wollen zeigen, dass die Niederlage im Pokalspiel nicht unser Leistungsverm\u00f6gen wiederspiegelt. Zuschauer sind nat\u00fcrlich immer gerne gesehen!<\/p>\n<p>Mit freundlichen Gr\u00fc\u00dfen<\/p>\n<p>Coach P.<\/p>\n<p><a href=\"https:\/\/sw-osterfeine.de\/wp-content\/uploads\/2026\/09\/Jan-Bernd_.jpg\" data-rel=\"lightbox-image-0\" data-rl_title=\"\" data-rl_caption=\"\" title=\"\"><img loading=\"lazy\" decoding=\"async\" class=\"alignleft size-full wp-image-39744\" src=\"https:\/\/sw-osterfeine.de\/wp-content\/uploads\/2026\/09\/Jan-Bernd_.jpg\" alt=\"\" width=\"460\" height=\"700\" srcset=\"https:\/\/sw-osterfeine.de\/wp-content\/uploads\/2026\/09\/Jan-Bernd_.jpg 460w, https:\/\/sw-osterfeine.de\/wp-content\/uploads\/2026\/09\/Jan-Bernd_-197x300.jpg 197w\" sizes=\"(max-width: 460px) 100vw, 460px\" \/><\/a><\/p>\n<p>Tore: \u00a0\u00a0\u00a0 1:0 Adrian Hogeback; 02. Minute<\/p>\n<p>\u00a0\u00a0\u00a0\u00a0\u00a0\u00a0\u00a0\u00a0\u00a0\u00a0\u00a0\u00a0\u00a0\u00a0\u00a0 1:1 Paul Gieskemeyer (Ismail Saleem); 57. Minute<\/p>\n<p>\u00a0\u00a0\u00a0\u00a0\u00a0\u00a0\u00a0\u00a0\u00a0\u00a0\u00a0\u00a0\u00a0\u00a0\u00a0 1:2 Paul Gieskemeyer (Johann Balster); 64. Minute<\/p>\n<p>\u00a0\u00a0\u00a0\u00a0\u00a0\u00a0\u00a0\u00a0\u00a0\u00a0\u00a0\u00a0\u00a0\u00a0\u00a0 2:2 Lasse Feldhaus; 68. Minute<\/p>\n<p>\u00a0<\/p>\n<p>\u00a0<\/p>\n","protected":false},"excerpt":{"rendered":"<p>JSG ReGoLu \u2013 SW Osterfeine 2:2 Ligastart f\u00fcr die B-Jugend! Nach unserer weitgehend blutleeren Vorstellung im Pokalspiel konnten wir uns nun voll und ganz auf die Kreisliga konzentrieren und wollten hier zeigen, dass wir es besser k\u00f6nnen. Dazu reisten wir direkt in die Ferne zur JSG ReGoLu (Rechterfeld\/Goldenstedt\/Lutten). Mit einem leicht dezimierten Kader traten wir [&hellip;]<\/p>\n","protected":false},"author":3,"featured_media":0,"comment_status":"closed","ping_status":"closed","sticky":false,"template":"","format":"standard","meta":{"footnotes":""},"categories":[3],"tags":[],"_links":{"self":[{"href":"https:\/\/sw-osterfeine.de\/index.php?rest_route=\/wp\/v2\/posts\/39743"}],"collection":[{"href":"https:\/\/sw-osterfeine.de\/index.php?rest_route=\/wp\/v2\/posts"}],"about":[{"href":"https:\/\/sw-osterfeine.de\/index.php?rest_route=\/wp\/v2\/types\/post"}],"author":[{"embeddable":true,"href":"https:\/\/sw-osterfeine.de\/index.php?rest_route=\/wp\/v2\/users\/3"}],"replies":[{"embeddable":true,"href":"https:\/\/sw-osterfeine.de\/index.php?rest_route=%2Fwp%2Fv2%2Fcomments&post=39743"}],"version-history":[{"count":2,"href":"https:\/\/sw-osterfeine.de\/index.php?rest_route=\/wp\/v2\/posts\/39743\/revisions"}],"predecessor-version":[{"id":39746,"href":"https:\/\/sw-osterfeine.de\/index.php?rest_route=\/wp\/v2\/posts\/39743\/revisions\/39746"}],"wp:attachment":[{"href":"https:\/\/sw-osterfeine.de\/index.php?rest_route=%2Fwp%2Fv2%2Fmedia&parent=39743"}],"wp:term":[{"taxonomy":"category","embeddable":true,"href":"https:\/\/sw-osterfeine.de\/index.php?rest_route=%2Fwp%2Fv2%2Fcategories&post=39743"},{"taxonomy":"post_tag","embeddable":true,"href":"https:\/\/sw-osterfeine.de\/index.php?rest_route=%2Fwp%2Fv2%2Ftags&post=39743"}],"curies":[{"name":"wp","href":"https:\/\/api.w.org\/{rel}","templated":true}]}}